{"id":966928,"date":"2026-05-30T15:35:22","date_gmt":"2026-05-30T15:35:22","guid":{"rendered":"https:\/\/www.europesays.com\/fr\/966928\/"},"modified":"2026-05-30T15:35:22","modified_gmt":"2026-05-30T15:35:22","slug":"cette-substance-vient-detre-detectee-en-grande-quantite-dans-des-cerveaux-humains-et-les-chercheurs-salarment","status":"publish","type":"post","link":"https:\/\/www.europesays.com\/fr\/966928\/","title":{"rendered":"Cette substance vient d&rsquo;\u00eatre d\u00e9tect\u00e9e en grande quantit\u00e9 dans des cerveaux humains et les chercheurs s&rsquo;alarment"},"content":{"rendered":"<p>L&rsquo;augmentation des concentrations mondiales de micro- et nanoplastiques environnementaux suscite des inqui\u00e9tudes quant \u00e0 l&rsquo;exposition humaine et aux effets sur la sant\u00e9. Alors que des traces de <a href=\"https:\/\/www.futura-sciences.com\/maison\/definitions\/gaz-naturel-plastique-13438\/\" rel=\"nofollow noopener\" target=\"_blank\">plastiques<\/a> ont d\u00e9j\u00e0 \u00e9t\u00e9 retrouv\u00e9es dans divers organes, des chercheurs am\u00e9ricains viennent d&rsquo;en identifier dans des <a href=\"https:\/\/www.futura-sciences.com\/sante\/actualites\/cerveau-microplastiques-notre-environnement-alterent-fonctionnement-notre-cerveau-105005\/\" title=\"Les microplastiques dans notre environnement alt\u00e8rent le fonctionnement de notre cerveau\" rel=\"nofollow noopener\" target=\"_blank\">cerveaux<\/a> humains.<\/p>\n<p>Une <a href=\"https:\/\/www.ncbi.nlm.nih.gov\/pmc\/articles\/PMC11100893\/\" rel=\"nofollow noopener\" target=\"_blank\">\u00e9tude<\/a> scientifique vient de r\u00e9v\u00e9ler une d\u00e9couverte inqui\u00e9tante : la pr\u00e9sence de microparticules de plastique dans les tissus c\u00e9r\u00e9braux humains. Cette recherche &#8211; conduite au sein de l&rsquo;Universit\u00e9 du Nouveau-Mexique &#8212;\u00a0s&rsquo;inscrit dans une s\u00e9rie de travaux qui ont d\u00e9j\u00e0 mis en \u00e9vidence la pr\u00e9sence de ces minuscules particules, pas plus grandes qu&rsquo;un grain de <a href=\"https:\/\/www.futura-sciences.com\/planete\/definitions\/geologie-sable-6009\/\" rel=\"nofollow noopener\" target=\"_blank\">sable<\/a>, dans presque tous les organes du corps humain :\u00a0<a href=\"https:\/\/www.futura-sciences.com\/sante\/actualites\/grossesse-nanoparticules-dioxyde-titane-traversent-placenta-83497\/\" title=\"Les nanoparticules de dioxyde de titane traversent le placenta\" rel=\"nofollow noopener\" target=\"_blank\">placenta<\/a>, tissus\u00a0testiculaires, sang&#8230;<\/p>\n<p>\n            <img decoding=\"async\" data-imgid=\"sm\" src=\"https:\/\/www.europesays.com\/fr\/wp-content\/uploads\/2026\/05\/sperme.jpeg\" width=\"320\" height=\"320\" alt=\"Des traces de plastique ont \u00e9t\u00e9 retrouv\u00e9s dans\u00a0les \u00e9chantillons de sperme \u00e9tudi\u00e9s.\u00a0\u00a9\u00a0PhilipSebastian, Adobe Stock\" loading=\"lazy\"\/><br \/>\n        <a href=\"https:\/\/www.futura-sciences.com\/sante\/actualites\/sperme-microplastiques-effets-divers-decouverts-sperme-humain-114029\/\" class=\"article-link\" target=\"_blank\" rel=\"nofollow noopener\"><br \/>\n        Des microplastiques aux effets divers d\u00e9couverts dans le sperme humain<\/p>\n<p><\/a><\/p>\n<p class=\"article-synopsis\">\n        Des scientifiques chinois ont \u00e9tudi\u00e9 le lien entre l&rsquo;exposition aux microplastiques et la fertilit\u00e9 masculine. En analysant pr\u00e8s d&rsquo;une quarantaine d&rsquo;\u00e9chantillons de sperme, ils ont d\u00e9tect\u00e9 des traces de plastique dans chacun d&rsquo;eux et observ\u00e9 une diff\u00e9rence de mobilit\u00e9 des spermatozo\u00efdes, potentiellement influenc\u00e9e par le type de plastique&#8230;. Lire la suite\n    <\/p>\n<\/p>\n<p>L&rsquo;\u00e9quipe de chercheurs a analys\u00e9 des \u00e9chantillons de foie, de rein et de <a href=\"https:\/\/www.futura-sciences.com\/sante\/actualites\/pollution-air-meme-niveaux-surs-pollution-air-perturbe-developpement-cerveau-106033\/\" title=\"M\u00eame \u00e0 des niveaux \u00ab s\u00fbrs \u00bb, la pollution de l&#039;air perturbe le d\u00e9veloppement du cerveau\" rel=\"nofollow noopener\" target=\"_blank\">cerveau<\/a> provenant de cadavres humains. Les r\u00e9sultats, encore en cours de validation, ont tout de m\u00eame \u00e9t\u00e9 partag\u00e9s par les\u00a0<a href=\"https:\/\/www.ncbi.nlm.nih.gov\/pmc\/articles\/PMC11100893\/\" title=\"Bioaccumulation de microplastiques dans le cerveau de personnes d\u00e9c\u00e9d\u00e9es \u00e9valu\u00e9e par pyrolyse-chromatographie en phase gazeuse-spectrom\u00e9trie de masse\" rel=\"nofollow noopener\" target=\"_blank\">National Institutes of Health<\/a>\u00a0aux \u00c9tats-Unis. Ils montrent que les tissus c\u00e9r\u00e9braux contiennent jusqu&rsquo;\u00e0 20 fois plus de plastiques que les autres organes \u00e9tudi\u00e9s (principalement du <a href=\"https:\/\/pubmed.ncbi.nlm.nih.gov\/38745431\/\" rel=\"nofollow noopener\" target=\"_blank\">poly\u00e9thyl\u00e8ne<\/a>).<\/p>\n<p class=\"fs-media\">\n<p><img decoding=\"async\" data-imgid=\"full\" src=\"https:\/\/www.europesays.com\/fr\/wp-content\/uploads\/2026\/05\/microplastique-pollution-cerveau.jpg\" width=\"1080\" height=\"1921\" alt=\"\" loading=\"lazy\"\/><br \/>\nLes concentrations de microplastique dans le cerveau s&rsquo;accumulent et augmentent avec le temps. \u00a9 SIVStockStudio, Shutterstock.com <\/p>\n<p>99,5 % de cerveau et\u00a00,5 % de plastique<\/p>\n<p>Cit\u00e9 par la cha\u00eene CNN, Matthew Campen, principal auteur de ce travail explique que \u00ab\u00a0c&rsquo;est assez alarmant. Il y a beaucoup plus de plastique dans nos cerveaux que je n&rsquo;aurais jamais pu l&rsquo;imaginer. Par rapport aux \u00e9chantillons de cerveaux autopsi\u00e9s de 2016, c&rsquo;est environ 50 % de plus. Les \u00e9chantillons de 2024 contenaient 0,5 % de plastique en termes de poids\u00a0\u00bb.<\/p>\n<p>Ces r\u00e9sultats montrent que les <a href=\"https:\/\/www.futura-sciences.com\/sante\/actualites\/organe-scientifiques-ont-etudie-devenir-nos-voies-respiratoires-quantite-colossale-microplastique-nous-inhalons-chaque-jour-49511\/\" title=\"Les scientifiques ont \u00e9tudi\u00e9 le devenir dans nos voies respiratoires de la quantit\u00e9 colossale de microplastique que nous inhalons chaque jour\" rel=\"nofollow noopener\" target=\"_blank\">microplastiques<\/a> s&rsquo;accumulent dans le cerveau humain et que les concentrations augmentent avec le temps.<\/p>\n<p>\n            <img decoding=\"async\" data-imgid=\"sm\" src=\"https:\/\/www.europesays.com\/fr\/wp-content\/uploads\/2026\/05\/microplastiques-alimentation.png\" width=\"320\" height=\"320\" alt=\"Transport\u00e9s par l\u2019air, l\u2019eau et les emballages, les microplastiques p\u00e9n\u00e8trent insidieusement dans notre cha\u00eene alimentaire. Leur accumulation pose d\u00e9j\u00e0 un probl\u00e8me majeur pour les \u00e9cosyst\u00e8mes\u00a0et de plus en plus d\u2019\u00e9tudes questionnent d\u00e9sormais leurs effets sur la sant\u00e9 humaine. \u00a9 XD, ChatGPT\" loading=\"lazy\"\/><br \/>\n        <a href=\"https:\/\/www.futura-sciences.com\/sante\/actualites\/microplastiques-microplastiques-ce-scientifiques-ont-decouverts-notre-ventre-devient-preoccupant-134078\/\" class=\"article-link\" target=\"_blank\" rel=\"nofollow noopener\"><br \/>\n        Microplastiques : ce que les scientifiques ont d\u00e9couvert dans notre ventre devient pr\u00e9occupant<\/p>\n<p><\/a><\/p>\n<p class=\"article-synopsis\">\n        On savait d\u00e9j\u00e0 les microplastiques omnipr\u00e9sents dans notre environnement. De nouvelles recherches sugg\u00e8rent d\u00e9sormais qu\u2019ils pourraient aussi d\u00e9s\u00e9quilibrer silencieusement notre flore intestinale, au point d\u2019augmenter le risque de maladies inflammatoires chroniques comme Crohn&#8230;. Lire la suite\n    <\/p>\n<\/p>\n<p>Bien que les implications \u00e0 long terme de cette accumulation dans le corps humain restent \u00e0 d\u00e9terminer, des \u00e9tudes ant\u00e9rieures ont d\u00e9j\u00e0 d\u00e9montr\u00e9 que ces particules peuvent endommager les cellules humaines. Ainsi, dans le travail qui nous int\u00e9resse, les scientifiques ont observ\u00e9, sans pour autant \u00e9tablir de lien de cause \u00e0 effet, beaucoup plus de plastique dans le cerveau des personnes d\u00e9c\u00e9d\u00e9es \u00e0 la suite d&rsquo;une <a href=\"https:\/\/www.futura-sciences.com\/sante\/actualites\/pollution-air-cest-menace-croissante-sante-cerveau-fumee-feux-foret-fait-bondir-risques-demence-114957\/\" title=\"C\u2019est \u00ab\u00a0une menace croissante pour la sant\u00e9 du cerveau\u00a0\u00bb : la fum\u00e9e des feux de for\u00eat fait bondir les risques de d\u00e9mence\" rel=\"nofollow noopener\" target=\"_blank\">d\u00e9mence<\/a>, que chez les sujets sains.<\/p>\n<p>\u00c0 noter : cette d\u00e9couverte s&rsquo;ajoute \u00e0 une liste croissante de preuves de l&rsquo;omnipr\u00e9sence des <a href=\"https:\/\/www.futura-sciences.com\/planete\/breves\/pollution-plastique-microplastiques-decouverts-premiere-fois-antarctique-2453\/\" title=\"Des microplastiques d\u00e9couverts pour la premi\u00e8re fois en Antarctique\" rel=\"nofollow noopener\" target=\"_blank\">microplastiques<\/a> dans notre environnement. Des \u00e9tudes ant\u00e9rieures ont d\u00e9tect\u00e9 ces particules dans des lieux aussi divers que la <a href=\"https:\/\/www.futura-sciences.com\/planete\/definitions\/geographie-mer-mediterranee-21171\/\" rel=\"nofollow noopener\" target=\"_blank\">mer M\u00e9diterran\u00e9e<\/a>, au sommet des\u00a0<a href=\"https:\/\/www.futura-sciences.com\/planete\/actualites\/pollution-plastique-microplastiques-venus-afrique-amerique-nord-retrouves-pyrenees-95715\/\" title=\"Des microplastiques venus d&#039;Afrique ou d\u2019Am\u00e9rique du Nord retrouv\u00e9s dans les Pyr\u00e9n\u00e9es\" rel=\"nofollow noopener\" target=\"_blank\">Pyr\u00e9n\u00e9es<\/a>\u00a0et dans de nombreux\u00a0<a href=\"https:\/\/www.futura-sciences.com\/sante\/actualites\/corps-humain-voici-pays-on-mange-respire-plus-microplastiques-113614\/\" title=\"Voici les pays o\u00f9 l&#039;on mange et respire le plus de microplastiques\" rel=\"nofollow noopener\" target=\"_blank\">aliments<\/a>.<\/p>\n","protected":false},"excerpt":{"rendered":"L&rsquo;augmentation des concentrations mondiales de micro- et nanoplastiques environnementaux suscite des inqui\u00e9tudes quant \u00e0 l&rsquo;exposition humaine et aux&hellip;\n","protected":false},"author":2,"featured_media":966929,"comment_status":"","ping_status":"","sticky":false,"template":"","format":"standard","meta":{"footnotes":"","_share_on_mastodon":"0"},"categories":[10],"tags":[10258,101954,101953,94784,231,281,19899,1011,27,72,67849,67850,31181,71,95025],"class_list":["post-966928","post","type-post","status-publish","format-standard","has-post-thumbnail","category-sante","tag-autopsie","tag-autopsie-du-cerveau","tag-barriere-hemato-encephalique","tag-cellules-humaines","tag-cerveau","tag-demence","tag-fertilite","tag-fr","tag-france","tag-health","tag-microplastique","tag-nanoplastique","tag-pollution-plastique","tag-sante","tag-tissus-cerebraux"],"share_on_mastodon":{"url":"https:\/\/pubeurope.com\/@fr\/116664266293798718","error":""},"_links":{"self":[{"href":"https:\/\/www.europesays.com\/fr\/wp-json\/wp\/v2\/posts\/966928","targetHints":{"allow":["GET"]}}],"collection":[{"href":"https:\/\/www.europesays.com\/fr\/wp-json\/wp\/v2\/posts"}],"about":[{"href":"https:\/\/www.europesays.com\/fr\/wp-json\/wp\/v2\/types\/post"}],"author":[{"embeddable":true,"href":"https:\/\/www.europesays.com\/fr\/wp-json\/wp\/v2\/users\/2"}],"replies":[{"embeddable":true,"href":"https:\/\/www.europesays.com\/fr\/wp-json\/wp\/v2\/comments?post=966928"}],"version-history":[{"count":0,"href":"https:\/\/www.europesays.com\/fr\/wp-json\/wp\/v2\/posts\/966928\/revisions"}],"wp:featuredmedia":[{"embeddable":true,"href":"https:\/\/www.europesays.com\/fr\/wp-json\/wp\/v2\/media\/966929"}],"wp:attachment":[{"href":"https:\/\/www.europesays.com\/fr\/wp-json\/wp\/v2\/media?parent=966928"}],"wp:term":[{"taxonomy":"category","embeddable":true,"href":"https:\/\/www.europesays.com\/fr\/wp-json\/wp\/v2\/categories?post=966928"},{"taxonomy":"post_tag","embeddable":true,"href":"https:\/\/www.europesays.com\/fr\/wp-json\/wp\/v2\/tags?post=966928"}],"curies":[{"name":"wp","href":"https:\/\/api.w.org\/{rel}","templated":true}]}}