{"id":96696,"date":"2025-05-13T11:32:08","date_gmt":"2025-05-13T11:32:08","guid":{"rendered":"https:\/\/www.europesays.com\/fr\/96696\/"},"modified":"2025-05-13T11:32:08","modified_gmt":"2025-05-13T11:32:08","slug":"cest-deja-fini-entre-novak-djokovic-et-andy-murray","status":"publish","type":"post","link":"https:\/\/www.europesays.com\/fr\/96696\/","title":{"rendered":"c\u2019est d\u00e9j\u00e0 fini entre Novak Djokovic et Andy Murray"},"content":{"rendered":"<p>\u00a0\u00bb<br \/>\n        data-script=\u00a0\u00bbhttps:\/\/static.lefigaro.fr\/widget-video\/short-ttl\/video\/index.js\u00a0\u00bb<br \/>\n    &gt;<\/p>\n<p>La collaboration entre les deux anciens num\u00e9ros un mondiaux n\u2019aura dur\u00e9 que six mois.<\/p>\n<p class=\"fig-paragraph\"><a href=\"http:\/\/www.lefigaro.fr\/sports\/tennis\/tennis-djokovic-annonce-a-geneve-avant-roland-garros-20250510\" data-fig-type=\"NewsFlash\" data-gtm-custom-categorie=\"navigation\" data-gtm-custom-action=\"crossclick\" data-gtm-custom-label=\"Contextuel\" data-gtm-event=\"customEventSPE\" data-fig-domain=\"LEFIGARO\" target=\"_blank\" rel=\"noopener\">Le Serbe<\/a>\u00a0a annonc\u00e9, ce mardi matin sur ses r\u00e9seaux sociaux, la fin de sa collaboration avec son ancien rival. \u00abMerci coach Andy, pour tout le dur labeur, les bons moments et le soutien ces six derniers mois, sur et hors des courts. J\u2019ai vraiment appr\u00e9ci\u00e9 approfondir notre amiti\u00e9\u00bb, a-t-il \u00e9crit sur ses r\u00e9seaux sociaux.<\/p>\n<p class=\"fig-paragraph\">L\u2019\u00c9cossais sera donc rest\u00e9 seulement six mois aux c\u00f4t\u00e9s de l\u2019homme aux 24 titres du Grand Chelem, leur duo<a href=\"http:\/\/www.lefigaro.fr\/sports\/tennis\/tennis-djokovic-murray-une-collaboration-xxl-decryptee-20241124\" data-fig-type=\"NewsFlash\" data-gtm-custom-categorie=\"navigation\" data-gtm-custom-action=\"crossclick\" data-gtm-custom-label=\"Contextuel\" data-gtm-event=\"customEventSPE\" data-fig-domain=\"LEFIGARO\" target=\"_blank\" rel=\"noopener\">\u00a0ayant \u00e9t\u00e9 officialis\u00e9 fin novembre dernier<\/a>. L\u2019association des deux champions, certes amis mais aux caract\u00e8res bien tremp\u00e9s, a intrigu\u00e9 et fait saliver les amoureux du tennis, tout en disant long sur les ambitions intactes du Serbe.<\/p>\n<p class=\"fig-paragraph\">\u00c0 la recherche d\u2019un grand nom pour l\u2019entra\u00eener\u00a0<a href=\"http:\/\/www.lefigaro.fr\/sports\/tennis\/tennis-novak-djokovic-se-separe-de-son-entraineur-goran-ivanisevic-20240327\" target=\"_blank\" data-fig-type=\"NewsFlash\" rel=\"noopener\" data-gtm-custom-categorie=\"navigation\" data-gtm-custom-action=\"crossclick\" data-gtm-custom-label=\"Contextuel\" data-gtm-event=\"customEventSPE\" data-fig-domain=\"LEFIGARO\">depuis sa s\u00e9paration avec Goran Ivanisevic\u00a0<\/a>fin mars dernier, Novak Djokovic, qui reste sur une saison blanche (<a href=\"http:\/\/www.lefigaro.fr\/sports\/jeux-olympiques\/tennis-jo-vainqueur-d-un-terrible-bras-de-fer-contre-alcaraz-djokovic-remporte-sa-premiere-medaille-d-or-20240804\" target=\"_blank\" data-fig-type=\"NewsFlash\" rel=\"noopener\" data-gtm-custom-categorie=\"navigation\" data-gtm-custom-action=\"crossclick\" data-gtm-custom-label=\"Contextuel\" data-gtm-event=\"customEventSPE\" data-fig-domain=\"LEFIGARO\">hormis son sacre aux JO de Paris),\u00a0<\/a>avait r\u00e9ussi \u00e0 convaincre son ancien grand rival, fra\u00eechement retrait\u00e9, d\u2019accepter le job. Ces derni\u00e8res ann\u00e9es, Djokovic a pris l\u2019habitude de s\u2019entourer d\u2019anciennes stars, de Boris Becker en 2013 \u00e0 Ivanisevic en passant par Andr\u00e9 Agassi en 2017. Andy Murray, lui a longtemps collabor\u00e9 avec Ivan Lendl.<\/p>\n<p>Depuis sa finale perdue \u00e0 Miami, le n\u00b07 mondial encha\u00eene les mauvais r\u00e9sultats sur terre battue<\/p>\n<p class=\"fig-paragraph\">Les deux hommes ont fait leurs premiers pas en janvier lors de l\u2019Open d\u2019Australie. Apr\u00e8s\u00a0<a href=\"https:\/\/www.lefigaro.fr\/sports\/tennis\/open-australie\/en-direct-open-d-australie-sabalenka-en-piste-en-attendant-le-choc-djokovic-alcaraz-20250121\" data-fig-type=\"Live\" data-gtm-custom-categorie=\"navigation\" data-gtm-custom-action=\"crossclick\" data-gtm-custom-label=\"Contextuel\" data-gtm-event=\"customEventSPE\" data-fig-domain=\"LEFIGARO\" target=\"_blank\" rel=\"noopener\">avoir \u00e9limin\u00e9 Carlos Alcaraz<\/a>\u00a0en quarts de finale \u00e0 Melbourne, Novak Djokovic avait, bless\u00e9, \u00e9t\u00e9 contraint de renoncer en demi-finales contre Alexander Zverev \u00e0 la fin du 1er set perdu au tie-break. \u00c0 l\u2019issue du tournoi, Djokovic avait d\u2019ailleurs indiqu\u00e9\u00a0:\u00a0\u00abJe vais certainement discuter avec Andy et le remercier d\u2019avoir \u00e9t\u00e9 ici avec moi. Je lui donnerai mon avis qui est bien s\u00fbr positif et je verrai ce qu\u2019il ressent avant de passer \u00e0 l\u2019\u00e9tape suivante.\u00bb<\/p>\n<p class=\"fig-paragraph\"><a href=\"http:\/\/www.lefigaro.fr\/sports\/tennis\/tennis-djokovic-prive-d-un-100e-titre-a-miami-apres-sa-defaite-face-au-jeune-tcheque-mensik-20250331\" data-fig-type=\"NewsFlash\" data-gtm-custom-categorie=\"navigation\" data-gtm-custom-action=\"crossclick\" data-gtm-custom-label=\"Contextuel\" data-gtm-event=\"customEventSPE\" data-fig-domain=\"LEFIGARO\" target=\"_blank\" rel=\"noopener\">Mais depuis sa finale perdue \u00e0 Miami<\/a>, rien ne va plus pour le num\u00e9ro 7 mondial qui encha\u00eene les mauvais r\u00e9sultats sur terre battue. Le Serbe de 37 ans, qui a d\u00e9clar\u00e9 forfait mardi pour le Masters 1000 de Rome, s\u2019est inclin\u00e9 d\u2019entr\u00e9e sur la terre battue de Monte-Carlo,\u00a0<a href=\"http:\/\/www.lefigaro.fr\/sports\/tennis\/tennis-c-etait-peut-etre-mon-dernier-match-a-madrid-annonce-novak-djokovic-20250426\" target=\"_blank\" data-fig-type=\"NewsFlash\" rel=\"noopener\" data-gtm-custom-categorie=\"navigation\" data-gtm-custom-action=\"crossclick\" data-gtm-custom-label=\"Contextuel\" data-gtm-event=\"customEventSPE\" data-fig-domain=\"LEFIGARO\">puis celle de Madrid.<\/a><\/p>\n<p class=\"fig-paragraph\">Depuis son abandon en Australie, Djokovic n\u2019a disput\u00e9 que cinq tournois et a chut\u00e9 d\u00e8s son entr\u00e9e en lice \u00e0 quatre reprises. Un bilan catastrophique \u00e0 moins de deux semaines de Roland-Garros. Pour tenter de relancer la machine, le triple laur\u00e9at Porte d\u2019Auteuil s\u2019est inscrit \u00e0 l\u2019ATP 250 de Gen\u00e8ve la semaine prochaine. Ce sera donc sans Andy Murray.<\/p>\n","protected":false},"excerpt":{"rendered":"\u00a0\u00bb data-script=\u00a0\u00bbhttps:\/\/static.lefigaro.fr\/widget-video\/short-ttl\/video\/index.js\u00a0\u00bb &gt; La collaboration entre les deux anciens num\u00e9ros un mondiaux n\u2019aura dur\u00e9 que six mois. Le&hellip;\n","protected":false},"author":2,"featured_media":96697,"comment_status":"","ping_status":"","sticky":false,"template":"","format":"standard","meta":{"footnotes":""},"categories":[1415],"tags":[47,4737,4169,525,1981,4178,4179,1011,27,1114,3996,4177,4176,4174,6433,4175,1980,4171,60,1467,4172,4173,4170],"class_list":{"0":"post-96696","1":"post","2":"type-post","3":"status-publish","4":"format-standard","5":"has-post-thumbnail","7":"category-tennis","8":"tag-actualite","9":"tag-andy-murray","10":"tag-atp","11":"tag-calendrier","12":"tag-classement","13":"tag-coupe-davis","14":"tag-fed-cup","15":"tag-fr","16":"tag-france","17":"tag-infos","18":"tag-jeux-olympiques","19":"tag-masters-1000","20":"tag-masters-500","21":"tag-masters-series","22":"tag-novak-djokovic","23":"tag-open-daustralie","24":"tag-resultats","25":"tag-roland-garros","26":"tag-sports","27":"tag-tennis","28":"tag-us-open","29":"tag-wimbledon","30":"tag-wta"},"share_on_mastodon":{"url":"https:\/\/pubeurope.com\/@fr\/114500307720533906","error":""},"_links":{"self":[{"href":"https:\/\/www.europesays.com\/fr\/wp-json\/wp\/v2\/posts\/96696","targetHints":{"allow":["GET"]}}],"collection":[{"href":"https:\/\/www.europesays.com\/fr\/wp-json\/wp\/v2\/posts"}],"about":[{"href":"https:\/\/www.europesays.com\/fr\/wp-json\/wp\/v2\/types\/post"}],"author":[{"embeddable":true,"href":"https:\/\/www.europesays.com\/fr\/wp-json\/wp\/v2\/users\/2"}],"replies":[{"embeddable":true,"href":"https:\/\/www.europesays.com\/fr\/wp-json\/wp\/v2\/comments?post=96696"}],"version-history":[{"count":0,"href":"https:\/\/www.europesays.com\/fr\/wp-json\/wp\/v2\/posts\/96696\/revisions"}],"wp:featuredmedia":[{"embeddable":true,"href":"https:\/\/www.europesays.com\/fr\/wp-json\/wp\/v2\/media\/96697"}],"wp:attachment":[{"href":"https:\/\/www.europesays.com\/fr\/wp-json\/wp\/v2\/media?parent=96696"}],"wp:term":[{"taxonomy":"category","embeddable":true,"href":"https:\/\/www.europesays.com\/fr\/wp-json\/wp\/v2\/categories?post=96696"},{"taxonomy":"post_tag","embeddable":true,"href":"https:\/\/www.europesays.com\/fr\/wp-json\/wp\/v2\/tags?post=96696"}],"curies":[{"name":"wp","href":"https:\/\/api.w.org\/{rel}","templated":true}]}}