{"id":967013,"date":"2026-05-30T16:24:23","date_gmt":"2026-05-30T16:24:23","guid":{"rendered":"https:\/\/www.europesays.com\/fr\/967013\/"},"modified":"2026-05-30T16:24:23","modified_gmt":"2026-05-30T16:24:23","slug":"les-etats-unis-affirment-avoir-immobilise-un-autre-navire-marchand","status":"publish","type":"post","link":"https:\/\/www.europesays.com\/fr\/967013\/","title":{"rendered":"Les \u00c9tats-Unis affirment avoir immobilis\u00e9 un autre navire marchand"},"content":{"rendered":"<p>L\u2019arm\u00e9e am\u00e9ricaine a intercept\u00e9 un autre navire marchand qui tentait de forcer le blocus am\u00e9ricain des ports iraniens, a d\u00e9clar\u00e9 samedi \u00e0 l\u2019Associated Press un responsable am\u00e9ricain au fait de la situation.<\/p>\n<p>Le vraquier Lian Star, battant pavillon gambien, a ignor\u00e9 plusieurs avertissements des forces am\u00e9ricaines pendant la nuit alors qu\u2019il tentait d\u2019entrer dans un port iranien, a indiqu\u00e9 ce responsable, qui s\u2019est exprim\u00e9 sous le couvert de l\u2019anonymat pour \u00e9voquer ces op\u00e9rations militaires. <\/p>\n<p>Le navire a \u00e9t\u00e9 mis hors d\u2019\u00e9tat de naviguer par des avions am\u00e9ricains dans le golfe d\u2019Oman et y d\u00e9rive toujours, a pr\u00e9cis\u00e9 le responsable, ajoutant que les forces am\u00e9ricaines n\u2019avaient pas abord\u00e9 le navire.<\/p>\n<p>Avec cette derni\u00e8re intervention, l\u2019arm\u00e9e am\u00e9ricaine a maintenant intercept\u00e9 six navires qui tentaient de forcer le blocus. Un seul a \u00e9t\u00e9 autoris\u00e9 \u00e0 poursuivre sa route.<\/p>\n<p>Les \u00c9tats-Unis ont lanc\u00e9 le blocus le 17\u00a0avril en r\u00e9ponse \u00e0 la fermeture du d\u00e9troit d\u2019Ormuz par l\u2019Iran apr\u00e8s le d\u00e9but de la guerre, \u00e0 la suite des frappes am\u00e9ricaines et isra\u00e9liennes du 28\u00a0f\u00e9vrier. Un cessez-le-feu fragile tient depuis le 7\u00a0avril. <\/p>\n<p>\u00c0 pr\u00e9sent, la r\u00e9gion et le reste du monde attendent de savoir si un accord sera conclu pour prolonger la tr\u00eave de 60\u00a0jours, tandis que de nouvelles n\u00e9gociations auraient lieu sur le programme nucl\u00e9aire controvers\u00e9 de l\u2019Iran.<\/p>\n<p>Les \u00e9v\u00e9nements survenus dans le d\u00e9troit d\u2019Ormuz entre l\u2019Iran et Oman ont \u00e9branl\u00e9 l\u2019\u00e9conomie mondiale, les exp\u00e9ditions d\u2019importantes quantit\u00e9s de p\u00e9trole, de gaz naturel et de produits connexes, tels que les engrais, \u00e9tant en grande partie bloqu\u00e9es, ce qui accro\u00eet la pression sur les consommateurs et les producteurs alimentaires.<\/p>\n<p>Le blocus am\u00e9ricain vise \u00e0 limiter les exp\u00e9ditions de l\u2019Iran et \u00e0 r\u00e9duire encore davantage son acc\u00e8s aux liquidit\u00e9s, ce qui aggrave la situation d\u2019une \u00e9conomie d\u00e9j\u00e0 affaiblie. <\/p>\n<p>Le pr\u00e9sident am\u00e9ricain Donald Trump a rencontr\u00e9 ses conseillers vendredi, mais n\u2019a pas encore d\u00e9cid\u00e9 s\u2019il allait donner son feu vert \u00e0 un accord visant \u00e0 prolonger le cessez-le-feu et \u00e0 rouvrir le d\u00e9troit. L\u2019Iran a d\u00e9clar\u00e9 que l\u2019accord n\u2019avait pas encore \u00e9t\u00e9 finalis\u00e9.<\/p>\n","protected":false},"excerpt":{"rendered":"L\u2019arm\u00e9e am\u00e9ricaine a intercept\u00e9 un autre navire marchand qui tentait de forcer le blocus am\u00e9ricain des ports iraniens,&hellip;\n","protected":false},"author":2,"featured_media":967014,"comment_status":"","ping_status":"","sticky":false,"template":"","format":"standard","meta":{"footnotes":"","_share_on_mastodon":"0"},"categories":[1589],"tags":[11,73,1866,4574,17886,1854,4576,17887,21611,12,1864,1865,1863,308],"class_list":["post-967013","post","type-post","status-publish","format-standard","has-post-thumbnail","category-etats-unis","tag-actualites","tag-etats-unis","tag-etats-unis-damerique","tag-https-lactualite-com-sujet-affaires","tag-https-lactualite-com-sujet-hydrocarbures","tag-https-lactualite-com-sujet-international","tag-https-lactualite-com-sujet-politique","tag-https-lactualite-com-sujet-services-publics","tag-https-lactualite-com-sujet-transport","tag-news","tag-united-states","tag-united-states-of-america","tag-us","tag-usa"],"share_on_mastodon":{"url":"https:\/\/pubeurope.com\/@fr\/116664458871692367","error":""},"_links":{"self":[{"href":"https:\/\/www.europesays.com\/fr\/wp-json\/wp\/v2\/posts\/967013","targetHints":{"allow":["GET"]}}],"collection":[{"href":"https:\/\/www.europesays.com\/fr\/wp-json\/wp\/v2\/posts"}],"about":[{"href":"https:\/\/www.europesays.com\/fr\/wp-json\/wp\/v2\/types\/post"}],"author":[{"embeddable":true,"href":"https:\/\/www.europesays.com\/fr\/wp-json\/wp\/v2\/users\/2"}],"replies":[{"embeddable":true,"href":"https:\/\/www.europesays.com\/fr\/wp-json\/wp\/v2\/comments?post=967013"}],"version-history":[{"count":0,"href":"https:\/\/www.europesays.com\/fr\/wp-json\/wp\/v2\/posts\/967013\/revisions"}],"wp:featuredmedia":[{"embeddable":true,"href":"https:\/\/www.europesays.com\/fr\/wp-json\/wp\/v2\/media\/967014"}],"wp:attachment":[{"href":"https:\/\/www.europesays.com\/fr\/wp-json\/wp\/v2\/media?parent=967013"}],"wp:term":[{"taxonomy":"category","embeddable":true,"href":"https:\/\/www.europesays.com\/fr\/wp-json\/wp\/v2\/categories?post=967013"},{"taxonomy":"post_tag","embeddable":true,"href":"https:\/\/www.europesays.com\/fr\/wp-json\/wp\/v2\/tags?post=967013"}],"curies":[{"name":"wp","href":"https:\/\/api.w.org\/{rel}","templated":true}]}}