{"id":96729,"date":"2025-05-13T11:50:08","date_gmt":"2025-05-13T11:50:08","guid":{"rendered":"https:\/\/www.europesays.com\/fr\/96729\/"},"modified":"2025-05-13T11:50:08","modified_gmt":"2025-05-13T11:50:08","slug":"luniversite-de-grenoble-retire-en-urgence-des-oeuvres-dart-conspuant-les-males-blancs","status":"publish","type":"post","link":"https:\/\/www.europesays.com\/fr\/96729\/","title":{"rendered":"L\u2019Universit\u00e9 de Grenoble retire en urgence des \u0153uvres d\u2019art conspuant les \u00abm\u00e2les blancs\u00bb"},"content":{"rendered":"<p><strong>INFO LE FIGARO<\/strong> &#8211; Suite \u00e0 une p\u00e9tition lanc\u00e9e par l\u2019UNI, le pr\u00e9sident de l\u2019Universit\u00e9 Grenoble Alpes a demand\u00e9 le retrait de plusieurs inscriptions artistiques qui d\u00e9noncent les \u00abm\u00e2les blancs\u00bb et insinuent que seuls les Blancs sont coupables de racisme.<\/p>\n<p class=\"fig-paragraph\">Curieuse conception de l\u2019\u00e9galit\u00e9. Dans le cadre d\u2019un \u00abmois de l\u2019\u00e9galit\u00e9\u00bb organis\u00e9 en mars, et au cours duquel\u00a0<a href=\"http:\/\/www.lefigaro.fr\/actualite-france\/une-logique-de-propagande-de-lyon-a-grenoble-quand-l-universite-se-perd-dans-les-affres-de-l-islamo-gauchisme-20250423\" data-fig-type=\"Article\" data-gtm-custom-categorie=\"navigation\" data-gtm-custom-action=\"crossclick\" data-gtm-custom-label=\"Contextuel\" data-gtm-event=\"customEventSPE\" data-fig-domain=\"LEFIGARO\" target=\"_blank\" rel=\"noopener\">l\u2019Universit\u00e9 Grenoble Alpes<\/a>\u00a0invitait son personnel et ses \u00e9tudiants \u00e0 s\u2019engager contre le racisme et les discriminations, une quarantaine d\u2019inscriptions artistiques \u00e0 ce sujet ont \u00e9t\u00e9 appos\u00e9es sur les parois vitr\u00e9es de la galerie des amphith\u00e9\u00e2tres, dans le b\u00e2timent Pierre Mend\u00e8s\u00a0France du campus grenoblois de l\u2019universit\u00e9.<\/p>\n<p class=\"fig-paragraph\">Parmi ces messages, l\u2019un d\u2019eux clame notamment\u00a0: \u00abLe monde a mal. Normal, il est dirig\u00e9 par des blancs et des m\u00e2les\u00bb ; un autre\u00a0: \u00abLa Terre est monochrome comme un arc-en-ciel, le racisme est juste blanc\u00bb ; et un dernier\u00a0: \u00abAux \u00e9checs comme dans la vie, les blancs ont un coup d\u2019avance\u00bb. On y trouve \u00e9galement des slogans politiques comme\u00a0: \u00abJ\u2019aimerais grand-remplacer le gouvernement fran\u00e7ais\u00bb.<\/p>\n<p class=\"fig-paragraph\">Ces inscriptions constituent une \u0153uvre d\u2019art dont la r\u00e9alisation a \u00e9t\u00e9 confi\u00e9e \u00e0 l\u2019artiste Petite Poissone. Elles ont \u00e9t\u00e9 appos\u00e9es sur les murs de l\u2019\u00e9tablissement au d\u00e9but du mois de mars. Mais lundi 12 mai,\u00a0<a href=\"https:\/\/www.uni.asso.fr\/petition-luniversite-de-grenoble-doit-retirer-sa-propagande-anti-blancs\/\" target=\"_blank\" rel=\"nofollow noopener\" data-gtm-custom-categorie=\"navigation\" data-gtm-custom-action=\"crossclick\" data-gtm-custom-label=\"Contextuel\" data-gtm-event=\"customEventSPE\">une p\u00e9tition lanc\u00e9e par le syndicat \u00e9tudiant de droite UNI Grenoble<\/a>\u00a0a d\u00e9nonc\u00e9 la pr\u00e9sence de ces \u0153uvres, estimant qu\u2019elles constituent une \u00abpropagande anti-blancs\u00bb. \u00abCes messages inacceptables encouragent le racisme \u00e0 l\u2019encontre des personnes blanches et diffuse l\u2019id\u00e9e woke selon laquelle\u00a0<a href=\"http:\/\/www.lefigaro.fr\/vox\/societe\/samuel-fitoussi-existe-t-il-un-racisme-systemique-en-occident-20231126\" data-fig-type=\"Article\" data-gtm-custom-categorie=\"navigation\" data-gtm-custom-action=\"crossclick\" data-gtm-custom-label=\"Contextuel\" data-gtm-event=\"customEventSPE\" data-fig-domain=\"LEFIGARO\" target=\"_blank\" rel=\"noopener\">nous serions dans une soci\u00e9t\u00e9 syst\u00e9matiquement raciste<\/a> \u00bb, proteste le d\u00e9l\u00e9gu\u00e9 national de l\u2019UNI Yvenn Le Coz, qui a demand\u00e9 \u00e0 l\u2019administration de l\u2019universit\u00e9 de retirer ces \u0153uvres.<\/p>\n<p class=\"fig-paragraph\">Selon l\u2019entourage du pr\u00e9sident de l\u2019Universit\u00e9 Grenoble Alpes Yassine Lakhnech, ce dernier aurait d\u00e9couvert ces inscriptions apr\u00e8s l\u2019alerte de l\u2019UNI &#8211; ce qui signifierait que ni Yassine Lakhnech ni aucun membre de son entourage n\u2019ont emprunt\u00e9 la galerie des amphith\u00e9\u00e2tres depuis pr\u00e8s de deux mois&#8230; La pr\u00e9sidence de l\u2019universit\u00e9 assure n\u00e9anmoins au Figaro que ces messages \u00abne refl\u00e8tent pas les positions de l\u2019universit\u00e9 ni ses valeurs\u00bb et que ceux qui posent probl\u00e8me seront retir\u00e9s.<\/p>\n<p class=\"fig-paragraph\">Un communiqu\u00e9 viendra pr\u00e9ciser dans la journ\u00e9e les circonstances dans lesquelles ces inscriptions ont pu \u00eatre appos\u00e9es sans contr\u00f4le suffisant. Selon des \u00e9tudiants de l\u2019universit\u00e9, un premier tri avait pourtant d\u00e9j\u00e0 permis au personnel de l\u2019\u00e9tablissement d\u2019\u00e9carter une dizaine de messages parmi la cinquantaine propos\u00e9e par l\u2019artiste. Celle-ci, que la presse locale d\u00e9crit comme une Grenobloise de 42 ans, partage sur son compte Instagram de nombreuses \u0153uvres similaires (des inscriptions inspir\u00e9es du street-art et du style du c\u00e9l\u00e8bre artiste Ben) \u00e9voquant tour \u00e0 tour des messages po\u00e9tiques ou des slogans plus politiques, ciblant plusieurs personnalit\u00e9s \u00e9pingl\u00e9es par des mouvements f\u00e9ministes (Yann Moix, G\u00e9rard Depardieu&#8230;) ou d\u00e9non\u00e7ant une oppression patriarcale (\u00abl\u2019homme est la gale de la femme\u00bb).<\/p>\n","protected":false},"excerpt":{"rendered":"INFO LE FIGARO &#8211; Suite \u00e0 une p\u00e9tition lanc\u00e9e par l\u2019UNI, le pr\u00e9sident de l\u2019Universit\u00e9 Grenoble Alpes a&hellip;\n","protected":false},"author":2,"featured_media":96730,"comment_status":"","ping_status":"","sticky":false,"template":"","format":"standard","meta":{"footnotes":""},"categories":[4],"tags":[47,1058,1054,1059,1060,1055,11,1057,118,1011,27,2731,1061,303,12,1062,20616,25,656,104,1056,5768,809],"class_list":{"0":"post-96729","1":"post","2":"type-post","3":"status-publish","4":"format-standard","5":"has-post-thumbnail","7":"category-france","8":"tag-actualite","9":"tag-actualite-education","10":"tag-actualite-france","11":"tag-actualite-justice","12":"tag-actualite-securite","13":"tag-actualite-societe","14":"tag-actualites","15":"tag-education","16":"tag-faits-divers","17":"tag-fr","18":"tag-france","19":"tag-grenoble","20":"tag-immigration","21":"tag-justice","22":"tag-news","23":"tag-polemique","24":"tag-racisme-anti-blanc","25":"tag-republique-francaise","26":"tag-securite","27":"tag-societe","28":"tag-societe-francaise","29":"tag-universite","30":"tag-violence"},"share_on_mastodon":{"url":"https:\/\/pubeurope.com\/@fr\/114500378546227782","error":""},"_links":{"self":[{"href":"https:\/\/www.europesays.com\/fr\/wp-json\/wp\/v2\/posts\/96729","targetHints":{"allow":["GET"]}}],"collection":[{"href":"https:\/\/www.europesays.com\/fr\/wp-json\/wp\/v2\/posts"}],"about":[{"href":"https:\/\/www.europesays.com\/fr\/wp-json\/wp\/v2\/types\/post"}],"author":[{"embeddable":true,"href":"https:\/\/www.europesays.com\/fr\/wp-json\/wp\/v2\/users\/2"}],"replies":[{"embeddable":true,"href":"https:\/\/www.europesays.com\/fr\/wp-json\/wp\/v2\/comments?post=96729"}],"version-history":[{"count":0,"href":"https:\/\/www.europesays.com\/fr\/wp-json\/wp\/v2\/posts\/96729\/revisions"}],"wp:featuredmedia":[{"embeddable":true,"href":"https:\/\/www.europesays.com\/fr\/wp-json\/wp\/v2\/media\/96730"}],"wp:attachment":[{"href":"https:\/\/www.europesays.com\/fr\/wp-json\/wp\/v2\/media?parent=96729"}],"wp:term":[{"taxonomy":"category","embeddable":true,"href":"https:\/\/www.europesays.com\/fr\/wp-json\/wp\/v2\/categories?post=96729"},{"taxonomy":"post_tag","embeddable":true,"href":"https:\/\/www.europesays.com\/fr\/wp-json\/wp\/v2\/tags?post=96729"}],"curies":[{"name":"wp","href":"https:\/\/api.w.org\/{rel}","templated":true}]}}