{"id":96731,"date":"2025-05-13T11:51:10","date_gmt":"2025-05-13T11:51:10","guid":{"rendered":"https:\/\/www.europesays.com\/fr\/96731\/"},"modified":"2025-05-13T11:51:10","modified_gmt":"2025-05-13T11:51:10","slug":"paris-la-fille-dun-patron-de-la-cryptomonnaie-echappe-a-une-tentative-denlevement-en-pleine-rue","status":"publish","type":"post","link":"https:\/\/www.europesays.com\/fr\/96731\/","title":{"rendered":"Paris. La fille d&rsquo;un patron de la cryptomonnaie \u00e9chappe \u00e0 une tentative d&rsquo;enl\u00e8vement en pleine rue"},"content":{"rendered":"<p>Un couple a \u00e9chapp\u00e9 \u00e0 un enl\u00e8vement en plein Paris mardi matin, selon une vid\u00e9o authentifi\u00e9e par une source proche du dossier, confirmant une information du <a href=\"https:\/\/www.leparisien.fr\/faits-divers\/paris-des-proches-dun-patron-dune-societe-de-cryptomonnaie-echappent-a-un-enlevement-en-pleine-rue-13-05-2025-XAVCRDAHFBAY5KZDI6SC3KFBGY.php\" target=\"_blank\" rel=\"nofollow noopener\">Parisien<\/a>, qui \u00e9voque parmi les cibles la fille du PDG d&rsquo;une grande plateforme d&rsquo;achat de cryptomonnaies.<\/p>\n<p>Les images montrent trois personnes encagoul\u00e9es en train de s&rsquo;en prendre \u00e0 ce couple dans une rue du 11e arrondissement parisien, dans l&rsquo;est de la capitale.<\/p>\n<p>Ce contenu est bloqu\u00e9 car vous n&rsquo;avez pas accept\u00e9 les cookies et autres traceurs.<\/p>\n<p>En cliquant sur \u00ab J\u2019accepte \u00bb, les cookies et autres traceurs seront d\u00e9pos\u00e9s et vous pourrez visualiser les contenus  (<a href=\"\" class=\"consentModule_policy\" target=\"_blank\" title=\"Consulter la politique de protection des donn\u00e9es du fournisseur\">plus d&rsquo;informations<\/a>).<\/p>\n<p>En cliquant sur \u00ab J\u2019accepte tous les cookies \u00bb, vous autorisez des d\u00e9p\u00f4ts de cookies et autres traceurs pour le stockage de vos donn\u00e9es sur nos sites et applications \u00e0 des fins de personnalisation et de ciblage publicitaire.<\/p>\n<p class=\"consentModule_secondaryText\">Vous gardez la possibilit\u00e9 de retirer votre consentement \u00e0 tout moment en consultant notre <a href=\"https:\/\/www.ledauphine.com\/protection-des-donnees\" target=\"_blank\" title=\"Consulter notre politique de protection des donn\u00e9es\" rel=\"nofollow noopener\">politique de protection des donn\u00e9es<\/a>. <br \/>&#13;<br \/>\n            <a href=\"https:\/\/www.ledauphine.com\/faits-divers-justice\/2025\/05\/13\/javascript:Didomi.notice.show()\" class=\"consentModule_cmp\" rel=\"nofollow noopener\" target=\"_blank\">G\u00e9rer mes choix<\/a>&#13;\n        <\/p>\n<p>&#13;<br \/>\n                        J&rsquo;accepte&#13;<br \/>\n            J&rsquo;accepte tous les cookies&#13;\n        <\/p>\n<p>  Une camionnette \u00ab Chronopost\u00a0\u00bb<\/p>\n<p>Arm\u00e9s, ils tentent d&#8217;emmener de force les deux victimes \u00e0 bord d&rsquo;une camionnette blanche, marqu\u00e9e Chronopost, en mettant des coups d&rsquo;extincteur \u00e0 l&rsquo;homme. La femme, elle, a eu le r\u00e9flexe de s&#8217;emparer d&rsquo;une arme de poing appartenant aux braqueurs &#8211; dont on ne sait pas si elle \u00e9tait factice ou non &#8211; et de la jeter au loin.<\/p>\n<p>Les cris des victimes ont fini par attirer les passants et les agresseurs, repouss\u00e9s, ont finalement pris la fuite \u00e0 bord du v\u00e9hicule, laissant le couple sur le trottoir.<\/p>\n<p>Des auditions et constatations sont en cours, et la Brigade de r\u00e9pression du banditisme (BRB) de la police judiciaire parisienne a \u00e9t\u00e9 saisie d&rsquo;une enqu\u00eate ouverte pour tentative d&rsquo;enl\u00e8vement.<\/p>\n<p class=\"note\">Lire l&rsquo;article complet sur <a href=\"https:\/\/www.leparisien.fr\/faits-divers\/paris-des-proches-dun-patron-dune-societe-de-cryptomonnaie-echappent-a-un-enlevement-en-pleine-rue-13-05-2025-XAVCRDAHFBAY5KZDI6SC3KFBGY.php\" target=\"_blank\" rel=\"nofollow noopener\">Le Parisien<\/a>.<\/p>\n","protected":false},"excerpt":{"rendered":"Un couple a \u00e9chapp\u00e9 \u00e0 un enl\u00e8vement en plein Paris mardi matin, selon une vid\u00e9o authentifi\u00e9e par une&hellip;\n","protected":false},"author":2,"featured_media":96732,"comment_status":"","ping_status":"","sticky":false,"template":"","format":"standard","meta":{"footnotes":""},"categories":[2],"tags":[11,274,107,1011,27,329,12],"class_list":{"0":"post-96731","1":"post","2":"type-post","3":"status-publish","4":"format-standard","5":"has-post-thumbnail","7":"category-actualites","8":"tag-actualites","9":"tag-faits-divers-justice","10":"tag-fil-info","11":"tag-fr","12":"tag-france","13":"tag-france-monde","14":"tag-news"},"share_on_mastodon":{"url":"https:\/\/pubeurope.com\/@fr\/114500382429726171","error":""},"_links":{"self":[{"href":"https:\/\/www.europesays.com\/fr\/wp-json\/wp\/v2\/posts\/96731","targetHints":{"allow":["GET"]}}],"collection":[{"href":"https:\/\/www.europesays.com\/fr\/wp-json\/wp\/v2\/posts"}],"about":[{"href":"https:\/\/www.europesays.com\/fr\/wp-json\/wp\/v2\/types\/post"}],"author":[{"embeddable":true,"href":"https:\/\/www.europesays.com\/fr\/wp-json\/wp\/v2\/users\/2"}],"replies":[{"embeddable":true,"href":"https:\/\/www.europesays.com\/fr\/wp-json\/wp\/v2\/comments?post=96731"}],"version-history":[{"count":0,"href":"https:\/\/www.europesays.com\/fr\/wp-json\/wp\/v2\/posts\/96731\/revisions"}],"wp:featuredmedia":[{"embeddable":true,"href":"https:\/\/www.europesays.com\/fr\/wp-json\/wp\/v2\/media\/96732"}],"wp:attachment":[{"href":"https:\/\/www.europesays.com\/fr\/wp-json\/wp\/v2\/media?parent=96731"}],"wp:term":[{"taxonomy":"category","embeddable":true,"href":"https:\/\/www.europesays.com\/fr\/wp-json\/wp\/v2\/categories?post=96731"},{"taxonomy":"post_tag","embeddable":true,"href":"https:\/\/www.europesays.com\/fr\/wp-json\/wp\/v2\/tags?post=96731"}],"curies":[{"name":"wp","href":"https:\/\/api.w.org\/{rel}","templated":true}]}}