{"id":96737,"date":"2025-05-13T11:54:10","date_gmt":"2025-05-13T11:54:10","guid":{"rendered":"https:\/\/www.europesays.com\/fr\/96737\/"},"modified":"2025-05-13T11:54:10","modified_gmt":"2025-05-13T11:54:10","slug":"lopulente-13-e-edition-de-villers-bd-secrit-ce-samedi-17-et-ce-dimanche-18-mai","status":"publish","type":"post","link":"https:\/\/www.europesays.com\/fr\/96737\/","title":{"rendered":"l\u2019opulente 13 e \u00e9dition de Villers BD s\u2019\u00e9crit ce samedi\u00a017 et ce dimanche 18\u00a0mai"},"content":{"rendered":"<p>Qu\u2019est-ce qui peut faire le lien entre la bataille d\u2019Al\u00e9sia, la gu\u00e9rilla de Belfast et la guerre de S\u00e9cession am\u00e9ricaine\u00a0? R\u00e9ponse\u00a0: la BD. Respectivement dans les albums de Christophe Ansar, Vincent Bailly et Jean-Fran\u00e7ois Charles. Quel point commun entre un Poilu de la guerre du Bois Br\u00fbl\u00e9, un fossoyeur au cimeti\u00e8re et une reine guerri\u00e8re africaine\u00a0? Idem\u00a0: la BD. Par la gr\u00e2ce des crayons de <a href=\"https:\/\/www.estrepublicain.fr\/culture-loisirs\/2023\/11\/06\/meuse-l-auteur-jean-francois-kieffer-sort-un-nouvel-album-de-sa-bd-jeannette-et-jojo\" target=\"_blank\" rel=\"noopener\">Jean-Fran\u00e7ois Kieffer<\/a> , Marc Hardy, et Alessia de Vincenzi.<\/p>\n<p>Et la logique est la m\u00eame qui relie Boule de Neige, petit renardeau des neiges, un dinosaure enqu\u00eateur (ou Inspecteur Raptor) et le Marsupilami\u00a0! La bande dessin\u00e9e s\u2019est int\u00e9ress\u00e9e \u00e0 leur cas, et leurs auteurs en sont les invit\u00e9s de <a href=\"https:\/\/www.estrepublicain.fr\/pour-sortir\/loisirs\/Rencontre-conference\/Dedicaces\/Lorraine\/Meurthe-et-moselle\/Villers-les-nancy\/2025\/05\/17\/Festival-bd-et-jeunesse-villers-bd\" target=\"_blank\" rel=\"noopener\">Villers BD, 13 e \u00e9dition<\/a>.<\/p>\n<p>Eux parmi une quarantaine de dessinateurs, \u00e0 l\u2019affiche de ce salon de la BD d\u00e9sormais \u00e9tabli, pour ne pas dire ancr\u00e9 (encr\u00e9\u00a0?) dans les murs du <a href=\"https:\/\/www.estrepublicain.fr\/culture-loisirs\/2024\/10\/21\/le-chateau-de-madame-graffigny-cette-maison-bourgeoise-qu-on-appelle-chateau\" target=\"_blank\" rel=\"noopener\">ch\u00e2teau de\u00a0Mme\u00a0de Graffigny.<\/a><\/p>\n<p>Ce rendez-vous suit les grands codes du genre, \u00e0 commencer par l\u2019exercice de la d\u00e9dicace, d\u2019autant plus pris\u00e9 quand celui qui porte le crayon (ou le pinceau) porte nom de Batem, de Turf ou de Charles. Ou de Chongrui Nie, virtuose chinois dont les d\u00e9dicaces sont de v\u00e9ritables petites \u0153uvres en soi.<\/p>\n<p>Et puis il y a les \u00ab\u00a0\u00e0 c\u00f4t\u00e9\u00a0\u00bb que le festival a su d\u00e9velopper au fil des ann\u00e9es.<\/p>\n<p>  De jeunes recrues<\/p>\n<p>En amont d\u2019abord. Avec <a href=\"https:\/\/www.estrepublicain.fr\/culture-loisirs\/2025\/05\/07\/exposition-jean-francois-charles-a-graffigny-la-virtuosite-faite-bd\" target=\"_blank\" rel=\"noopener\">l\u2019exposition r\u00e9unissant des dizaines d\u2019originaux de Jean-Fran\u00e7ois Charles<\/a> au rez-de-chauss\u00e9e du ch\u00e2teau, c\u00f4t\u00e9 galerie. Dont ceux de son dernier (et remarquable\u00a0!) album, Au c\u0153ur du d\u00e9sert.\u00a0Le m\u00eame signera d\u2019ailleurs affiche et ex-libris de l\u2019\u00e9dition 2025 du salon.<\/p>\n<p>En amont aussi, de multiples interventions d\u2019artistes dans les \u00e9tablissements scolaires \u00e0 <a href=\"https:\/\/www.estrepublicain.fr\/edition-nancy-et-agglomeration\/villers-les-nancy\" target=\"_blank\" rel=\"noopener\">Villers-l\u00e8s-Nancy<\/a> , mais aussi <a href=\"https:\/\/www.estrepublicain.fr\/edition-nancy-et-agglomeration\/laxou\" target=\"_blank\" rel=\"noopener\">Laxou<\/a> , <a href=\"https:\/\/www.estrepublicain.fr\/edition-nancy-et-agglomeration\/vandoeuvre-les-nancy\" target=\"_blank\" rel=\"noopener\">Vandoeuvre<\/a> , <a href=\"https:\/\/www.estrepublicain.fr\/edition-nancy-et-agglomeration\/seichamps\" target=\"_blank\" rel=\"noopener\">Seichamps<\/a> ,\u00a0etc. Et ce, malgr\u00e9 la suppression brutale du Pass Culture en d\u00e9but d\u2019ann\u00e9e, qui a contraint \u00e0 rapporter les ambitions d\u2019une centaine d\u2019interventions l\u2019an pass\u00e9 \u00e0 quelque quatre-vingts cette ann\u00e9e.<\/p>\n<p>\u00ab\u00a0On a quand m\u00eame r\u00e9ussi \u00e0 passer un peu entre les gouttes\u00a0\u00bb, se f\u00e9licite Suzanne Masini, pr\u00e9sidente de l\u2019association organisatrice. Laquelle se r\u00e9jouit par ailleurs de voir le festival s\u2019\u00eatre attir\u00e9 l\u2019int\u00e9r\u00eat de nouvelles recrues au bureau, \u00ab\u00a0dont trois jeunes, ce qui permet de relancer une belle dynamique\u00a0\u00bb.<\/p>\n<p>  Concert et concours<\/p>\n<p>Signalons aussi que Vincent Bailly, auteur des Partitions Irlandaises , interviendra \u00e0 la prison. Et que les m\u00e9diath\u00e8ques de Vandoeuvre, de Chaligny, de Max\u00e9ville, et m\u00eame le <a href=\"https:\/\/www.estrepublicain.fr\/culture-loisirs\/2025\/04\/07\/le-jardin-botanique-jean-marie-pelt-celebre-l-art-deco-avec-une-saison-d-expositions-inedites\" target=\"_blank\" rel=\"noopener\">jardin botanique<\/a> accueilleront certains de ces artistes. Bref, le festival se veut rayonnant, aux sens propre et figur\u00e9.<\/p>\n<p>Sur place, on ajoute au cocktail effervescent des ateliers de jeux, de <a href=\"https:\/\/www.estrepublicain.fr\/culture-loisirs\/2024\/12\/09\/le-manga-en-france-c-est-un-titre-vendu-sur-deux\" target=\"_blank\" rel=\"noopener\">manga<\/a> , de contes, l\u2019expo de planches du concours BD, et m\u00eame un concert gratuit d\u2019Ultrasong sous la verri\u00e8re du ch\u00e2teau, le dimanche \u00e0 16\u00a0h.<\/p>\n<p>En r\u00e9sum\u00e9\u00a0: avec autant d\u2019atouts dans son jeu, et un num\u00e9ro\u00a013 accroch\u00e9 en haut de l\u2019affiche, Villers BD esp\u00e8re bien avoir mis toutes les chances de son c\u00f4t\u00e9, pour faire de cette \u00e9dition un succ\u00e8s.<\/p>\n<p class=\"note\">Les samedi\u00a017 et dimanche 18\u00a0mai, ch\u00e2teau de Mme de Graffigny, de 10\u00a0h \u00e0 18\u00a0h, entr\u00e9e 2\u00a0\u20ac (gratuit pour moins de 14 ans)<\/p>\n","protected":false},"excerpt":{"rendered":"Qu\u2019est-ce qui peut faire le lien entre la bataille d\u2019Al\u00e9sia, la gu\u00e9rilla de Belfast et la guerre de&hellip;\n","protected":false},"author":2,"featured_media":96738,"comment_status":"","ping_status":"","sticky":false,"template":"","format":"standard","meta":{"footnotes":""},"categories":[9635],"tags":[1111,11,1687,1704,1777,674,2271,1011,27,775,2410,10262,1702,12,25,10261],"class_list":{"0":"post-96737","1":"post","2":"type-post","3":"status-publish","4":"format-standard","5":"has-post-thumbnail","7":"category-nancy","8":"tag-actu","9":"tag-actualites","10":"tag-culture-loisirs","11":"tag-edition-nancy-et-agglomeration","12":"tag-eu","13":"tag-europe","14":"tag-exposition-arts-plastiques","15":"tag-fr","16":"tag-france","17":"tag-grand-est","18":"tag-livres-bd","19":"tag-metropole-du-grand-nancy-54b5","20":"tag-nancy","21":"tag-news","22":"tag-republique-francaise","23":"tag-villers-les-nancy"},"share_on_mastodon":{"url":"https:\/\/pubeurope.com\/@fr\/114500394141248141","error":""},"_links":{"self":[{"href":"https:\/\/www.europesays.com\/fr\/wp-json\/wp\/v2\/posts\/96737","targetHints":{"allow":["GET"]}}],"collection":[{"href":"https:\/\/www.europesays.com\/fr\/wp-json\/wp\/v2\/posts"}],"about":[{"href":"https:\/\/www.europesays.com\/fr\/wp-json\/wp\/v2\/types\/post"}],"author":[{"embeddable":true,"href":"https:\/\/www.europesays.com\/fr\/wp-json\/wp\/v2\/users\/2"}],"replies":[{"embeddable":true,"href":"https:\/\/www.europesays.com\/fr\/wp-json\/wp\/v2\/comments?post=96737"}],"version-history":[{"count":0,"href":"https:\/\/www.europesays.com\/fr\/wp-json\/wp\/v2\/posts\/96737\/revisions"}],"wp:featuredmedia":[{"embeddable":true,"href":"https:\/\/www.europesays.com\/fr\/wp-json\/wp\/v2\/media\/96738"}],"wp:attachment":[{"href":"https:\/\/www.europesays.com\/fr\/wp-json\/wp\/v2\/media?parent=96737"}],"wp:term":[{"taxonomy":"category","embeddable":true,"href":"https:\/\/www.europesays.com\/fr\/wp-json\/wp\/v2\/categories?post=96737"},{"taxonomy":"post_tag","embeddable":true,"href":"https:\/\/www.europesays.com\/fr\/wp-json\/wp\/v2\/tags?post=96737"}],"curies":[{"name":"wp","href":"https:\/\/api.w.org\/{rel}","templated":true}]}}