{"id":96739,"date":"2025-05-13T11:55:08","date_gmt":"2025-05-13T11:55:08","guid":{"rendered":"https:\/\/www.europesays.com\/fr\/96739\/"},"modified":"2025-05-13T11:55:08","modified_gmt":"2025-05-13T11:55:08","slug":"une-automobiliste-percute-une-jeune-femme-en-sortant-de-chez-elle-et-lui-roule-sur-la-jambe","status":"publish","type":"post","link":"https:\/\/www.europesays.com\/fr\/96739\/","title":{"rendered":"une automobiliste percute une jeune femme en sortant de chez elle et lui roule sur la jambe"},"content":{"rendered":"<p>            Par<br \/>\n        <strong><br \/>\n            <a href=\"https:\/\/actu.fr\/auteur\/amandine-mehl\" title=\"Consulter tous les articles de Amandine Mehl\" rel=\"nofollow noopener\" target=\"_blank\">Amandine Mehl<\/a><br \/>\n        <\/strong><\/p>\n<p>        Publi\u00e9 le<\/p>\n<p>            13 mai 2025 \u00e0 13h00        <\/p>\n<p>Lundi 12\u00a0mai 2025, en milieu de matin\u00e9e, une<strong> jeune femme de 28\u00a0ans<\/strong> a \u00e9t\u00e9 victime d\u2019un <a href=\"https:\/\/actu.fr\/tag\/accident\" rel=\"nofollow noopener\" target=\"_blank\">accident<\/a>.<\/p>\n<p class=\" wall-content\">Alors qu\u2019elle se trouvait <strong>sur le trottoir<\/strong>, rue Raymond Poincar\u00e9 \u00e0 Nancy, elle a \u00e9t\u00e9 <strong>percut\u00e9e<\/strong> par une automobiliste qui a ensuite <strong>roul\u00e9 sur sa jambe<\/strong>.<\/p>\n<p>L\u2019automobiliste sortait de chez elle lorsqu\u2019elle a percut\u00e9 la victime<\/p>\n<p class=\" wall-content\">Selon les premiers \u00e9l\u00e9ments, la conductrice, \u00e2g\u00e9e de 67\u00a0ans, <strong>sortait de chez elle<\/strong> au moment des faits. Elle a bien vu la jeune femme qui arrivait, mais le flux de voitures lui permettant de s\u2019ins\u00e9rer, et pensant que la pi\u00e9tonne allait patienter, <strong>elle s\u2019est engag\u00e9e<\/strong>.<\/p>\n<p class=\" wall-content\">Seulement, la victime s\u2019\u00e9tait elle aussi d\u00e9j\u00e0 engag\u00e9e et <strong>a donc \u00e9t\u00e9 percut\u00e9e<\/strong> par l\u2019automobiliste. Alors qu\u2019elle se trouvait au sol, la conductrice a roul\u00e9 sur sa jambe.<\/p>\n<p>Vid\u00e9os : en ce moment sur ActuLa jeune femme a \u00e9t\u00e9 s\u00e9rieusement bless\u00e9e<\/p>\n<p class=\" wall-content\">S\u00e9rieusement bless\u00e9e \u2013 <strong>suspicion de fractures au niveau du pied et du tibia ainsi qu\u2019une d\u00e9formation du tibia<\/strong> -, la victime a \u00e9t\u00e9 <strong>transport\u00e9e<\/strong> \u00e0 l\u2019h\u00f4pital Central.<\/p>\n<p class=\" wall-content\">Une <strong>enqu\u00eate<\/strong> de <a href=\"https:\/\/actu.fr\/tag\/police\" rel=\"nofollow noopener\" target=\"_blank\">police<\/a> est en cours pour comprendre les circonstances exactes de l\u2019accident.<\/p>\n<p class=\" wall-content\">Suivez toute l\u2019actualit\u00e9 de vos villes et m\u00e9dias favoris en vous inscrivant \u00e0 <a href=\"https:\/\/moncompte.actu.fr\" title=\"D\u00e9couvez Mon Actu\" rel=\"nofollow noopener\" data-trk=\"{&quot;cta&quot;:{&quot;action&quot;:&quot;https:\\\/\\\/moncompte.actu.fr&quot;,&quot;category&quot;:&quot;mon compte&quot;,&quot;from&quot;:&quot;article footer&quot;,&quot;name&quot;:&quot;Mon actu&quot;,&quot;type&quot;:&quot;cta&quot;}}\" target=\"_blank\">Mon Actu<\/a>.<\/p>\n","protected":false},"excerpt":{"rendered":"Par Amandine Mehl Publi\u00e9 le 13 mai 2025 \u00e0 13h00 Lundi 12\u00a0mai 2025, en milieu de matin\u00e9e, une&hellip;\n","protected":false},"author":2,"featured_media":96740,"comment_status":"","ping_status":"","sticky":false,"template":"","format":"standard","meta":{"footnotes":""},"categories":[9635],"tags":[119,1111,11,1777,674,118,1011,27,775,1702,12,1072,25],"class_list":{"0":"post-96739","1":"post","2":"type-post","3":"status-publish","4":"format-standard","5":"has-post-thumbnail","7":"category-nancy","8":"tag-accident","9":"tag-actu","10":"tag-actualites","11":"tag-eu","12":"tag-europe","13":"tag-faits-divers","14":"tag-fr","15":"tag-france","16":"tag-grand-est","17":"tag-nancy","18":"tag-news","19":"tag-police","20":"tag-republique-francaise"},"share_on_mastodon":{"url":"","error":""},"_links":{"self":[{"href":"https:\/\/www.europesays.com\/fr\/wp-json\/wp\/v2\/posts\/96739","targetHints":{"allow":["GET"]}}],"collection":[{"href":"https:\/\/www.europesays.com\/fr\/wp-json\/wp\/v2\/posts"}],"about":[{"href":"https:\/\/www.europesays.com\/fr\/wp-json\/wp\/v2\/types\/post"}],"author":[{"embeddable":true,"href":"https:\/\/www.europesays.com\/fr\/wp-json\/wp\/v2\/users\/2"}],"replies":[{"embeddable":true,"href":"https:\/\/www.europesays.com\/fr\/wp-json\/wp\/v2\/comments?post=96739"}],"version-history":[{"count":0,"href":"https:\/\/www.europesays.com\/fr\/wp-json\/wp\/v2\/posts\/96739\/revisions"}],"wp:featuredmedia":[{"embeddable":true,"href":"https:\/\/www.europesays.com\/fr\/wp-json\/wp\/v2\/media\/96740"}],"wp:attachment":[{"href":"https:\/\/www.europesays.com\/fr\/wp-json\/wp\/v2\/media?parent=96739"}],"wp:term":[{"taxonomy":"category","embeddable":true,"href":"https:\/\/www.europesays.com\/fr\/wp-json\/wp\/v2\/categories?post=96739"},{"taxonomy":"post_tag","embeddable":true,"href":"https:\/\/www.europesays.com\/fr\/wp-json\/wp\/v2\/tags?post=96739"}],"curies":[{"name":"wp","href":"https:\/\/api.w.org\/{rel}","templated":true}]}}