{"id":96741,"date":"2025-05-13T11:56:08","date_gmt":"2025-05-13T11:56:08","guid":{"rendered":"https:\/\/www.europesays.com\/fr\/96741\/"},"modified":"2025-05-13T11:56:08","modified_gmt":"2025-05-13T11:56:08","slug":"hubert-falco-poursuivi-par-un-journaliste-de-mediapart-pour-injure-publique","status":"publish","type":"post","link":"https:\/\/www.europesays.com\/fr\/96741\/","title":{"rendered":"Hubert Falco poursuivi par un journaliste de Mediapart pour injure publique"},"content":{"rendered":"<p>Un journaliste de Mediapart attaque l\u2019ancien maire de Toulon et ministre Hubert Falco devant le tribunal correctionnel de la pr\u00e9fecture varoise. Hubert Falco est accus\u00e9 d\u2019avoir insult\u00e9 ce journaliste lors d\u2019une c\u00e9r\u00e9monie comm\u00e9morative.<\/p>\n<p class=\"fig-paragraph\">L\u2019ancien maire et ministre\u00a0<a href=\"http:\/\/www.lefigaro.fr\/marseille\/j-ai-compris-que-c-etait-illegal-en-garde-a-vue-hubert-falco-reconnait-des-dejeuners-gratuits-au-conseil-departemental-20240325\" data-fig-type=\"NewsFlash\" data-gtm-custom-categorie=\"navigation\" data-gtm-custom-action=\"crossclick\" data-gtm-custom-label=\"Contextuel\" data-gtm-event=\"customEventSPE\" data-fig-domain=\"LEFIGARO\" target=\"_blank\" rel=\"noopener\">Hubert Falco<\/a>\u00a0compara\u00eetra ce vendredi devant le tribunal correctionnel de Toulon pour injure publique, a appris Le Figaro aupr\u00e8s de l\u2019avocate de\u00a0<a href=\"http:\/\/www.lefigaro.fr\/flash-eco\/annee-2024-record-pour-mediapart-avec-un-nombre-d-abonnes-au-plus-haut-20250311\" data-fig-type=\"NewsFlash\" data-gtm-custom-categorie=\"navigation\" data-gtm-custom-action=\"crossclick\" data-gtm-custom-label=\"Contextuel\" data-gtm-event=\"customEventSPE\" data-fig-domain=\"LEFIGARO\" target=\"_blank\" rel=\"noopener\">Mediapart<\/a>, confirmant une information initiale d\u2019<a href=\"https:\/\/www.arretsurimages.net\/articles\/ne-pas-laisser-passer-injurie-un-journaliste-porte-plainte-contre-hubert-falco\" target=\"_blank\" rel=\"nofollow noopener\" data-gtm-custom-categorie=\"navigation\" data-gtm-custom-action=\"crossclick\" data-gtm-custom-label=\"Contextuel\" data-gtm-event=\"customEventSPE\">Arr\u00eat sur images<\/a> . La victime est en effet un pigiste du journal, qui accuse Hubert Falco de l\u2019avoir insult\u00e9 de \u00abco***rd\u00bb et de \u00abchien galeux\u00bb, lors d\u2019une comm\u00e9moration des 79 ans de la lib\u00e9ration de Toulon.<\/p>\n<p class=\"fig-paragraph\">Le journaliste a d\u00e9cid\u00e9 de porter plainte. L\u2019audience se tiendra \u00e0 partir de 8h30. \u00abNous sommes l\u00e0 pour la libert\u00e9 d\u2019information, la libert\u00e9 d\u2019expression et la libert\u00e9 journalistique contre toute forme d\u2019intimidation\u00bb, souligne aupr\u00e8s du Figaro son avocate, Me Oliva L\u00e9vy. Contact\u00e9, l\u2019avocat d\u2019Hubert Falco n\u2019a pas donn\u00e9 suite \u00e0 nos sollicitations \u00e0 l\u2019heure o\u00f9 ces lignes sont \u00e9crites.<\/p>\n<p class=\"fig-paragraph\">D\u00e9j\u00e0 condamn\u00e9 en premi\u00e8re instance par le tribunal correctionnel de Marseille pour des repas et des frais de pressing pay\u00e9s par le Conseil d\u00e9partemental du Var, qu\u2019il ne dirigeait plus,\u00a0<a href=\"http:\/\/www.lefigaro.fr\/politique\/l-ex-maire-de-toulon-hubert-falco-condamne-en-appel-a-cinq-ans-d-ineligibilite-20240514\" data-fig-type=\"NewsFlash\" data-gtm-custom-categorie=\"navigation\" data-gtm-custom-action=\"crossclick\" data-gtm-custom-label=\"Contextuel\" data-gtm-event=\"customEventSPE\" data-fig-domain=\"LEFIGARO\" target=\"_blank\" rel=\"noopener\">Hubert Falco<\/a>, 77 ans, a \u00e9cop\u00e9 le 14 mai 2024 d\u2019une peine de 18 mois de prison avec sursis, 30.000 euros d\u2019amende et a vu sa peine de cinq ans d\u2019in\u00e9ligibilit\u00e9 confirm\u00e9e par la cour d\u2019appel d\u2019Aix-en-Provence.<\/p>\n<p>D\u00e9cision de la Cour de cassation le 28 mai<\/p>\n<p class=\"fig-paragraph\">Son in\u00e9ligibilit\u00e9 ayant \u00e9t\u00e9 assortie de l\u2019<a href=\"http:\/\/www.lefigaro.fr\/actualite-france\/ineligibilite-de-marine-le-pen-l-execution-provisoire-ce-grain-de-sable-dans-les-mecaniques-de-l-appel-et-de-la-cassation-20250402\" data-fig-type=\"Article\" data-gtm-custom-categorie=\"navigation\" data-gtm-custom-action=\"crossclick\" data-gtm-custom-label=\"Contextuel\" data-gtm-event=\"customEventSPE\" data-fig-domain=\"LEFIGARO\" target=\"_blank\" rel=\"noopener\">ex\u00e9cution provisoire,<\/a>\u00a0c\u2019est-\u00e0-dire s\u2019appliquant imm\u00e9diatement, Hubert Falco, ex-LR pass\u00e9 dans le camp macroniste, avait \u00e9t\u00e9 d\u00e9mis de ses mandats de maire de Toulon et de pr\u00e9sident de sa m\u00e9tropole dans les jours qui ont suivi le jugement en premi\u00e8re instance d\u2019avril 2023.<\/p>\n<p class=\"fig-paragraph\">Mais il y a tout juste un mois, le Conseil constitutionnel a soulign\u00e9 dans une d\u00e9cision sur l\u2019in\u00e9ligibilit\u00e9 imm\u00e9diate qu\u2019il revient au juge \u00abd\u2019appr\u00e9cier le caract\u00e8re proportionn\u00e9 de l\u2019atteinte que cette mesure est susceptible de porter \u00e0 l\u2019exercice d\u2019un mandat en cours et \u00e0 la pr\u00e9servation de la libert\u00e9 de l\u2019\u00e9lecteur\u00bb.<\/p>\n<p class=\"fig-paragraph\">La Cour de cassation a examin\u00e9 \u00e0 la fin du mois dernier le pourvoi de l\u2019ex-maire de Toulon. Ce dernier conteste notamment cette peine d\u2019in\u00e9ligibilit\u00e9 imm\u00e9diate prononc\u00e9e contre lui pour d\u00e9tournements de fonds public. La d\u00e9cision sera rendue le 28 mai.<\/p>\n","protected":false},"excerpt":{"rendered":"Un journaliste de Mediapart attaque l\u2019ancien maire de Toulon et ministre Hubert Falco devant le tribunal correctionnel de&hellip;\n","protected":false},"author":2,"featured_media":96742,"comment_status":"","ping_status":"","sticky":false,"template":"","format":"standard","meta":{"footnotes":""},"categories":[9619],"tags":[1111,11,885,1182,1180,1181,1777,674,1011,27,1184,1185,21026,12,1177,1176,149,2694,1186,882,25,1178,1183,2310,1179],"class_list":{"0":"post-96741","1":"post","2":"type-post","3":"status-publish","4":"format-standard","5":"has-post-thumbnail","7":"category-toulon","8":"tag-actu","9":"tag-actualites","10":"tag-bouches-du-rhone","11":"tag-calanques","12":"tag-canebiere","13":"tag-cite-phoceenne","14":"tag-eu","15":"tag-europe","16":"tag-fr","17":"tag-france","18":"tag-la-timone","19":"tag-les-baumettes-mediterranee","20":"tag-mediapart","21":"tag-news","22":"tag-notre-dame-de-la-garde","23":"tag-olympique-de-marseille","24":"tag-om","25":"tag-proces","26":"tag-provence","27":"tag-provence-alpes-cote-dazur","28":"tag-republique-francaise","29":"tag-saint-charles","30":"tag-sormiou","31":"tag-toulon","32":"tag-vieux-port"},"share_on_mastodon":{"url":"https:\/\/pubeurope.com\/@fr\/114500402904449240","error":""},"_links":{"self":[{"href":"https:\/\/www.europesays.com\/fr\/wp-json\/wp\/v2\/posts\/96741","targetHints":{"allow":["GET"]}}],"collection":[{"href":"https:\/\/www.europesays.com\/fr\/wp-json\/wp\/v2\/posts"}],"about":[{"href":"https:\/\/www.europesays.com\/fr\/wp-json\/wp\/v2\/types\/post"}],"author":[{"embeddable":true,"href":"https:\/\/www.europesays.com\/fr\/wp-json\/wp\/v2\/users\/2"}],"replies":[{"embeddable":true,"href":"https:\/\/www.europesays.com\/fr\/wp-json\/wp\/v2\/comments?post=96741"}],"version-history":[{"count":0,"href":"https:\/\/www.europesays.com\/fr\/wp-json\/wp\/v2\/posts\/96741\/revisions"}],"wp:featuredmedia":[{"embeddable":true,"href":"https:\/\/www.europesays.com\/fr\/wp-json\/wp\/v2\/media\/96742"}],"wp:attachment":[{"href":"https:\/\/www.europesays.com\/fr\/wp-json\/wp\/v2\/media?parent=96741"}],"wp:term":[{"taxonomy":"category","embeddable":true,"href":"https:\/\/www.europesays.com\/fr\/wp-json\/wp\/v2\/categories?post=96741"},{"taxonomy":"post_tag","embeddable":true,"href":"https:\/\/www.europesays.com\/fr\/wp-json\/wp\/v2\/tags?post=96741"}],"curies":[{"name":"wp","href":"https:\/\/api.w.org\/{rel}","templated":true}]}}