{"id":96747,"date":"2025-05-13T11:59:15","date_gmt":"2025-05-13T11:59:15","guid":{"rendered":"https:\/\/www.europesays.com\/fr\/96747\/"},"modified":"2025-05-13T11:59:15","modified_gmt":"2025-05-13T11:59:15","slug":"une-magistrate-menacee-de-mort-apres-la-condamnation-de-marine-le-pen","status":"publish","type":"post","link":"https:\/\/www.europesays.com\/fr\/96747\/","title":{"rendered":"une magistrate menac\u00e9e de mort apr\u00e8s la condamnation de Marine Le Pen"},"content":{"rendered":"<p>\n\t\t\t\t\tInsultes violentes et image d\u2019un cercueil, ce jeune militant menace de mort l\u2019une des magistrates ayant prononc\u00e9 la condamnation de Marine Le Pen. \t\t\t\t<\/p>\n<p>\n\t\t\t\t\t\t\t\t\t\u00a9 InfOccitanie \u2013 Camille Casanova \/ ce jeune militant mis en cause pour avoir menac\u00e9 de mort une magistrate.\t\t\t\t\t\t\t\t<\/p>\n<p>\u00ab\u00a0On va la crever cette sal\u2026 Vous allez vous faire enc\u2026\u00a0\u00bb, voici l\u2019une des <strong>menaces de mort<\/strong> adress\u00e9es \u00e0 B\u00e9n\u00e9dicte de Perthuis, la magistrate ayant prononc\u00e9 la <strong>condamnation de Marine Le Pen<\/strong> le 31 mars dernier. En effet, \u00e0 l\u2019annonce de la d\u00e9cision rendue par les trois magistrats du tribunal judiciaire de Paris, un <strong>jeune militant \u00e2g\u00e9 de 24 ans<\/strong> a exprim\u00e9 sa col\u00e8re \u2026 d\u2019une telle violence qu\u2019il est poursuivi pour menaces de mort \u00e0 l\u2019encontre d\u2019un magistrat.<\/p>\n<p>Telle est l\u2019affaire qu\u2019a jug\u00e9 le <a href=\"https:\/\/infoccitanie.fr\/tag\/tribunal\/\" target=\"_blank\" rel=\"noopener\">tribunal correctionnel de Montpellier<\/a> ce vendredi 9 mai. Comparaissant \u00e0 la barre, ce jeune homme a souhait\u00e9 se justifier\u00a0: \u00ab\u00a0quand ils ont annonc\u00e9 la condamnation, j\u2019\u00e9tais dans une col\u00e8re car j\u2019appr\u00e9cie \u00e9norm\u00e9ment Marine Le Pen\u00a0\u00bb. Tellement en col\u00e8re qu\u2019il avoue avoir envoy\u00e9 ces menaces de mort destin\u00e9es \u00e0 Madame de Perthuis. Cependant, cela ne s\u2019arr\u00eate pas l\u00e0. <strong>Ses actes d\u00e9passent le simple d\u00e9rapage verbal. <\/strong>Apr\u00e8s le premier message envoy\u00e9 sur la messagerie du tribunal judiciaire de Paris, il poursuit. Il cherche le contact professionnel de la magistrate. Une fois trouv\u00e9, un second message est envoy\u00e9\u00a0: \u00ab\u00a0Bient\u00f4t \u2026\u00a0\u00bb, accompagn\u00e9 de la photo d\u2019un cercueil.<\/p>\n<p>Face \u00e0 lui, la pr\u00e9sidente, Madame Genevi\u00e8ve Boussaguet, insiste sur la <strong>gravit\u00e9 des faits<\/strong>. La magistrate vis\u00e9e a re\u00e7u de nombreuses menaces de mort similaires. De ce fait, elle a \u00e9t\u00e9 plac\u00e9e sous <strong>protection polici\u00e8re<\/strong>. Le pr\u00e9venu, sans emploi, actif sur YouTube et d\u00e9crit comme accro aux r\u00e9seaux sociaux, <strong>s\u2019excuse \u00e0 la barre<\/strong>. \u00ab\u00a0Je regrette \u00e9norm\u00e9ment ces faits. Jamais \u00e7a ne se reproduira (\u2026). Je m\u2019excuse\u00a0\u00bb.\u00a0<\/p>\n<p>Le <a href=\"https:\/\/infoccitanie.fr\/tag\/tribunal\/\" target=\"_blank\" rel=\"noopener\">tribunal correctionnel de Montpellier<\/a> prononce la <strong>culpabilit\u00e9<\/strong> du jeune homme et le condamne \u00e0 <strong>4 mois d\u2019emprisonnement assortis du sursis simple<\/strong>. \u00ab\u00a0Je suis d\u2019accord avec la peine. Je tiens \u00e0 vous dire que je respecte votre profession\u00a0\u00bb, balbutie-il au moment du d\u00e9lib\u00e9r\u00e9 avant de quitter la salle d\u2019audience.<\/p>\n<p><a data-no-instant=\"1\" href=\"https:\/\/www.montpellier.aeroport.fr\/fr\/passagers\/vols-destinations\/destinations-en-direct\/palma-de-majorque?utm_campaign=infoccitanie_palma_mai\" rel=\"noopener\" class=\"a2t-link\" aria-label=\"Palma\" target=\"_blank\"><img decoding=\"async\" src=\"https:\/\/www.europesays.com\/fr\/wp-content\/uploads\/2025\/05\/3088-image.png\" alt=\"\"  \/><\/a>\t\t\t\t<\/p>\n","protected":false},"excerpt":{"rendered":"Insultes violentes et image d\u2019un cercueil, ce jeune militant menace de mort l\u2019une des magistrates ayant prononc\u00e9 la&hellip;\n","protected":false},"author":2,"featured_media":81670,"comment_status":"","ping_status":"","sticky":false,"template":"","format":"standard","meta":{"footnotes":""},"categories":[9599],"tags":[1111,11,1777,674,1011,27,2208,12,2680,25,3693],"class_list":{"0":"post-96747","1":"post","2":"type-post","3":"status-publish","4":"format-standard","5":"has-post-thumbnail","7":"category-montpellier","8":"tag-actu","9":"tag-actualites","10":"tag-eu","11":"tag-europe","12":"tag-fr","13":"tag-france","14":"tag-montpellier","15":"tag-news","16":"tag-occitanie","17":"tag-republique-francaise","18":"tag-tribunal"},"share_on_mastodon":{"url":"https:\/\/pubeurope.com\/@fr\/114500413881257947","error":""},"_links":{"self":[{"href":"https:\/\/www.europesays.com\/fr\/wp-json\/wp\/v2\/posts\/96747","targetHints":{"allow":["GET"]}}],"collection":[{"href":"https:\/\/www.europesays.com\/fr\/wp-json\/wp\/v2\/posts"}],"about":[{"href":"https:\/\/www.europesays.com\/fr\/wp-json\/wp\/v2\/types\/post"}],"author":[{"embeddable":true,"href":"https:\/\/www.europesays.com\/fr\/wp-json\/wp\/v2\/users\/2"}],"replies":[{"embeddable":true,"href":"https:\/\/www.europesays.com\/fr\/wp-json\/wp\/v2\/comments?post=96747"}],"version-history":[{"count":0,"href":"https:\/\/www.europesays.com\/fr\/wp-json\/wp\/v2\/posts\/96747\/revisions"}],"wp:featuredmedia":[{"embeddable":true,"href":"https:\/\/www.europesays.com\/fr\/wp-json\/wp\/v2\/media\/81670"}],"wp:attachment":[{"href":"https:\/\/www.europesays.com\/fr\/wp-json\/wp\/v2\/media?parent=96747"}],"wp:term":[{"taxonomy":"category","embeddable":true,"href":"https:\/\/www.europesays.com\/fr\/wp-json\/wp\/v2\/categories?post=96747"},{"taxonomy":"post_tag","embeddable":true,"href":"https:\/\/www.europesays.com\/fr\/wp-json\/wp\/v2\/tags?post=96747"}],"curies":[{"name":"wp","href":"https:\/\/api.w.org\/{rel}","templated":true}]}}