{"id":96760,"date":"2025-05-13T12:08:07","date_gmt":"2025-05-13T12:08:07","guid":{"rendered":"https:\/\/www.europesays.com\/fr\/96760\/"},"modified":"2025-05-13T12:08:07","modified_gmt":"2025-05-13T12:08:07","slug":"pres-de-nice-bouchons-monstres-sur-la8-a-cause-dun-accident-le-trafic-sature","status":"publish","type":"post","link":"https:\/\/www.europesays.com\/fr\/96760\/","title":{"rendered":"Pr\u00e8s de Nice. Bouchons monstres sur l&rsquo;A8 \u00e0 cause d&rsquo;un accident, le trafic satur\u00e9"},"content":{"rendered":"<p>            Par<br \/>\n        <strong><br \/>\n            <a href=\"https:\/\/actu.fr\/auteur\/ugo-maillard\" title=\"Consulter tous les articles de Ugo Maillard\" target=\"_blank\" rel=\"noopener\">Ugo Maillard<\/a><br \/>\n        <\/strong><\/p>\n<p>        Publi\u00e9 le<\/p>\n<p>            13 mai 2025 \u00e0 13h28        <\/p>\n<p>Des kilom\u00e8tres et des kilom\u00e8tres d\u2019embouteillage. En raison d\u2019un grave <a href=\"https:\/\/actu.fr\/tag\/accident\" target=\"_blank\" rel=\"noopener\">accident<\/a> survenu aux alentours de 10h sur l\u2019A10 en Italie, le trafic routier dans les <a href=\"https:\/\/actu.fr\/provence-alpes-cote-d-azur\/alpes-maritimes_06\" target=\"_blank\" rel=\"noopener\">Alpes-Maritimes<\/a> est compl\u00e8tement satur\u00e9.<\/p>\n<p class=\" wall-content\">Selon Vinci, on rel\u00e8ve <strong>10 kilom\u00e8tres d\u2019embouteillages<\/strong> ce mardi 13\u00a0mai 2025 sur l\u2019autoroute A8 dans le sens <a href=\"https:\/\/actu.fr\/nice\/\" target=\"_blank\" rel=\"noopener\">Nice<\/a> \u2013 Vintimille, au niveau de la fronti\u00e8re italienne.<\/p>\n<p class=\" wall-content\">Voici les conditions de circulation et les conseils \u00e0 destination des automobilistes.<\/p>\n<p>\u00ab\u2009\u00c9viter d\u2019emprunter l\u2019A8\u2009\u00bb<\/p>\n<p class=\" wall-content\">D\u2019apr\u00e8s le concessionnaire de l\u2019autoroute A8, les conducteurs en provenance de l\u2019A8 doivent sortir \u00e0 Vintimille pour poursuivre leur trajet via le r\u00e9seau secondaire.<\/p>\n<p class=\" wall-content\">Vinci Autoroutes recommande actuellement \u00e0 l\u2019ensemble des conducteurs<strong> d\u2019\u00e9viter d\u2019emprunter l\u2019A8<\/strong> dans le secteur de Menton pour rejoindre la fronti\u00e8re.<\/p>\n<p>Vid\u00e9os : en ce moment sur Actu<\/p>\n<p class=\" wall-content\">\u00ab\u2009Le bouchon n\u2019est pas pr\u00e8s de se r\u00e9sorber\u2009\u00bb, compl\u00e8te la soci\u00e9t\u00e9. L\u2019accident en Italie a n\u00e9cessit\u00e9 l\u2019intervention d\u2019importants moyens de secours.<\/p>\n<p class=\" wall-content\">Plusieurs h\u00e9licopt\u00e8res de pompiers ont \u00e9t\u00e9 d\u00e9ploy\u00e9s \u00e0 proximit\u00e9 de l\u2019accident.<\/p>\n<p class=\" wall-content\">Suivez toute l\u2019actualit\u00e9 de vos villes et m\u00e9dias favoris en vous inscrivant \u00e0 <a href=\"https:\/\/moncompte.actu.fr\" title=\"D\u00e9couvez Mon Actu\" rel=\"nofollow noopener\" data-trk=\"{&quot;cta&quot;:{&quot;action&quot;:&quot;https:\\\/\\\/moncompte.actu.fr&quot;,&quot;category&quot;:&quot;mon compte&quot;,&quot;from&quot;:&quot;article footer&quot;,&quot;name&quot;:&quot;Mon actu&quot;,&quot;type&quot;:&quot;cta&quot;}}\" target=\"_blank\">Mon Actu<\/a>.<\/p>\n","protected":false},"excerpt":{"rendered":"Par Ugo Maillard Publi\u00e9 le 13 mai 2025 \u00e0 13h28 Des kilom\u00e8tres et des kilom\u00e8tres d\u2019embouteillage. En raison&hellip;\n","protected":false},"author":2,"featured_media":96761,"comment_status":"","ping_status":"","sticky":false,"template":"","format":"standard","meta":{"footnotes":""},"categories":[2819],"tags":[1111,11,5397,3542,1777,674,1011,27,803,12,2401,882,25,104],"class_list":{"0":"post-96760","1":"post","2":"type-post","3":"status-publish","4":"format-standard","5":"has-post-thumbnail","7":"category-nice","8":"tag-actu","9":"tag-actualites","10":"tag-autoroute-8-a8","11":"tag-circulation","12":"tag-eu","13":"tag-europe","14":"tag-fr","15":"tag-france","16":"tag-info-trafic","17":"tag-news","18":"tag-nice","19":"tag-provence-alpes-cote-dazur","20":"tag-republique-francaise","21":"tag-societe"},"share_on_mastodon":{"url":"https:\/\/pubeurope.com\/@fr\/114500449465989456","error":""},"_links":{"self":[{"href":"https:\/\/www.europesays.com\/fr\/wp-json\/wp\/v2\/posts\/96760","targetHints":{"allow":["GET"]}}],"collection":[{"href":"https:\/\/www.europesays.com\/fr\/wp-json\/wp\/v2\/posts"}],"about":[{"href":"https:\/\/www.europesays.com\/fr\/wp-json\/wp\/v2\/types\/post"}],"author":[{"embeddable":true,"href":"https:\/\/www.europesays.com\/fr\/wp-json\/wp\/v2\/users\/2"}],"replies":[{"embeddable":true,"href":"https:\/\/www.europesays.com\/fr\/wp-json\/wp\/v2\/comments?post=96760"}],"version-history":[{"count":0,"href":"https:\/\/www.europesays.com\/fr\/wp-json\/wp\/v2\/posts\/96760\/revisions"}],"wp:featuredmedia":[{"embeddable":true,"href":"https:\/\/www.europesays.com\/fr\/wp-json\/wp\/v2\/media\/96761"}],"wp:attachment":[{"href":"https:\/\/www.europesays.com\/fr\/wp-json\/wp\/v2\/media?parent=96760"}],"wp:term":[{"taxonomy":"category","embeddable":true,"href":"https:\/\/www.europesays.com\/fr\/wp-json\/wp\/v2\/categories?post=96760"},{"taxonomy":"post_tag","embeddable":true,"href":"https:\/\/www.europesays.com\/fr\/wp-json\/wp\/v2\/tags?post=96760"}],"curies":[{"name":"wp","href":"https:\/\/api.w.org\/{rel}","templated":true}]}}