{"id":96762,"date":"2025-05-13T12:09:10","date_gmt":"2025-05-13T12:09:10","guid":{"rendered":"https:\/\/www.europesays.com\/fr\/96762\/"},"modified":"2025-05-13T12:09:10","modified_gmt":"2025-05-13T12:09:10","slug":"eva-16-ans-retrouvee-saine-et-sauve-apres-son-inquietante-disparition","status":"publish","type":"post","link":"https:\/\/www.europesays.com\/fr\/96762\/","title":{"rendered":"\u00c9va, 16 ans, retrouv\u00e9e saine et sauve apr\u00e8s son inqui\u00e9tante disparition"},"content":{"rendered":"<p>L\u2019adolescente avait disparu depuis douze jours et avait coup\u00e9 toutes ses communications. Une enqu\u00eate avait \u00e9t\u00e9 ouverte. Craignant qu\u2019elle ait \u00e9t\u00e9 victime d\u2019un r\u00e9seau de prostitution, ses parents ne s\u2019attendaient pas \u00e0 ce qu\u2019elle soit retrouv\u00e9e \u00e0 Nice.<\/p>\n<p class=\"fig-paragraph\">La jeune \u00c9va, 16 ans, qui avait disparu depuis le 1er mai \u00e0 Nice (Alpes-Maritimes), a finalement \u00e9t\u00e9 retrouv\u00e9e saine et sauve dans cette m\u00eame ville lundi soir, ont indiqu\u00e9 la police et ses parents sur les r\u00e9seaux sociaux. La disparition inqui\u00e9tante de cette adolescente avait\u00a0<a href=\"http:\/\/www.lefigaro.fr\/nice\/nice-fugue-ou-victime-d-un-reseau-de-prostitution-une-enquete-ouverte-apres-la-disparition-d-eva-16-ans-20250506\" data-fig-type=\"NewsFlash\" data-gtm-custom-categorie=\"navigation\" data-gtm-custom-action=\"crossclick\" data-gtm-custom-label=\"Contextuel\" data-gtm-event=\"customEventSPE\" data-fig-domain=\"LEFIGARO\" rel=\"nofollow noopener\" target=\"_blank\">suscit\u00e9 l\u2019\u00e9moi et la crainte qu\u2019elle soit victime d\u2019un r\u00e9seau de prostitution<\/a>\u00a0selon sa m\u00e8re, qui avait m\u00eame d\u00e9pos\u00e9 plainte. Une enqu\u00eate avait \u00e9t\u00e9 ouverte par le parquet de Nice pour cette disparition mais aussi pour soustraction de mineur.<\/p>\n<p class=\"fig-paragraph\">Des policiers ont r\u00e9ussi \u00e0 l\u2019appr\u00e9hender \u00e0 Nice dans la soir\u00e9e apr\u00e8s avoir \u00e9t\u00e9 pr\u00e9venus par un passant qui avait reconnu l\u2019adolescente gr\u00e2ce aux photos diffus\u00e9es. \u00abIl a eu un excellent r\u00e9flexe en appelant le 17 et la police secours est arriv\u00e9e tr\u00e8s vite car chaque minute peut \u00eatre d\u00e9cisive dans ce genre d\u2019affaire\u00bb, souligne Laurent Martin de Fr\u00e9mont, d\u00e9l\u00e9gu\u00e9 du syndicat UN1T\u00c9 des Alpes-Maritimes.<\/p>\n<p class=\"fig-paragraph\">Les agents ont ensuite pr\u00e9venu ses parents, qui pensaient, eux, qu\u2019elle avait davantage de chances de se trouver entre Toulon et Marseille. \u00abLa jeune fille continuait \u00e0 tracer sa route\u00bb, explique le repr\u00e9sentant syndical. \u00abC\u2019est une belle affaire car bon nombre de ce type ne se finisse pas comme \u00e7a\u00bb, ajoute-t-il, saluant aussi le \u00abtravail acharn\u00e9\u00bb des enqu\u00eateurs.<\/p>\n<p>Entraide<\/p>\n<p class=\"fig-paragraph\">D\u2019autant plus que l\u2019adolescente avait coup\u00e9 toutes ses communications. \u00abJe suis convaincu que ma fille a fait de mauvaises rencontres\u00bb, avait expliqu\u00e9 sa m\u00e8re en pleine d\u00e9tresse dans les m\u00e9dias et en gardant l\u2019anonymat. Son p\u00e8re avait aussi partag\u00e9 une description physique sur les r\u00e9seaux sociaux, qui a donc pu se r\u00e9v\u00e9ler utile pour la retrouver. Il a fait part de sa \u00abjoie immense\u00bb\u00a0: \u00abtoute cette entraide aura forc\u00e9ment permis un tel d\u00e9nouement\u00bb, a-t-il \u00e9crit, soulag\u00e9.<\/p>\n<p class=\"fig-paragraph\">En revanche, un autre adolescent de 15 ans r\u00e9sidant dans un village de l\u2019est du Var, est toujours\u00a0<a href=\"http:\/\/www.lefigaro.fr\/nice\/un-appel-a-temoins-lance-apres-la-disparition-d-un-adolescent-de-15-ans-pres-de-grasse-20250411\" data-fig-type=\"NewsFlash\" data-gtm-custom-categorie=\"navigation\" data-gtm-custom-action=\"crossclick\" data-gtm-custom-label=\"Contextuel\" data-gtm-event=\"customEventSPE\" data-fig-domain=\"LEFIGARO\" rel=\"nofollow noopener\" target=\"_blank\">port\u00e9 disparu depuis le 5 avril<\/a>. Il pourrait avoir parcouru une longue distance \u00e0 scooter jusqu\u2019\u00e0 la fronti\u00e8re espagnole mais reste toujours introuvable alors qu\u2019un appel \u00e0 t\u00e9moins a \u00e9t\u00e9 diffus\u00e9 par la gendarmerie.<\/p>\n","protected":false},"excerpt":{"rendered":"L\u2019adolescente avait disparu depuis douze jours et avait coup\u00e9 toutes ses communications. Une enqu\u00eate avait \u00e9t\u00e9 ouverte. Craignant&hellip;\n","protected":false},"author":2,"featured_media":96763,"comment_status":"","ping_status":"","sticky":false,"template":"","format":"standard","meta":{"footnotes":""},"categories":[2819],"tags":[1111,11,2898,2829,2971,2972,2973,2974,2715,1777,674,2975,1011,27,886,2969,2970,2987,2980,12,2401,2897,2976,2977,2978,2985,2986,2979,2981,2982,2983,2984,2991,2992,2993,2994,2996,2997,2998,2999,3000,3001,3002,2995,3003,3004,3005,3007,2268,882,21027,25,2988,2989,2990,2968,3006],"class_list":{"0":"post-96762","1":"post","2":"type-post","3":"status-publish","4":"format-standard","5":"has-post-thumbnail","7":"category-nice","8":"tag-actu","9":"tag-actualites","10":"tag-alpes-maritimes","11":"tag-baumettes","12":"tag-carabacel","13":"tag-caucade","14":"tag-cimiez","15":"tag-cremat","16":"tag-disparition","17":"tag-eu","18":"tag-europe","19":"tag-fabron","20":"tag-fr","21":"tag-france","22":"tag-fugue","23":"tag-larenas","24":"tag-lariane","25":"tag-le-ray","26":"tag-lingostiere","27":"tag-news","28":"tag-nice","29":"tag-nice-cote-dazur","30":"tag-nice-gairaut","31":"tag-nice-gambetta","32":"tag-nice-jean-medecin","33":"tag-nice-le-piol","34":"tag-nice-le-port","35":"tag-nice-liberation","36":"tag-nice-magnan","37":"tag-nice-mantega-mont-boron","38":"tag-nice-pasteur","39":"tag-nice-pessicart","40":"tag-nice-rue-de-france","41":"tag-nice-saint-antoine","42":"tag-nice-saint-augustin","43":"tag-nice-saint-isidore","44":"tag-nice-saint-maurice","45":"tag-nice-saint-pancrace","46":"tag-nice-saint-philippe","47":"tag-nice-saint-pierre-de-feric","48":"tag-nice-saint-roch","49":"tag-nice-saint-roman-de-bellet","50":"tag-nice-saint-sylvestre","51":"tag-nice-sainte-marguerite","52":"tag-nice-thiers","53":"tag-nice-ventabrun","54":"tag-nice-vernier","55":"tag-nice-vinaigrier","56":"tag-ogc-nice","57":"tag-provence-alpes-cote-dazur","58":"tag-proxenetisme","59":"tag-republique-francaise","60":"tag-rimiez","61":"tag-riquier","62":"tag-roquebilliere","63":"tag-sud-est","64":"tag-vieux-nice"},"share_on_mastodon":{"url":"","error":"Validation failed: Text character limit of 500 exceeded"},"_links":{"self":[{"href":"https:\/\/www.europesays.com\/fr\/wp-json\/wp\/v2\/posts\/96762","targetHints":{"allow":["GET"]}}],"collection":[{"href":"https:\/\/www.europesays.com\/fr\/wp-json\/wp\/v2\/posts"}],"about":[{"href":"https:\/\/www.europesays.com\/fr\/wp-json\/wp\/v2\/types\/post"}],"author":[{"embeddable":true,"href":"https:\/\/www.europesays.com\/fr\/wp-json\/wp\/v2\/users\/2"}],"replies":[{"embeddable":true,"href":"https:\/\/www.europesays.com\/fr\/wp-json\/wp\/v2\/comments?post=96762"}],"version-history":[{"count":0,"href":"https:\/\/www.europesays.com\/fr\/wp-json\/wp\/v2\/posts\/96762\/revisions"}],"wp:featuredmedia":[{"embeddable":true,"href":"https:\/\/www.europesays.com\/fr\/wp-json\/wp\/v2\/media\/96763"}],"wp:attachment":[{"href":"https:\/\/www.europesays.com\/fr\/wp-json\/wp\/v2\/media?parent=96762"}],"wp:term":[{"taxonomy":"category","embeddable":true,"href":"https:\/\/www.europesays.com\/fr\/wp-json\/wp\/v2\/categories?post=96762"},{"taxonomy":"post_tag","embeddable":true,"href":"https:\/\/www.europesays.com\/fr\/wp-json\/wp\/v2\/tags?post=96762"}],"curies":[{"name":"wp","href":"https:\/\/api.w.org\/{rel}","templated":true}]}}