{"id":96764,"date":"2025-05-13T12:10:12","date_gmt":"2025-05-13T12:10:12","guid":{"rendered":"https:\/\/www.europesays.com\/fr\/96764\/"},"modified":"2025-05-13T12:10:12","modified_gmt":"2025-05-13T12:10:12","slug":"a-nantes-un-jeune-magazine-reve-de-devenir-un-tremplin-pour-les-jeunes-artistes-2","status":"publish","type":"post","link":"https:\/\/www.europesays.com\/fr\/96764\/","title":{"rendered":"A Nantes, un jeune magazine r\u00eave de devenir un tremplin pour les jeunes artistes"},"content":{"rendered":"<p>En\u00a02022, Marin, Lucile et Nine terminent leur master Illustration 2D\/3D dans une <a href=\"https:\/\/www.ecv.fr\/\" target=\"_blank\" class=\"color-ultramarine c-link\" rel=\"noopener\">\u00e9cole de design nantaise<\/a> (ECV). Comme des milliers d\u2019\u00e9tudiants, elles rencontrent les pires difficult\u00e9s pour obtenir un stage de fin d\u2019\u00e9tude, condition sine qua non pour valider leur dipl\u00f4me. Nine Theret se souvient avoir adress\u00e9 une \u00ab\u00a0centaine de CV\u00a0\u00bb en France, mais aussi en Belgique et au Canada. En vain. Marin Duret signe finalement un <a href=\"https:\/\/www.20minutes.fr\/vie-pro\/4104982-20240808-comment-obtenir-convention-stage-ecole\" class=\"color-ultramarine c-link\" target=\"_blank\" rel=\"noopener\">stage de 4 mois<\/a> au sein d\u2019un label de musique. Pour les deux autres, les demandes restent d\u00e9sesp\u00e9r\u00e9ment sans r\u00e9ponse. Alors que la fin d\u2019ann\u00e9e approche, la direction de l\u2019\u00e9tablissement sup\u00e9rieur propose aux \u00e9tudiants sans stage de se lancer dans une \u00ab\u00a0nouvelle exp\u00e9rience professionnelle\u00a0\u00bb en lien avec le domaine de l\u2019art.<\/p>\n<p>C\u2019est ainsi qu\u2019est n\u00e9 le projet <a href=\"https:\/\/www.instagram.com\/breson_fanzine\/\" target=\"_blank\" class=\"color-ultramarine c-link\" rel=\"noopener\">Breson<\/a>, un fanzine (1) de cr\u00e9ation artistique. \u00ab\u00a0Le nom vient d\u2019une blague, c\u2019est le verlan de sombre, sourit Nine Theret. On \u00e9tait toutes dans des \u00e9tats psychologiques un peu d\u00e9prim\u00e9s.\u00a0\u00bb<\/p>\n<p>Les trois \u00e9tudiantes se mettent en t\u00eate de produire un magazine regroupant les \u0153uvres d\u2019artistes \u00e9mergents. Un appel \u00e0 projets est lanc\u00e9 sur les r\u00e9seaux sociaux. Le th\u00e8me retenu\u00a0? L\u2019obscurit\u00e9 et ses m\u00e9andres. Apr\u00e8s avoir re\u00e7u une soixantaine de candidatures, 27 artistes sont s\u00e9lectionn\u00e9s pour le premier num\u00e9ro.<\/p>\n<p>Petits boulots pr\u00e9caires dans les jeux de soci\u00e9t\u00e9<\/p>\n<p>Une campagne de financement leur permet de r\u00e9colter environ 500 euros pour l\u2019impression de 90 exemplaires \u00e0 la toute fin de leur \u00e9tude. Les trois jeunes femmes valident ainsi leur master. Un soulagement. Sauf que le projet \u00e9tudiant ne va pas s\u2019arr\u00eater l\u00e0. Fort de ce d\u00e9but prometteur, elles s\u2019attellent d\u00e9j\u00e0 \u00e0 la pr\u00e9paration du deuxi\u00e8me num\u00e9ro, tout en encha\u00eenant de petits boulots pr\u00e9caires dans l\u2019\u00e9dition de jeux de soci\u00e9t\u00e9. Le format \u00e9volue, les artistes disposent d\u2019espaces suppl\u00e9mentaires pour s\u2019exprimer. 160 exemplaires sont \u00e9coul\u00e9s.<\/p>\n<p>En\u00a02025, les trois jeunes femmes ont lanc\u00e9 une nouvelle campagne de financement pour l\u2019\u00e9dition d\u2019un troisi\u00e8me num\u00e9ro, Lichen, sur le th\u00e8me de la nature. L\u2019association a d\u00e9j\u00e0 r\u00e9colt\u00e9 pr\u00e8s de\u00a03.000 euros (112 contributions), pulv\u00e9risant son objectif initial d\u2019atteindre les 1.400 euros.<\/p>\n<p>Des magazines disponibles dans des librairies sp\u00e9cialis\u00e9es<\/p>\n<p>Une centaine de projets ont \u00e9t\u00e9 adress\u00e9s \u00e0 la jeune association. L\u2019ouvrage de 96 pages r\u00e9alis\u00e9 par 13 artistes m\u00eale illustrations, bandes dessin\u00e9es, histoires et une s\u00e9rie d\u2019articles d\u00e9voilant les diff\u00e9rentes \u00e9tapes d\u2019un projet artistique. \u00ab\u00a0On a voulu rajouter des articles et des interviews d\u2019artistes pour que les \u00e9tudiants se sentent un peu moins perdus\u00a0\u00bb, ajoute Marin Duret. Lichen dont la publication est pr\u00e9vue au cours de l\u2019\u00e9t\u00e9\u00a02025 sera disponible dans des librairies ind\u00e9pendantes \u00e0 Nantes au prix de 13 euros.<\/p>\n<p>Pour l\u2019instant, l\u2019association n\u2019est pas en mesure de facturer les artistes qui participent au magazine. \u00ab\u00a0Nous les r\u00e9mun\u00e9rons sous forme de cachet \u00e0 hauteur de 30 euros par artiste\u00a0\u00bb, pr\u00e9cisent-elles, presque g\u00ean\u00e9es de pratiquer un tarif aussi bas.<\/p>\n<p>A terme, le jeune magazine a pour ambition de devenir \u00ab\u00a0un tremplin\u00a0\u00bb pour la carri\u00e8re des jeunes artistes, en leur offrant une \u00ab\u00a0r\u00e9mun\u00e9ration \u00e0 la hauteur de leur travail\u00a0\u00bb. Les trois jeunes femmes aimeraient \u00e9galement \u00e9diter d\u2019autres objets comme des cartes \u00e0 collectionner.<\/p>\n<p>(1) Un fanzine d\u00e9signe une publication de faible diffusion \u00e9labor\u00e9e par des passionn\u00e9s de science-fiction, de bandes dessin\u00e9es, de cin\u00e9ma.<\/p>\n<p><script async src=\"\/\/www.instagram.com\/embed.js\"><\/script><\/p>\n","protected":false},"excerpt":{"rendered":"En\u00a02022, Marin, Lucile et Nine terminent leur master Illustration 2D\/3D dans une \u00e9cole de design nantaise (ECV). Comme&hellip;\n","protected":false},"author":2,"featured_media":96765,"comment_status":"","ping_status":"","sticky":false,"template":"","format":"standard","meta":{"footnotes":""},"categories":[2818],"tags":[1111,11,3734,4854,4081,1777,674,1011,27,3047,766,12,2636,1306,25],"class_list":{"0":"post-96764","1":"post","2":"type-post","3":"status-publish","4":"format-standard","5":"has-post-thumbnail","7":"category-nantes","8":"tag-actu","9":"tag-actualites","10":"tag-art","11":"tag-enseignement-superieur","12":"tag-etudiant","13":"tag-eu","14":"tag-europe","15":"tag-fr","16":"tag-france","17":"tag-loire-atlantique","18":"tag-nantes","19":"tag-news","20":"tag-pays-de-la-loire","21":"tag-regions","22":"tag-republique-francaise"},"share_on_mastodon":{"url":"https:\/\/pubeurope.com\/@fr\/114500457245215398","error":""},"_links":{"self":[{"href":"https:\/\/www.europesays.com\/fr\/wp-json\/wp\/v2\/posts\/96764","targetHints":{"allow":["GET"]}}],"collection":[{"href":"https:\/\/www.europesays.com\/fr\/wp-json\/wp\/v2\/posts"}],"about":[{"href":"https:\/\/www.europesays.com\/fr\/wp-json\/wp\/v2\/types\/post"}],"author":[{"embeddable":true,"href":"https:\/\/www.europesays.com\/fr\/wp-json\/wp\/v2\/users\/2"}],"replies":[{"embeddable":true,"href":"https:\/\/www.europesays.com\/fr\/wp-json\/wp\/v2\/comments?post=96764"}],"version-history":[{"count":0,"href":"https:\/\/www.europesays.com\/fr\/wp-json\/wp\/v2\/posts\/96764\/revisions"}],"wp:featuredmedia":[{"embeddable":true,"href":"https:\/\/www.europesays.com\/fr\/wp-json\/wp\/v2\/media\/96765"}],"wp:attachment":[{"href":"https:\/\/www.europesays.com\/fr\/wp-json\/wp\/v2\/media?parent=96764"}],"wp:term":[{"taxonomy":"category","embeddable":true,"href":"https:\/\/www.europesays.com\/fr\/wp-json\/wp\/v2\/categories?post=96764"},{"taxonomy":"post_tag","embeddable":true,"href":"https:\/\/www.europesays.com\/fr\/wp-json\/wp\/v2\/tags?post=96764"}],"curies":[{"name":"wp","href":"https:\/\/api.w.org\/{rel}","templated":true}]}}