{"id":96776,"date":"2025-05-13T12:16:14","date_gmt":"2025-05-13T12:16:14","guid":{"rendered":"https:\/\/www.europesays.com\/fr\/96776\/"},"modified":"2025-05-13T12:16:14","modified_gmt":"2025-05-13T12:16:14","slug":"participez-aux-reunions-publiques-sur-le-tramway-du-pole-metropolitain-de-roubaix-tourcoing","status":"publish","type":"post","link":"https:\/\/www.europesays.com\/fr\/96776\/","title":{"rendered":"Participez aux r\u00e9unions publiques sur le tramway du p\u00f4le m\u00e9tropolitain de Roubaix-Tourcoing"},"content":{"rendered":"<p>Dans le cadre de la nouvelle offre de transport m\u00e9tropolitain,<a href=\"https:\/\/www.lillemetropole.fr\/extramobile-le-tramway-du-pole-metropolitain-roubaix-tourcoing\" rel=\"nofollow noopener\" target=\"_blank\">\u00a0le futur tramway du versant nord-est<\/a>, essentiel pour r\u00e9pondre aux besoins de mobilit\u00e9 de ce territoire, franchira cette fin d\u2019ann\u00e9e une \u00e9tape d\u00e9cisive : l\u2019enqu\u00eate publique, \u00e0 l\u2019issue de laquelle doit \u00eatre obtenue la D\u00e9claration d\u2019Utilit\u00e9 Publique.<\/p>\n<p>Deux autorisations sont n\u00e9cessaires dans le cadre d\u2019un projet de tramway :<strong>\u00a0la D\u00e9claration d\u2019Utilit\u00e9 Publique (DUP)<\/strong>\u00a0et<strong>\u00a0l\u2019Autorisation Environnementale (AE)<\/strong>. La DUP constitue la premi\u00e8re \u00e9tape. Dans la continuit\u00e9 de la concertation, elle permet en effet de d\u00e9clarer d\u2019int\u00e9r\u00eat g\u00e9n\u00e9ral le projet d\u2019infrastructure, et ainsi d\u2019autoriser l\u2019acquisition des fonciers n\u00e9cessaires \u00e0 la r\u00e9alisation du projet.<\/p>\n<p><strong>La MEL vous invite \u00e0 des r\u00e9unions publiques\u00a0<\/strong><\/p>\n<p>Afin de pr\u00e9parer cette enqu\u00eate publique qui devrait se d\u00e9rouler d\u2019ici la fin de l\u2019ann\u00e9e, venez\u00a0<strong>d\u00e9couvrir<\/strong>\u00a0le projet,\u00a0<strong>\u00e9changer<\/strong>\u00a0librement et\u00a0<strong>poser toutes vos questions<\/strong>\u00a0\u00e0 l\u2019\u00e9quipe qui le porte. Ces rencontres ont lieu :<\/p>\n<ul>\n<li>le 14 mai \u00e0 Roubaix<\/li>\n<li>le 21 mai \u00e0 Hem<\/li>\n<li>le 20 mai \u00e0 Neuville-en-Ferrain<\/li>\n<li>le 3 juin \u00e0 Wattrelos<\/li>\n<\/ul>\n<p>Autres dates \u00e0 venir sur la plate-forme de participation.<\/p>\n<p>Retrouvez\u00a0<strong>toutes les informations pratiques<\/strong> sur <a href=\"https:\/\/participation.lillemetropole.fr\/processes\/tramwayroubaixtourcoing\/f\/554\/\" rel=\"nofollow noopener\" target=\"_blank\">le site<\/a><\/p>\n","protected":false},"excerpt":{"rendered":"Dans le cadre de la nouvelle offre de transport m\u00e9tropolitain,\u00a0le futur tramway du versant nord-est, essentiel pour r\u00e9pondre&hellip;\n","protected":false},"author":2,"featured_media":96777,"comment_status":"","ping_status":"","sticky":false,"template":"","format":"standard","meta":{"footnotes":""},"categories":[2815],"tags":[1111,11,9857,1777,674,1011,27,811,1307,12,25,17172,4109],"class_list":{"0":"post-96776","1":"post","2":"type-post","3":"status-publish","4":"format-standard","5":"has-post-thumbnail","7":"category-lille","8":"tag-actu","9":"tag-actualites","10":"tag-amenagement","11":"tag-eu","12":"tag-europe","13":"tag-fr","14":"tag-france","15":"tag-hauts-de-france","16":"tag-lille","17":"tag-news","18":"tag-republique-francaise","19":"tag-reunion-publique","20":"tag-tramway"},"share_on_mastodon":{"url":"https:\/\/pubeurope.com\/@fr\/114500480953265549","error":""},"_links":{"self":[{"href":"https:\/\/www.europesays.com\/fr\/wp-json\/wp\/v2\/posts\/96776","targetHints":{"allow":["GET"]}}],"collection":[{"href":"https:\/\/www.europesays.com\/fr\/wp-json\/wp\/v2\/posts"}],"about":[{"href":"https:\/\/www.europesays.com\/fr\/wp-json\/wp\/v2\/types\/post"}],"author":[{"embeddable":true,"href":"https:\/\/www.europesays.com\/fr\/wp-json\/wp\/v2\/users\/2"}],"replies":[{"embeddable":true,"href":"https:\/\/www.europesays.com\/fr\/wp-json\/wp\/v2\/comments?post=96776"}],"version-history":[{"count":0,"href":"https:\/\/www.europesays.com\/fr\/wp-json\/wp\/v2\/posts\/96776\/revisions"}],"wp:featuredmedia":[{"embeddable":true,"href":"https:\/\/www.europesays.com\/fr\/wp-json\/wp\/v2\/media\/96777"}],"wp:attachment":[{"href":"https:\/\/www.europesays.com\/fr\/wp-json\/wp\/v2\/media?parent=96776"}],"wp:term":[{"taxonomy":"category","embeddable":true,"href":"https:\/\/www.europesays.com\/fr\/wp-json\/wp\/v2\/categories?post=96776"},{"taxonomy":"post_tag","embeddable":true,"href":"https:\/\/www.europesays.com\/fr\/wp-json\/wp\/v2\/tags?post=96776"}],"curies":[{"name":"wp","href":"https:\/\/api.w.org\/{rel}","templated":true}]}}