{"id":9678,"date":"2025-04-08T08:01:16","date_gmt":"2025-04-08T08:01:16","guid":{"rendered":"https:\/\/www.europesays.com\/fr\/9678\/"},"modified":"2025-04-08T08:01:16","modified_gmt":"2025-04-08T08:01:16","slug":"faut-il-regarder-le-telefilm-avec-david-baiot-et-erika-sainte-diffuse-ce-mardi-8-avril-2025-notre-avis","status":"publish","type":"post","link":"https:\/\/www.europesays.com\/fr\/9678\/","title":{"rendered":"Faut-il regarder le t\u00e9l\u00e9film avec David Ba\u00efot et Erika Sainte diffus\u00e9 ce mardi 8 avril 2025 ? Notre avis"},"content":{"rendered":"<p>Vous n&rsquo;aimez pas Koh Lanta ? France 3 a pens\u00e9 \u00e0 vous et propose ce mardi 8 avril La mal\u00e9diction du lys, un unitaire avec en t\u00eate d&rsquo;affiche, David Ba\u00efot et Erika Sainte. Vaut-il le visionnage ? Notre avis.<\/p>\n<p>Alors que Koh Lanta continue de d\u00e9cha\u00eener les passions sur TF1 et que France 2 s&rsquo;int\u00e9ressera au proc\u00e8s de Klaus Barbie, France 3 propose, ce mardi 8 avril, une fiction avec la rediffusion de <a href=\"https:\/\/www.programme-tv.net\/programme\/telefilm\/24864049-la-malediction-du-lys\/\" target=\"_blank\" rel=\"noopener\">La mal\u00e9diction du lys<\/a>, \u00e0 partir de 21h10. Alors ce Meurtre \u00e0&#8230; &#8211; qui n&rsquo;en est pas un &#8211; avec David Ba\u00efot et Erika Sainte vaut-il une s\u00e9ance de rattrapage ? On vous donne la r\u00e9ponse !<\/p>\n<p><b>La mal\u00e9diction du lys <\/b><b>(France 3) : De quoi parle ce t\u00e9l\u00e9film in\u00e9dit ?<\/b><\/p>\n<p>Le pitch de cet unitaire ? Le corps d\u2019un promoteur immobilier et candidat \u00e0 la mairie de Bordeaux est retrouv\u00e9 \u00e0 son domicile. Ce dernier, assassin\u00e9, est d\u00e9couvert par ses plus proches amis, tous issus, comme la victime, de grandes familles bordelaises au pass\u00e9 trouble durant la traite n\u00e9gri\u00e8re. Pour retrouver le tueur et stopper cette s\u00e9rie de meurtres, Cl\u00e9mence Lacoste, une capitaine de police locale, fait \u00e9quipe avec le lieutenant parisien Antoine Rosy, et ils vont d\u00e9couvrir ensemble des \u00e9l\u00e9ments enfouis de l\u2019histoire de Bordeaux&#8230; mais surtout de leur propre pass\u00e9 et origines.<\/p>\n<p>                        <b>La mal\u00e9diction du lys <\/b><b>(France 3) : faut-il regarder ce t\u00e9l\u00e9film avec David Ba\u00efot et Erika Sainte? <\/b><\/p>\n<p>Erika Sainte (<a href=\"https:\/\/www.programme-tv.net\/news\/series-tv\/373062-exclu-cest-vraiment-ma-soeur-olivier-marchal-se-confie-sur-cette-actrice-dont-il-est-tres-proche\/\" data-api-deeplink=\"teleloisirs:\/\/news\/373062\" target=\"_blank\" rel=\"noopener\">sur laquelle Olivier Marchal ne tarit pas d&rsquo;\u00e9loges<\/a>) et <a href=\"https:\/\/www.programme-tv.net\/news\/series-tv\/329209-je-ne-voulais-pas-que-mon-personnage-soit-le-noir-de-service-david-baiot-raconte-comment-il-a-evite-les-cliches-dans-la-malediction-du-lys\/\" data-api-deeplink=\"teleloisirs:\/\/news\/329209\" target=\"_blank\" rel=\"noopener\">David Ba\u00efot,<\/a> l&rsquo;interpr\u00e8te de Djawad dans <a href=\"https:\/\/www.programme-tv.net\/news\/series-tv\/328616-je-ne-vais-pas-vous-mentir-david-baiot-qui-a-campe-le-role-de-djawad-sangha-dans-plus-belle-la-vie-donne-son-avis-sur-un-eventuel-retour-de-la-serie\/\" data-api-deeplink=\"teleloisirs:\/\/news\/328616\" target=\"_blank\" rel=\"noopener\">Plus belle la vie<\/a> sur France 3 et TF1 campent un bon duo d&rsquo;enqu\u00eateurs que tout oppose\u00a0: Cl\u00e9mence Lacoste est une capitaine de police exp\u00e9riment\u00e9e, bordelaise pure souche, Antoine Rosy est un lieutenant parisien peu habitu\u00e9 au terrain. Mais leur enqu\u00eate sur la mort d&rsquo;un promoteur immobilier et candidat \u00e0 la mairie de<a href=\"https:\/\/www.programme-tv.net\/news\/series-tv\/329265-la-malediction-du-lys-ou-a-ete-tourne-le-telefilm-avec-david-baiot-et-erika-sainte\/\" data-api-deeplink=\"teleloisirs:\/\/news\/329265\" target=\"_blank\" rel=\"noopener\"> <\/a>Bordeaux<a href=\"https:\/\/www.programme-tv.net\/news\/series-tv\/329265-la-malediction-du-lys-ou-a-ete-tourne-le-telefilm-avec-david-baiot-et-erika-sainte\/\" data-api-deeplink=\"teleloisirs:\/\/news\/329265\" target=\"_blank\" rel=\"noopener\"> <\/a>selon un rituel r\u00e9serv\u00e9, deux si\u00e8cles plus t\u00f4t, aux esclaves en fuite, ronronne. Il y a trop peu d&rsquo;action dans cette immersion chez les notables de la cit\u00e9 girondine. Reste que cette fiction permet d&rsquo;\u00e9voquer avec justesse le pass\u00e9 de la traite n\u00e9gri\u00e8re.<\/p>\n","protected":false},"excerpt":{"rendered":"Vous n&rsquo;aimez pas Koh Lanta ? France 3 a pens\u00e9 \u00e0 vous et propose ce mardi 8 avril&hellip;\n","protected":false},"author":2,"featured_media":9679,"comment_status":"","ping_status":"","sticky":false,"template":"","format":"standard","meta":{"footnotes":""},"categories":[1356],"tags":[244,4831,58,59,4832,1011,27,876,4834,4833,252,1364],"class_list":{"0":"post-9678","1":"post","2":"type-post","3":"status-publish","4":"format-standard","5":"has-post-thumbnail","7":"category-television","8":"tag-commentaire","9":"tag-david-baiot","10":"tag-divertissement","11":"tag-entertainment","12":"tag-erika-sainte","13":"tag-fr","14":"tag-france","15":"tag-france-3","16":"tag-la-malu00e9diction-du-lys","17":"tag-la-malu00e9diction-du-lys-10062023-2110-france-3","18":"tag-television","19":"tag-tv"},"share_on_mastodon":{"url":"https:\/\/pubeurope.com\/@fr\/114301297256789221","error":""},"_links":{"self":[{"href":"https:\/\/www.europesays.com\/fr\/wp-json\/wp\/v2\/posts\/9678","targetHints":{"allow":["GET"]}}],"collection":[{"href":"https:\/\/www.europesays.com\/fr\/wp-json\/wp\/v2\/posts"}],"about":[{"href":"https:\/\/www.europesays.com\/fr\/wp-json\/wp\/v2\/types\/post"}],"author":[{"embeddable":true,"href":"https:\/\/www.europesays.com\/fr\/wp-json\/wp\/v2\/users\/2"}],"replies":[{"embeddable":true,"href":"https:\/\/www.europesays.com\/fr\/wp-json\/wp\/v2\/comments?post=9678"}],"version-history":[{"count":0,"href":"https:\/\/www.europesays.com\/fr\/wp-json\/wp\/v2\/posts\/9678\/revisions"}],"wp:featuredmedia":[{"embeddable":true,"href":"https:\/\/www.europesays.com\/fr\/wp-json\/wp\/v2\/media\/9679"}],"wp:attachment":[{"href":"https:\/\/www.europesays.com\/fr\/wp-json\/wp\/v2\/media?parent=9678"}],"wp:term":[{"taxonomy":"category","embeddable":true,"href":"https:\/\/www.europesays.com\/fr\/wp-json\/wp\/v2\/categories?post=9678"},{"taxonomy":"post_tag","embeddable":true,"href":"https:\/\/www.europesays.com\/fr\/wp-json\/wp\/v2\/tags?post=9678"}],"curies":[{"name":"wp","href":"https:\/\/api.w.org\/{rel}","templated":true}]}}