{"id":96782,"date":"2025-05-13T12:19:08","date_gmt":"2025-05-13T12:19:08","guid":{"rendered":"https:\/\/www.europesays.com\/fr\/96782\/"},"modified":"2025-05-13T12:19:08","modified_gmt":"2025-05-13T12:19:08","slug":"constructa-pose-la-premiere-pierre-de-sa-tour-marseillaise-m99","status":"publish","type":"post","link":"https:\/\/www.europesays.com\/fr\/96782\/","title":{"rendered":"Constructa pose la premi\u00e8re pierre de sa tour marseillaise M99"},"content":{"rendered":"<p>M99 comme Marseille, M\u00e9diterran\u00e9e, mouvement, mutation\u2026\u00a0 \u00c0 l&rsquo;heure o\u00f9 les villes repensent leur d\u00e9veloppement pour concilier attractivit\u00e9 et durabilit\u00e9, le groupe Constructa vient de poser la premi\u00e8re pierre de <a href=\"https:\/\/www.laprovence.com\/article\/economie\/1214494540244714\/skyline-marseillaise-la-m99-une-tour-atypique-plebiscitee-par-les-entrepreneurs-de-la-cite-phoceenne\" target=\"_blank\" rel=\"noopener\">sa tour M99, sur les quais d&rsquo;Arenc en plein c\u0153ur d&rsquo;Eurom\u00e9diterran\u00e9e<\/a>. Une tour marseillaise de pr\u00e8s de 100 m\u00e8tres, la premi\u00e8re en France depuis 50 ans, dans la continuit\u00e9 de la tour CMA CGM (Zaha Hadid), de La Marseillaise (Jean Nouvel), du Balthazar (Roland Carta) et de La Porte bleue (Pietri Architectes), pour former la superbe skyline phoc\u00e9enne.<\/p>\n<p>C&rsquo;est en 2002 que l&rsquo;architecte et chef d&rsquo;entreprise visionnaire Marc Pietri avait acquis la friche des quais d&rsquo;Arenc et d\u00e9voil\u00e9 en 2006 la construction de ces tours. Avec le lancement de M99, les quais d&rsquo;Arenc entament le 4e et dernier acte de la red\u00e9finition de <a href=\"https:\/\/www.laprovence.com\/article\/economie\/1530955862863316\/a-marseille-la-tour-le-mirabeau-livree-sapprete-a-accueillir-les-premieres-entreprises\" target=\"_blank\" rel=\"noopener\">leur fameuse skyline<\/a>. Sur une emprise fonci\u00e8re de 798 m\u00b2, M99 dont la livraison est pr\u00e9vue en 2028, proposera diff\u00e9rents types d&rsquo;habitat (r\u00e9sidence \u00e9tudiante sociale, h\u00f4tellerie haut de gamme et logements d&rsquo;exception\u2026).<\/p>\n<p>Une tour de 17 \u00e9tages<\/p>\n<p>Dans sa logique de performance environnementale, les fa\u00e7ades seront r\u00e9alis\u00e9es en b\u00e9ton bas carbone et offriront une large part de surfaces vitr\u00e9es (42 % contre 17 % en moyenne). En lieu et place d&rsquo;une ancienne station-service, les travaux de r\u00e9alisation, confi\u00e9s au groupe Legendre, ont d\u00e9but\u00e9 en octobre. La tour de 17 \u00e9tages accueillera 102 appartements et duplex, un restaurant panoramique au 12e, un h\u00f4tel de 8 \u00e9tages et 130 chambres ainsi qu&rsquo;une r\u00e9sidence \u00e9tudiante de 96 logements.<\/p>\n","protected":false},"excerpt":{"rendered":"M99 comme Marseille, M\u00e9diterran\u00e9e, mouvement, mutation\u2026\u00a0 \u00c0 l&rsquo;heure o\u00f9 les villes repensent leur d\u00e9veloppement pour concilier attractivit\u00e9 et&hellip;\n","protected":false},"author":2,"featured_media":96783,"comment_status":"","ping_status":"","sticky":false,"template":"","format":"standard","meta":{"footnotes":""},"categories":[2814],"tags":[17,1111,11,21032,33,1777,674,1011,27,884,12,11850,18062,3051,882,25,21031,133],"class_list":{"0":"post-96782","1":"post","2":"type-post","3":"status-publish","4":"format-standard","5":"has-post-thumbnail","7":"category-marseille","8":"tag-17","9":"tag-actu","10":"tag-actualites","11":"tag-constructa","12":"tag-economie","13":"tag-eu","14":"tag-europe","15":"tag-fr","16":"tag-france","17":"tag-marseille","18":"tag-news","19":"tag-pierre","20":"tag-pose","21":"tag-premiere","22":"tag-provence-alpes-cote-dazur","23":"tag-republique-francaise","24":"tag-skyline","25":"tag-video"},"share_on_mastodon":{"url":"https:\/\/pubeurope.com\/@fr\/114500492558098261","error":""},"_links":{"self":[{"href":"https:\/\/www.europesays.com\/fr\/wp-json\/wp\/v2\/posts\/96782","targetHints":{"allow":["GET"]}}],"collection":[{"href":"https:\/\/www.europesays.com\/fr\/wp-json\/wp\/v2\/posts"}],"about":[{"href":"https:\/\/www.europesays.com\/fr\/wp-json\/wp\/v2\/types\/post"}],"author":[{"embeddable":true,"href":"https:\/\/www.europesays.com\/fr\/wp-json\/wp\/v2\/users\/2"}],"replies":[{"embeddable":true,"href":"https:\/\/www.europesays.com\/fr\/wp-json\/wp\/v2\/comments?post=96782"}],"version-history":[{"count":0,"href":"https:\/\/www.europesays.com\/fr\/wp-json\/wp\/v2\/posts\/96782\/revisions"}],"wp:featuredmedia":[{"embeddable":true,"href":"https:\/\/www.europesays.com\/fr\/wp-json\/wp\/v2\/media\/96783"}],"wp:attachment":[{"href":"https:\/\/www.europesays.com\/fr\/wp-json\/wp\/v2\/media?parent=96782"}],"wp:term":[{"taxonomy":"category","embeddable":true,"href":"https:\/\/www.europesays.com\/fr\/wp-json\/wp\/v2\/categories?post=96782"},{"taxonomy":"post_tag","embeddable":true,"href":"https:\/\/www.europesays.com\/fr\/wp-json\/wp\/v2\/tags?post=96782"}],"curies":[{"name":"wp","href":"https:\/\/api.w.org\/{rel}","templated":true}]}}