{"id":96784,"date":"2025-05-13T12:20:18","date_gmt":"2025-05-13T12:20:18","guid":{"rendered":"https:\/\/www.europesays.com\/fr\/96784\/"},"modified":"2025-05-13T12:20:18","modified_gmt":"2025-05-13T12:20:18","slug":"la-metropole-de-lyon-prend-elle-son-temps-pour-agir","status":"publish","type":"post","link":"https:\/\/www.europesays.com\/fr\/96784\/","title":{"rendered":"la M\u00e9tropole de Lyon prend-elle son temps pour agir ?"},"content":{"rendered":"<p>Fermeture de la mont\u00e9e de la Boucle : la M\u00e9tropole de Lyon prend-elle son temps pour agir ?<\/p>\n<p itemprop=\"description\"><strong>A la suite des <a href=\"https:\/\/www.lyonmag.com\/article\/143804\/la-montee-de-la-boucle-fermee-pendant-plusieurs-semaines\" target=\"_blank\" rel=\"noopener\">violentes intemp\u00e9ries<\/a> qui ont provoqu\u00e9 l\u2019effondrement de la chauss\u00e9e de la mont\u00e9e de la Boucle le dimanche 4 mai, la rue situ\u00e9e entre Caluire-et-Cuire et Lyon 4e est toujours ferm\u00e9e \u00e0 la circulation.<\/strong><\/p>\n<p>Un passage strat\u00e9gique pour de nombreux habitants souhaitant se rendre en Presqu\u2019\u00eele ou pour les patients voulant acc\u00e9der directement \u00e0 l\u2019h\u00f4pital de la Croix-Rousse. Une situation que le groupe\u00a0\u00ab\u00a0Inventer la M\u00e9tropole de Demain\u00a0\u00bb a critiqu\u00e9 dans un communiqu\u00e9 de presse ce mardi 13 mai.<\/p>\n<p>\u00ab\u00a0La M\u00e9tropole, pourtant si prompte \u00e0 multiplier les chantiers lorsqu\u2019il s\u2019agit de servir sa politique clivante des mobilit\u00e9s, semble en revanche totalement absente lorsqu\u2019il s\u2019agit de r\u00e9tablir rapidement un itin\u00e9raire indispensable pour les usagers\u00a0\u00bb, d\u00e9clare le groupe\u00a0\u00ab\u00a0Inventer la M\u00e9tropole de Demain\u00a0\u00bb\u00a0dans leur communiqu\u00e9.<\/p>\n<p>Une fermeture qui entraine de nombreux bouchons dans le secteur et qui \u00ab\u00a0rallonge consid\u00e9rablement le temps de trajet\u00a0\u00bb, impactant fortement ses usagers.\u00a0<\/p>\n<p>\u00ab\u00a0Il est regrettable de constater le manque de r\u00e9activit\u00e9 de la part des autorit\u00e9s comp\u00e9tentes face \u00e0 ce cas de force majeure. L\u2019absence d\u2019informations claires et de perspectives sur la r\u00e9ouverture de cet axe plonge les usagers dans une incertitude injustifiable, aggravant encore la situation pour ceux qui en d\u00e9pendent quotidiennement. L\u2019urgence commande une r\u00e9ponse forte et rapide, \u00e0 la mesure des besoins des habitants et des usagers du territoire\u00a0\u00bb, conclut les \u00e9lus du groupe.<\/p>\n","protected":false},"excerpt":{"rendered":"Fermeture de la mont\u00e9e de la Boucle : la M\u00e9tropole de Lyon prend-elle son temps pour agir ?&hellip;\n","protected":false},"author":2,"featured_media":96785,"comment_status":"","ping_status":"","sticky":false,"template":"","format":"standard","meta":{"footnotes":""},"categories":[1889],"tags":[1111,11,2813,2190,2430,1109,251,1112,2811,1777,674,118,1011,27,1922,1110,1114,2428,2810,12,241,316,25,2812,517,800],"class_list":{"0":"post-96784","1":"post","2":"type-post","3":"status-publish","4":"format-standard","5":"has-post-thumbnail","7":"category-lyon","8":"tag-actu","9":"tag-actualites","10":"tag-article","11":"tag-asvel","12":"tag-auvergne-rhone-alpes","13":"tag-breves","14":"tag-culture","15":"tag-depeches","16":"tag-economique","17":"tag-eu","18":"tag-europe","19":"tag-faits-divers","20":"tag-fr","21":"tag-france","22":"tag-info","23":"tag-informations","24":"tag-infos","25":"tag-lyon","26":"tag-lyonmag","27":"tag-news","28":"tag-ol","29":"tag-politique","30":"tag-republique-francaise","31":"tag-sociale","32":"tag-sport","33":"tag-transports"},"share_on_mastodon":{"url":"https:\/\/pubeurope.com\/@fr\/114500496490928793","error":""},"_links":{"self":[{"href":"https:\/\/www.europesays.com\/fr\/wp-json\/wp\/v2\/posts\/96784","targetHints":{"allow":["GET"]}}],"collection":[{"href":"https:\/\/www.europesays.com\/fr\/wp-json\/wp\/v2\/posts"}],"about":[{"href":"https:\/\/www.europesays.com\/fr\/wp-json\/wp\/v2\/types\/post"}],"author":[{"embeddable":true,"href":"https:\/\/www.europesays.com\/fr\/wp-json\/wp\/v2\/users\/2"}],"replies":[{"embeddable":true,"href":"https:\/\/www.europesays.com\/fr\/wp-json\/wp\/v2\/comments?post=96784"}],"version-history":[{"count":0,"href":"https:\/\/www.europesays.com\/fr\/wp-json\/wp\/v2\/posts\/96784\/revisions"}],"wp:featuredmedia":[{"embeddable":true,"href":"https:\/\/www.europesays.com\/fr\/wp-json\/wp\/v2\/media\/96785"}],"wp:attachment":[{"href":"https:\/\/www.europesays.com\/fr\/wp-json\/wp\/v2\/media?parent=96784"}],"wp:term":[{"taxonomy":"category","embeddable":true,"href":"https:\/\/www.europesays.com\/fr\/wp-json\/wp\/v2\/categories?post=96784"},{"taxonomy":"post_tag","embeddable":true,"href":"https:\/\/www.europesays.com\/fr\/wp-json\/wp\/v2\/tags?post=96784"}],"curies":[{"name":"wp","href":"https:\/\/api.w.org\/{rel}","templated":true}]}}