{"id":96793,"date":"2025-05-13T12:25:12","date_gmt":"2025-05-13T12:25:12","guid":{"rendered":"https:\/\/www.europesays.com\/fr\/96793\/"},"modified":"2025-05-13T12:25:12","modified_gmt":"2025-05-13T12:25:12","slug":"laissez-moi-les-images-de-la-violente-tentative-denlevement-de-la-fille-dun-investisseur-en-bitcoins-a-paris","status":"publish","type":"post","link":"https:\/\/www.europesays.com\/fr\/96793\/","title":{"rendered":"\u00ab\u00a0Laissez-moi !\u00a0\u00bb : les images de la violente tentative d&rsquo;enl\u00e8vement de la fille d&rsquo;un investisseur en bitcoins \u00e0 Paris"},"content":{"rendered":"<p>Ce mardi matin, en plein Paris, trois hommes cagoul\u00e9s ont tent\u00e9, en vain, d&rsquo;enlever la fille d&rsquo;un investisseur en bitcoins en la for\u00e7ant \u00e0 monter dans une fourgonnette.Des t\u00e9moins ont film\u00e9 la sc\u00e8ne, des passants ont tent\u00e9 d&rsquo;intervenir.Le JT de TF1 vous montre les images.<a href=\"https:\/\/www.tf1info.fr\/emissions\/tf1\/le-13h-10927\/\" rel=\"nofollow noopener\" class=\"jsx-3118104007 Link jsx-1428418400 jsx-640816507\" target=\"_blank\"><\/p>\n<p style=\"font-weight:400\" class=\"jsx-1837267516\">Suivez la couverture compl\u00e8te<\/p>\n<p style=\"font-weight:800\" class=\"jsx-1837267516\">Le 13H<\/p>\n<p><\/a><\/p>\n<p data-module=\"article-paragraph\" class=\"jsx-362436225 Paragraph Paragraph__End\">La sc\u00e8ne que montre le reportage du 13H de TF1 ci-dessus a eu lieu peu apr\u00e8s 8 heures ce mardi matin, dans le XIe arrondissement de Paris. Sur ces images amateur, on voit, au sol, un homme et une femme pris pour cible par trois hommes cagoul\u00e9s. Ils tentent de les faire monter de force dans une camionnette blanche. \u00ab\u00a0Laissez-moi, laissez-moi, arr\u00eatez !\u00a0\u00bb, entend-on la femme crier. Les malfaiteurs laissent tomber une arme, la femme r\u00e9ussit \u00e0 s&rsquo;en saisir pour l&rsquo;\u00e9loigner. Quelques secondes plus tard, un homme arrive avec un extincteur, il repousse les malfaiteurs qui prennent la fuite.\u00a0<\/p>\n<ul class=\"jsx-3657663356 ReadMoreArticle__List flex flex-column\">\n<li class=\"jsx-3657663356\"><a href=\"https:\/\/www.tf1info.fr\/justice-faits-divers\/pourquoi-les-magnats-de-la-cryptomonnaie-sont-ils-des-nouvelles-cibles-pour-les-gangs-2368942.html\" rel=\"nofollow noopener\" class=\"jsx-4233824444 Link flex\" target=\"_blank\"><img decoding=\"async\" src=\"https:\/\/www.europesays.com\/fr\/wp-content\/uploads\/2025\/05\/arnaque-cryptomonnaie-6aeca8-0@1x.jpeg\" alt=\"Les victimes pensaient am\u00e9liorer leur situation financi\u00e8re, mais il en a \u00e9t\u00e9 autrement.\" loading=\"lazy\" importance=\"low\" fetchpriority=\"low\" class=\"\"\/>\n<p class=\"jsx-3657663356 ReadMoreArticle__Title\">Lire aussi<\/p>\n<p class=\"jsx-3657663356\">Pourquoi les magnats de la cryptomonnaie sont-ils des nouvelles cibles pour les gangs ? <\/p>\n<p><\/a><\/li>\n<\/ul>\n<p data-module=\"article-paragraph\" class=\"jsx-362436225 Paragraph\">Des habitants du quartier, m\u00e9dus\u00e9s, ont port\u00e9 secours aux victimes, comme ce t\u00e9moin qui pr\u00e9f\u00e8re rester anonyme : \u00ab\u00a0Moi, j&rsquo;ai surtout vu derri\u00e8re la personne en sang par terre, et donc, comme je suis professionnel de sant\u00e9, j&rsquo;ai \u00e9t\u00e9 tout de suite lui procurer les premiers soins. Il y avait une grande fissure sur le cr\u00e2ne\u00a0\u00bb, confie-t-il.<\/p>\n<p data-module=\"article-paragraph\" class=\"jsx-362436225 Paragraph Paragraph__End\">D&rsquo;apr\u00e8s les premiers \u00e9l\u00e9ments, les ravisseurs tentaient de kidnapper la fille d&rsquo;un investisseur en bitcoins. Le mode op\u00e9ratoire rappelle <a href=\"https:\/\/www.tf1info.fr\/justice-faits-divers\/cryptomonnaies-interview-le-directeur-de-la-pj-fabrice-gardon-de-paris-raconte-la-course-contre-la-montre-pour-liberer-un-homme-sequestre-2369045.html\" rel=\"nofollow noopener\" target=\"_blank\">l&rsquo;enl\u00e8vement, il y a une dizaine de jours, du p\u00e8re d&rsquo;un investisseur en cryptomonnaie<\/a>, l\u00e0 aussi en plein Paris. Les malfaiteurs avaient pris la fuite \u00e0 bord d&rsquo;une camionnette de livraison, comme ce mardi matin.\u00a0<\/p>\n<p data-module=\"article-paragraph\" class=\"jsx-362436225 Paragraph Paragraph__End\">Selon nos informations, le v\u00e9hicule blanc utilis\u00e9 aujourd&rsquo;hui a \u00e9t\u00e9 retrouv\u00e9 dans le XIe arrondissement, tout comme l&rsquo;arme des ravisseurs, r\u00e9cup\u00e9r\u00e9e par un passant. Une enqu\u00eate a \u00e9t\u00e9 ouverte et confie \u00e0 la brigade de r\u00e9pression du banditisme.<\/p>\n<p>La r\u00e9daction de TF1info | Reportage Elsa ASSALIT, Laszlo GELABERT, Gilles PARROT<\/p>\n","protected":false},"excerpt":{"rendered":"Ce mardi matin, en plein Paris, trois hommes cagoul\u00e9s ont tent\u00e9, en vain, d&rsquo;enlever la fille d&rsquo;un investisseur&hellip;\n","protected":false},"author":2,"featured_media":96794,"comment_status":"","ping_status":"","sticky":false,"template":"","format":"standard","meta":{"footnotes":""},"categories":[1888],"tags":[1111,1928,11,1927,1921,5392,1777,674,1011,27,1922,2954,5008,12,1926,626,1925,25,133,2953],"class_list":{"0":"post-96793","1":"post","2":"type-post","3":"status-publish","4":"format-standard","5":"has-post-thumbnail","7":"category-paris","8":"tag-actu","9":"tag-actu-paris","10":"tag-actualites","11":"tag-actualites-paris","12":"tag-article-video","13":"tag-cryptomonnaies","14":"tag-eu","15":"tag-europe","16":"tag-fr","17":"tag-france","18":"tag-info","19":"tag-justice-et-faits-divers","20":"tag-le-13h","21":"tag-news","22":"tag-news-paris","23":"tag-paris","24":"tag-paris-news","25":"tag-republique-francaise","26":"tag-video","27":"tag-video-police"},"share_on_mastodon":{"url":"https:\/\/pubeurope.com\/@fr\/114500516123416510","error":""},"_links":{"self":[{"href":"https:\/\/www.europesays.com\/fr\/wp-json\/wp\/v2\/posts\/96793","targetHints":{"allow":["GET"]}}],"collection":[{"href":"https:\/\/www.europesays.com\/fr\/wp-json\/wp\/v2\/posts"}],"about":[{"href":"https:\/\/www.europesays.com\/fr\/wp-json\/wp\/v2\/types\/post"}],"author":[{"embeddable":true,"href":"https:\/\/www.europesays.com\/fr\/wp-json\/wp\/v2\/users\/2"}],"replies":[{"embeddable":true,"href":"https:\/\/www.europesays.com\/fr\/wp-json\/wp\/v2\/comments?post=96793"}],"version-history":[{"count":0,"href":"https:\/\/www.europesays.com\/fr\/wp-json\/wp\/v2\/posts\/96793\/revisions"}],"wp:featuredmedia":[{"embeddable":true,"href":"https:\/\/www.europesays.com\/fr\/wp-json\/wp\/v2\/media\/96794"}],"wp:attachment":[{"href":"https:\/\/www.europesays.com\/fr\/wp-json\/wp\/v2\/media?parent=96793"}],"wp:term":[{"taxonomy":"category","embeddable":true,"href":"https:\/\/www.europesays.com\/fr\/wp-json\/wp\/v2\/categories?post=96793"},{"taxonomy":"post_tag","embeddable":true,"href":"https:\/\/www.europesays.com\/fr\/wp-json\/wp\/v2\/tags?post=96793"}],"curies":[{"name":"wp","href":"https:\/\/api.w.org\/{rel}","templated":true}]}}