{"id":96795,"date":"2025-05-13T12:26:09","date_gmt":"2025-05-13T12:26:09","guid":{"rendered":"https:\/\/www.europesays.com\/fr\/96795\/"},"modified":"2025-05-13T12:26:09","modified_gmt":"2025-05-13T12:26:09","slug":"un-couple-echappe-a-une-tentative-denlevement-en-pleine-rue-a-paris","status":"publish","type":"post","link":"https:\/\/www.europesays.com\/fr\/96795\/","title":{"rendered":"Un couple \u00e9chappe \u00e0 une tentative d\u2019enl\u00e8vement en pleine rue, \u00e0 Paris"},"content":{"rendered":"<p>Les images, authentifi\u00e9es par une source proche du dossier, montrent trois personnes\u00a0cagoul\u00e9es en train de s\u2019en prendre \u00e0 un couple, mardi 13\u00a0mai 2025, dans une rue du 11e\u00a0arrondissement parisien, dans l\u2019est de la capitale. Arm\u00e9s, ils tentent d\u2019emmener de force les deux victimes \u00e0 bord d\u2019une camionnette blanche, marqu\u00e9e Chronopost, en mettant des coups d\u2019extincteur \u00e0 l\u2019homme.<\/p>\n<p>La femme, elle, a le r\u00e9flexe de s\u2019emparer d\u2019une arme de poing appartenant aux braqueurs \u2013 dont on ne sait pas si elle \u00e9tait factice ou non \u2013 et de la jeter au loin. Et, alors que les cris des deux victimes finissent par attirer les passants, les agresseurs, repouss\u00e9s, prennent la fuite \u00e0 bord du v\u00e9hicule, laissant le couple sur le trottoir.<\/p>\n<p>Des auditions et constatations sont en cours. La Brigade de r\u00e9pression du banditisme (BRB) de la police judiciaire parisienne a \u00e9t\u00e9 saisie d\u2019une enqu\u00eate ouverte pour tentative d\u2019enl\u00e8vement, a indiqu\u00e9 une source proche du dossier. <a target=\"_blank\" href=\"https:\/\/www.leparisien.fr\/faits-divers\/paris-des-proches-dun-patron-dune-societe-de-cryptomonnaie-echappent-a-un-enlevement-en-pleine-rue-13-05-2025-XAVCRDAHFBAY5KZDI6SC3KFBGY.php\" rel=\"nofollow noopener\">Selon <\/a><a target=\"_blank\" href=\"https:\/\/www.leparisien.fr\/faits-divers\/paris-des-proches-dun-patron-dune-societe-de-cryptomonnaie-echappent-a-un-enlevement-en-pleine-rue-13-05-2025-XAVCRDAHFBAY5KZDI6SC3KFBGY.php\" rel=\"nofollow noopener\">Le Parisien<\/a>, la femme victime serait la fille du PDG d\u2019une plateforme d\u2019achat de cryptomonnaies.<\/p>\n","protected":false},"excerpt":{"rendered":"Les images, authentifi\u00e9es par une source proche du dossier, montrent trois personnes\u00a0cagoul\u00e9es en train de s\u2019en prendre \u00e0&hellip;\n","protected":false},"author":2,"featured_media":96796,"comment_status":"","ping_status":"","sticky":false,"template":"","format":"standard","meta":{"footnotes":""},"categories":[1888],"tags":[328,11,1777,674,274,1011,27,329,12,626,25],"class_list":{"0":"post-96795","1":"post","2":"type-post","3":"status-publish","4":"format-standard","5":"has-post-thumbnail","7":"category-paris","8":"tag-a-la-une","9":"tag-actualites","10":"tag-eu","11":"tag-europe","12":"tag-faits-divers-justice","13":"tag-fr","14":"tag-france","15":"tag-france-monde","16":"tag-news","17":"tag-paris","18":"tag-republique-francaise"},"share_on_mastodon":{"url":"https:\/\/pubeurope.com\/@fr\/114500520060565014","error":""},"_links":{"self":[{"href":"https:\/\/www.europesays.com\/fr\/wp-json\/wp\/v2\/posts\/96795","targetHints":{"allow":["GET"]}}],"collection":[{"href":"https:\/\/www.europesays.com\/fr\/wp-json\/wp\/v2\/posts"}],"about":[{"href":"https:\/\/www.europesays.com\/fr\/wp-json\/wp\/v2\/types\/post"}],"author":[{"embeddable":true,"href":"https:\/\/www.europesays.com\/fr\/wp-json\/wp\/v2\/users\/2"}],"replies":[{"embeddable":true,"href":"https:\/\/www.europesays.com\/fr\/wp-json\/wp\/v2\/comments?post=96795"}],"version-history":[{"count":0,"href":"https:\/\/www.europesays.com\/fr\/wp-json\/wp\/v2\/posts\/96795\/revisions"}],"wp:featuredmedia":[{"embeddable":true,"href":"https:\/\/www.europesays.com\/fr\/wp-json\/wp\/v2\/media\/96796"}],"wp:attachment":[{"href":"https:\/\/www.europesays.com\/fr\/wp-json\/wp\/v2\/media?parent=96795"}],"wp:term":[{"taxonomy":"category","embeddable":true,"href":"https:\/\/www.europesays.com\/fr\/wp-json\/wp\/v2\/categories?post=96795"},{"taxonomy":"post_tag","embeddable":true,"href":"https:\/\/www.europesays.com\/fr\/wp-json\/wp\/v2\/tags?post=96795"}],"curies":[{"name":"wp","href":"https:\/\/api.w.org\/{rel}","templated":true}]}}