{"id":96804,"date":"2025-05-13T12:31:08","date_gmt":"2025-05-13T12:31:08","guid":{"rendered":"https:\/\/www.europesays.com\/fr\/96804\/"},"modified":"2025-05-13T12:31:08","modified_gmt":"2025-05-13T12:31:08","slug":"emmanuel-macron-en-visite-detat-au-royaume-uni-en-juillet","status":"publish","type":"post","link":"https:\/\/www.europesays.com\/fr\/96804\/","title":{"rendered":"Emmanuel Macron en visite d\u2019\u00c9tat au Royaume-Uni en juillet"},"content":{"rendered":"<p>Pr\u00e8s de deux ans apr\u00e8s <a target=\"_self\" href=\"https:\/\/www.lanouvellerepublique.fr\/a-la-une\/venue-de-charles-iii-en-france-le-programme-complet-de-sa-visite-officielle\" rel=\"nofollow noopener\">la visite de Charles III en France<\/a>, le pr\u00e9sident Emmanuel Macron et son \u00e9pouse, Brigitte, vont lui rendre la pareille. Ils se rendront au Royaume-Uni en visite d\u2019\u00c9tat, du 8 au 10\u00a0juillet 2025, \u00e0 l\u2019invitation du roi, a annonc\u00e9, mardi 13\u00a0mai, l\u2019\u00c9lys\u00e9e dans un communiqu\u00e9.<\/p>\n<p>\u00ab\u00a0\u00c0 l\u2019occasion de cette visite d\u2019\u00c9tat, le pr\u00e9sident de la R\u00e9publique copr\u00e9sidera avec Keir Starmer, premier ministre du Royaume-Uni, le 37e\u00a0sommet franco-britannique en pr\u00e9sence des ministres concern\u00e9s de nos deux pays\u00a0\u00bb, pr\u00e9cise le communiqu\u00e9.<\/p>\n<p>Les Macron s\u00e9journeront \u00e0 Windsor<\/p>\n<p>Dans <a target=\"_blank\" href=\"https:\/\/www.royal.uk\/news-and-activity\/2025-05-13\/state-visit-by-the-president-of-the-french-republic-and-mrs-brigitte\" rel=\"nofollow noopener\">un autre communiqu\u00e9<\/a>, le palais de Buckingham pr\u00e9cise que \u00ab\u00a0le pr\u00e9sident et Brigitte Macron s\u00e9journeront au ch\u00e2teau de Windsor\u00a0\u00bb durant leur s\u00e9jour. La derni\u00e8re visite d\u2019\u00c9tat d\u2019un pr\u00e9sident fran\u00e7ais au Royaume-Uni remonte \u00e0 2008. \u00c0 l\u2019\u00e9poque, Nicolas Sarkozy et Carla Bruni-Sarkozy avaient aussi s\u00e9journ\u00e9 \u00e0 Windsor.<\/p>\n<p>Lors de son voyage en France en septembre\u00a02023, o\u00f9 il avait notamment <a target=\"_self\" href=\"https:\/\/www.lanouvellerepublique.fr\/a-la-une\/visite-de-charles-iii-decouvrez-les-invites-au-diner-d-etat-au-chateau-de-versailles\" rel=\"nofollow noopener\">d\u00een\u00e9 dans la galerie des Glaces du ch\u00e2teau du Versailles<\/a>, <a target=\"_self\" href=\"https:\/\/www.lanouvellerepublique.fr\/a-la-une\/visite-de-charles-iii-une-apres-midi-sur-les-champs-elysees-avant-le-diner-officiel\" rel=\"nofollow noopener\">parad\u00e9 sur les Champs-\u00c9lys\u00e9es<\/a>\u00a0et <a target=\"_self\" href=\"https:\/\/www.lanouvellerepublique.fr\/a-la-une\/en-visite-a-bordeaux-le-roi-charles-iii-en-terrain-conquis\" rel=\"nofollow noopener\">s\u2019\u00e9tait aussi rendu \u00e0 Bordeaux<\/a>, le roi Charles III avait <a target=\"_self\" href=\"https:\/\/www.lanouvellerepublique.fr\/a-la-une\/visite-de-charles-iii-le-roi-invite-la-france-et-le-royaume-uni-a-revigorer-leur-amitie-lors-du-diner\" rel=\"nofollow noopener\">appel\u00e9 Fran\u00e7ais et Britanniques \u00e0 \u00ab\u00a0revigorer leur amiti\u00e9\u00a0\u00bb<\/a>, ternie par le Brexit.<\/p>\n<p>De meilleures relations depuis quelques mois<\/p>\n<p>Quelques mois plus t\u00f4t, Emmanuel Macron et le premier ministre britannique de l\u2019\u00e9poque Rishi Sunak avaient d\u00e9j\u00e0 tenu <a target=\"_self\" href=\"https:\/\/www.lanouvellerepublique.fr\/a-la-une\/paris-et-londres-trouvent-un-accord-sur-le-financement-contre-l-immigration-illegale\" rel=\"nofollow noopener\">un premier sommet franco-britannique depuis cinq ans en mars\u00a02023<\/a>. Depuis, les relations entre les deux pays se sont r\u00e9chauff\u00e9es \u00e0 la faveur <a target=\"_self\" href=\"https:\/\/www.lanouvellerepublique.fr\/a-la-une\/royaume-uni-victoire-ecrasante-des-travaillistes-aux-legislatives-selon-les-premieres-estimations\" rel=\"nofollow noopener\">de l\u2019arriv\u00e9e en juillet\u00a02024<\/a> du travailliste Keir Starmer \u00e0 Downing Street.<\/p>\n<p>Ces derniers mois, Emmanuel Macron et le nouveau premier ministre britannique ont en effet \u0153uvrer de concert <a target=\"_self\" href=\"https:\/\/www.lanouvellerepublique.fr\/a-la-une\/macron-et-starmer-main-dans-la-main-sur-l-ukraine-en-plein-rechauffement-franco-britannique-1742216234\" rel=\"nofollow noopener\">pour former une \u00ab\u00a0coalition de volontaires\u00a0\u00bb en soutien \u00e0 l\u2019Ukraine<\/a>. Ils ont aussi lanc\u00e9 samedi, avec l\u2019Allemagne et la Pologne, <a target=\"_self\" href=\"https:\/\/www.lanouvellerepublique.fr\/a-la-une\/en-ukraine-les-allies-europeens-de-kiev-posent-un-ultimatum-a-la-russie-pour-un-cessez-le-feu-1746887350\" rel=\"nofollow noopener\">un ultimatum \u00e0 Vladimir Poutine pour obtenir un cessez-le-feu sans condition d\u2019un mois<\/a>.\ufeff<\/p>\n","protected":false},"excerpt":{"rendered":"Pr\u00e8s de deux ans apr\u00e8s la visite de Charles III en France, le pr\u00e9sident Emmanuel Macron et son&hellip;\n","protected":false},"author":2,"featured_media":96805,"comment_status":"","ping_status":"","sticky":false,"template":"","format":"standard","meta":{"footnotes":""},"categories":[1588],"tags":[328,11,1777,674,27,329,74,12,316,473,1853,1851,1850,1852],"class_list":{"0":"post-96804","1":"post","2":"type-post","3":"status-publish","4":"format-standard","5":"has-post-thumbnail","7":"category-royaume-uni","8":"tag-a-la-une","9":"tag-actualites","10":"tag-eu","11":"tag-europe","12":"tag-france","13":"tag-france-monde","14":"tag-monde","15":"tag-news","16":"tag-politique","17":"tag-royaume-uni","18":"tag-royaume-uni-de-grande-bretagne-et-dirlande-du-nord","19":"tag-uk","20":"tag-united-kingdom","21":"tag-united-kingdom-of-great-britain-and-northern-ireland"},"share_on_mastodon":{"url":"https:\/\/pubeurope.com\/@fr\/114500539842139554","error":""},"_links":{"self":[{"href":"https:\/\/www.europesays.com\/fr\/wp-json\/wp\/v2\/posts\/96804","targetHints":{"allow":["GET"]}}],"collection":[{"href":"https:\/\/www.europesays.com\/fr\/wp-json\/wp\/v2\/posts"}],"about":[{"href":"https:\/\/www.europesays.com\/fr\/wp-json\/wp\/v2\/types\/post"}],"author":[{"embeddable":true,"href":"https:\/\/www.europesays.com\/fr\/wp-json\/wp\/v2\/users\/2"}],"replies":[{"embeddable":true,"href":"https:\/\/www.europesays.com\/fr\/wp-json\/wp\/v2\/comments?post=96804"}],"version-history":[{"count":0,"href":"https:\/\/www.europesays.com\/fr\/wp-json\/wp\/v2\/posts\/96804\/revisions"}],"wp:featuredmedia":[{"embeddable":true,"href":"https:\/\/www.europesays.com\/fr\/wp-json\/wp\/v2\/media\/96805"}],"wp:attachment":[{"href":"https:\/\/www.europesays.com\/fr\/wp-json\/wp\/v2\/media?parent=96804"}],"wp:term":[{"taxonomy":"category","embeddable":true,"href":"https:\/\/www.europesays.com\/fr\/wp-json\/wp\/v2\/categories?post=96804"},{"taxonomy":"post_tag","embeddable":true,"href":"https:\/\/www.europesays.com\/fr\/wp-json\/wp\/v2\/tags?post=96804"}],"curies":[{"name":"wp","href":"https:\/\/api.w.org\/{rel}","templated":true}]}}