{"id":96806,"date":"2025-05-13T12:32:10","date_gmt":"2025-05-13T12:32:10","guid":{"rendered":"https:\/\/www.europesays.com\/fr\/96806\/"},"modified":"2025-05-13T12:32:10","modified_gmt":"2025-05-13T12:32:10","slug":"lallemagne-interdit-le-plus-grand-groupe-de-reichsburger-et-arrete-quatre-de-ses-dirigeants","status":"publish","type":"post","link":"https:\/\/www.europesays.com\/fr\/96806\/","title":{"rendered":"L&rsquo;Allemagne interdit le plus grand groupe de \u00ab Reichsb\u00fcrger \u00bb et arr\u00eate quatre de ses dirigeants"},"content":{"rendered":"<p><img decoding=\"async\" class=\"c-ad__placeholder__logo\" src=\"https:\/\/www.europesays.com\/fr\/wp-content\/uploads\/2025\/03\/logo-euronews-grey-6-180x22.svg.svg+xml\" width=\"180\" height=\"22\" alt=\"\" loading=\"lazy\"\/>PUBLICIT\u00c9<\/p>\n<p>Le minist\u00e8re f\u00e9d\u00e9ral de l&rsquo;Int\u00e9rieur a interdit le groupe \u00ab\u00a0K\u00f6nigsreich Deutschland\u00a0\u00bb, probablement le plus important des \u00ab\u00a0citoyens du Reich\u00a0\u00bb, ainsi que ses sous-organisations. Depuis les premi\u00e8res heures de la matin\u00e9e, la police perquisitionne au total 14 propri\u00e9t\u00e9s en Saxe, Saxe-Anhalt, Thuringe, Basse-Saxe, Brandebourg et Bade-Wurtemberg.<\/p>\n<p>Le minist\u00e8re de l&rsquo;Int\u00e9rieur, dirig\u00e9 par Alexander Dobrindt (CSU), a justifi\u00e9 l&rsquo;interdiction et la rafle de la mani\u00e8re suivante : le groupe est \u00ab\u00a0<strong>contraire \u00e0 l&rsquo;ordre constitutionnel<\/strong>\u00a0\u00bb et \u00e0 \u00ab\u00a0l&rsquo;id\u00e9e de compr\u00e9hension entre les peuples\u00a0\u00bb. De plus, leurs activit\u00e9s enfreignent les lois p\u00e9nales. Les biens du groupe \u00ab\u00a0Reichsb\u00fcrger\u00a0\u00bb sont confisqu\u00e9s.<\/p>\n<p><img decoding=\"async\" src=\"https:\/\/www.europesays.com\/fr\/wp-content\/uploads\/2025\/03\/icon-cross-10x10-grey-6.svg.svg+xml\" width=\"10\" height=\"10\" alt=\"Close advertising\" fetchpriority=\"high\" loading=\"lazy\"\/><\/p>\n<p>Le magazine Der Spiegel a rapport\u00e9 que le parquet f\u00e9d\u00e9ral avait arr\u00eat\u00e9 Peter Fitzek, le leader du \u00ab\u00a0Royaume d&rsquo;Allemagne\u00a0\u00bb KRD, ainsi que trois autres compagnons d&rsquo;armes. Ils sont accus\u00e9s d&rsquo;avoir form\u00e9 une organisation criminelle et d&rsquo;avoir r\u00e9alis\u00e9 des op\u00e9rations bancaires et d&rsquo;assurance ill\u00e9gales.<\/p>\n<p>Peter Fitzek a fond\u00e9 son \u00ab\u00a0royaume\u00a0\u00bb en 2012 et s&rsquo;est \u00e9galement fait couronner \u00e0 l&rsquo;\u00e9poque. Ses sujets s&rsquo;adressent \u00e0 lui en l&rsquo;appelant \u00ab\u00a0Roi Peter I\u00a0\u00bb ou \u00ab\u00a0Peter, fils d&rsquo;homme\u00a0\u00bb. L&rsquo;ancien cuisinier et professeur de karat\u00e9 rejette l&rsquo;existence du gouvernement f\u00e9d\u00e9ral et ses lois. Le nombre de ses partisans n&rsquo;est pas clair, on parle de jusqu&rsquo;\u00e0 6.000 \u00ab\u00a0sujets\u00a0\u00bb. Les experts estiment toutefois qu&rsquo;ils sont moins nombreux. <\/p>\n","protected":false},"excerpt":{"rendered":"PUBLICIT\u00c9 Le minist\u00e8re f\u00e9d\u00e9ral de l&rsquo;Int\u00e9rieur a interdit le groupe \u00ab\u00a0K\u00f6nigsreich Deutschland\u00a0\u00bb, probablement le plus important des \u00ab\u00a0citoyens&hellip;\n","protected":false},"author":2,"featured_media":96807,"comment_status":"","ping_status":"","sticky":false,"template":"","format":"standard","meta":{"footnotes":""},"categories":[1587],"tags":[11,672,1898,1804,15769,1805,1803,1777,674,1801,303,12,1072,1802],"class_list":{"0":"post-96806","1":"post","2":"type-post","3":"status-publish","4":"format-standard","5":"has-post-thumbnail","7":"category-allemagne","8":"tag-actualites","9":"tag-allemagne","10":"tag-berlin","11":"tag-bundesrepublik-deutschland","12":"tag-cdu-csu","13":"tag-de","14":"tag-deutschland","15":"tag-eu","16":"tag-europe","17":"tag-germany","18":"tag-justice","19":"tag-news","20":"tag-police","21":"tag-republique-federale-dallemagne"},"share_on_mastodon":{"url":"https:\/\/pubeurope.com\/@fr\/114500543763235126","error":""},"_links":{"self":[{"href":"https:\/\/www.europesays.com\/fr\/wp-json\/wp\/v2\/posts\/96806","targetHints":{"allow":["GET"]}}],"collection":[{"href":"https:\/\/www.europesays.com\/fr\/wp-json\/wp\/v2\/posts"}],"about":[{"href":"https:\/\/www.europesays.com\/fr\/wp-json\/wp\/v2\/types\/post"}],"author":[{"embeddable":true,"href":"https:\/\/www.europesays.com\/fr\/wp-json\/wp\/v2\/users\/2"}],"replies":[{"embeddable":true,"href":"https:\/\/www.europesays.com\/fr\/wp-json\/wp\/v2\/comments?post=96806"}],"version-history":[{"count":0,"href":"https:\/\/www.europesays.com\/fr\/wp-json\/wp\/v2\/posts\/96806\/revisions"}],"wp:featuredmedia":[{"embeddable":true,"href":"https:\/\/www.europesays.com\/fr\/wp-json\/wp\/v2\/media\/96807"}],"wp:attachment":[{"href":"https:\/\/www.europesays.com\/fr\/wp-json\/wp\/v2\/media?parent=96806"}],"wp:term":[{"taxonomy":"category","embeddable":true,"href":"https:\/\/www.europesays.com\/fr\/wp-json\/wp\/v2\/categories?post=96806"},{"taxonomy":"post_tag","embeddable":true,"href":"https:\/\/www.europesays.com\/fr\/wp-json\/wp\/v2\/tags?post=96806"}],"curies":[{"name":"wp","href":"https:\/\/api.w.org\/{rel}","templated":true}]}}