{"id":968162,"date":"2026-05-31T06:45:11","date_gmt":"2026-05-31T06:45:11","guid":{"rendered":"https:\/\/www.europesays.com\/fr\/968162\/"},"modified":"2026-05-31T06:45:11","modified_gmt":"2026-05-31T06:45:11","slug":"meteo-quel-temps-est-il-prevu-a-vitry-sur-seine-et-ses-environs-le-dimanche-31-mai-2026","status":"publish","type":"post","link":"https:\/\/www.europesays.com\/fr\/968162\/","title":{"rendered":"M\u00e9t\u00e9o. Quel temps est-il pr\u00e9vu \u00e0 Vitry-sur-Seine et ses environs le dimanche 31 mai 2026 ?"},"content":{"rendered":"<p>En matin\u00e9e, un voile de nuages \u00e9lev\u00e9s dominera d\u2019abord le ciel, avec une temp\u00e9rature stable autour de 19 \u00e0 20 \u00b0C. Le vent soufflera de l\u2019Ouest-Nord-Ouest \u00e0 10 km\/h, avec des rafales pouvant atteindre 25 km\/h, puis l\u2019humidit\u00e9 baissera l\u00e9g\u00e8rement. Au fil des heures, la n\u00e9bulosit\u00e9 se renforcera pour donner un ciel couvert en fin de matin\u00e9e, tandis que l\u2019air se r\u00e9chauffera jusqu\u2019\u00e0 22 \u00b0C et que le vent s\u2019orientera au Nord-Ouest, conservant une vitesse proche de 10 km\/h.<\/p>\n<p>Au cours de l\u2019apr\u00e8s-midi, dans le prolongement de cette matin\u00e9e d\u00e9j\u00e0 couverte, le ciel restera largement nuageux avant de devenir tr\u00e8s nuageux en toute fin de p\u00e9riode. Les temp\u00e9ratures progresseront lentement, passant d\u2019environ 22 \u00b0C en d\u00e9but d\u2019apr\u00e8s-midi \u00e0 25 \u00b0C en milieu et fin d\u2019apr\u00e8s-midi. Le vent, d\u2019abord orient\u00e9 au Nord-Ouest, s\u2019\u00e9tablira ensuite \u00e0 l\u2019Ouest puis \u00e0 l\u2019Ouest-Nord-Ouest, soufflant autour de 10 \u00e0 15 km\/h avec des rafales comprises entre 30 et 35 km\/h. L\u2019humidit\u00e9 reculera l\u00e9g\u00e8rement.<\/p>\n<p>En soir\u00e9e, dans la continuit\u00e9 de cet apr\u00e8s-midi encore chaud, la temp\u00e9rature restera \u00e9lev\u00e9e en d\u00e9but de p\u00e9riode, avec 25 \u00b0C, puis baissera \u00e0 mesure que les heures passeront pour atteindre 20 \u00b0C en fin de soir\u00e9e. Le ciel, d\u2019abord tr\u00e8s nuageux puis couvert, se d\u00e9gagera apr\u00e8s le coucher du soleil pour laisser place \u00e0 un ciel clair et durable. Le vent oscillera entre 15 et 20 km\/h, avec des rafales pouvant atteindre 40 km\/h, avant de faiblir vers 10 km\/h en toute fin de soir\u00e9e. L\u2019humidit\u00e9 augmentera nettement.<\/p>\n<p>Durant la nuit, dans un air d\u00e9j\u00e0 plus frais et plus humide, la temp\u00e9rature reculera de 20 \u00b0C en d\u00e9but de nuit \u00e0 16 \u00b0C avant l\u2019aube. Le vent restera faible \u00e0 mod\u00e9r\u00e9, autour de 10 \u00e0 15 km\/h, avec des rafales atteignant 25 km\/h, d\u2019abord de secteur Nord-Ouest puis s\u2019orientant vers l\u2019Ouest-Nord-Ouest. Le ciel alternera entre passages nuageux, \u00e9claircies nocturnes puis voile plus dense en fin de nuit, tandis que l\u2019humidit\u00e9 augmentera r\u00e9guli\u00e8rement au fil des heures.<\/p>\n<p>Pour la journ\u00e9e de lundi, dans le sillage de cette nuit plus fra\u00eeche, les temp\u00e9ratures \u00e9volueront d\u2019un d\u00e9but de matin\u00e9e frais \u00e0 15 \u00b0C vers un maximum d\u2019environ 22 \u00b0C en fin d\u2019apr\u00e8s-midi. Le ciel sera d\u2019abord domin\u00e9 par un voile de nuages \u00e9lev\u00e9s, puis deviendra tr\u00e8s nuageux en fin de journ\u00e9e. Le vent, faible \u00e0 mod\u00e9r\u00e9, soufflera d\u2019abord de l\u2019Ouest-Nord-Ouest entre 5 et 10 km\/h avec des rafales jusqu\u2019\u00e0 15 km\/h, avant de s\u2019orienter au Sud-Sud-Ouest puis au Sud-Ouest autour de 5 \u00e0 10 km\/h. L\u2019humidit\u00e9 reculera l\u00e9g\u00e8rement au fil des heures.<\/p>\n<p><a href=\"https:\/\/www.ouest-france.fr\/meteo\/ile-de-france\/vitry-sur-seine-94400\/\" rel=\"nofollow noopener\" target=\"_blank\">Suivez la m\u00e9t\u00e9o de votre commune en temps r\u00e9el<\/a><\/p>\n<p>Ouest-France vous donne \u00e9galement la possibilit\u00e9 de conna\u00eetre la m\u00e9t\u00e9o de votre commune, heure par heure, sur notre page m\u00e9t\u00e9o d\u00e9di\u00e9e<\/p>\n","protected":false},"excerpt":{"rendered":"En matin\u00e9e, un voile de nuages \u00e9lev\u00e9s dominera d\u2019abord le ciel, avec une temp\u00e9rature stable autour de 19&hellip;\n","protected":false},"author":2,"featured_media":968163,"comment_status":"","ping_status":"","sticky":false,"template":"","format":"standard","meta":{"footnotes":"","_share_on_mastodon":"0"},"categories":[1888],"tags":[11,24583,50925,1777,674,1011,27,90557,24588,12,16483,626,25,90558,12654],"class_list":["post-968162","post","type-post","status-publish","format-standard","has-post-thumbnail","category-paris","tag-actualites","tag-alfortville","tag-choisy-le-roi","tag-eu","tag-europe","tag-fr","tag-france","tag-lhay-les-roses","tag-maisons-alfort","tag-news","tag-orly","tag-paris","tag-republique-francaise","tag-thiais","tag-vitry-sur-seine"],"share_on_mastodon":{"url":"https:\/\/pubeurope.com\/@fr\/116667844401018677","error":""},"_links":{"self":[{"href":"https:\/\/www.europesays.com\/fr\/wp-json\/wp\/v2\/posts\/968162","targetHints":{"allow":["GET"]}}],"collection":[{"href":"https:\/\/www.europesays.com\/fr\/wp-json\/wp\/v2\/posts"}],"about":[{"href":"https:\/\/www.europesays.com\/fr\/wp-json\/wp\/v2\/types\/post"}],"author":[{"embeddable":true,"href":"https:\/\/www.europesays.com\/fr\/wp-json\/wp\/v2\/users\/2"}],"replies":[{"embeddable":true,"href":"https:\/\/www.europesays.com\/fr\/wp-json\/wp\/v2\/comments?post=968162"}],"version-history":[{"count":0,"href":"https:\/\/www.europesays.com\/fr\/wp-json\/wp\/v2\/posts\/968162\/revisions"}],"wp:featuredmedia":[{"embeddable":true,"href":"https:\/\/www.europesays.com\/fr\/wp-json\/wp\/v2\/media\/968163"}],"wp:attachment":[{"href":"https:\/\/www.europesays.com\/fr\/wp-json\/wp\/v2\/media?parent=968162"}],"wp:term":[{"taxonomy":"category","embeddable":true,"href":"https:\/\/www.europesays.com\/fr\/wp-json\/wp\/v2\/categories?post=968162"},{"taxonomy":"post_tag","embeddable":true,"href":"https:\/\/www.europesays.com\/fr\/wp-json\/wp\/v2\/tags?post=968162"}],"curies":[{"name":"wp","href":"https:\/\/api.w.org\/{rel}","templated":true}]}}