{"id":968374,"date":"2026-05-31T09:21:19","date_gmt":"2026-05-31T09:21:19","guid":{"rendered":"https:\/\/www.europesays.com\/fr\/968374\/"},"modified":"2026-05-31T09:21:19","modified_gmt":"2026-05-31T09:21:19","slug":"dj-sets-cocktails-et-sunset-les-open-air-reviennent-a-confluence","status":"publish","type":"post","link":"https:\/\/www.europesays.com\/fr\/968374\/","title":{"rendered":"DJ sets, cocktails et sunset : les Open Air reviennent \u00e0 Confluence &#8211;"},"content":{"rendered":"<p>\t\t\t\t<img fetchpriority=\"high\" decoding=\"async\" width=\"900\" height=\"600\" src=\"https:\/\/www.europesays.com\/fr\/wp-content\/uploads\/2026\/05\/01-OPEN-AIR-CONFLUENCE.jpg\" alt=\"\" title=\"01 OPEN-AIR-CONFLUENCE\"   class=\"wp-image-176991\"\/><\/p>\n<p><strong>Texte : Fanny Suteau<\/strong>\u00a0\u2013 Le samedi 6 juin 2026, le P\u00f4le de Commerces et de Loisirs Confluence relance sa saison estivale avec le retour de ses Open Air. DJ sets, bars \u00e9ph\u00e9m\u00e8res, terrasses ensoleill\u00e9es et ambiance \u00e9lectro : le rendez-vous promet une soir\u00e9e festive, gratuite et ouverte \u00e0 tous au c\u0153ur de Lyon.<\/p>\n<p>Quand le soleil commence \u00e0 tomber sur les quais de Sa\u00f4ne, les terrasses de Confluence changent de visage. Exit le simple centre commercial : le temps d\u2019une soir\u00e9e, le lieu se transforme en v\u00e9ritable spot lifestyle \u00e0 ciel ouvert, entre musique, cocktails et coucher de soleil urbain. Apr\u00e8s une premi\u00e8re \u00e9dition r\u00e9ussie, les Open Air reviennent avec la m\u00eame recette : une programmation musicale pointue et une ambiance d\u00e9contract\u00e9e.<\/p>\n<p><strong>House, groove et \u00e9lectro sur les terrasses de Confluence<\/strong><\/p>\n<p>Pour faire vibrer le niveau 2 du centre, plusieurs artistes lyonnais et parisiens se relaieront derri\u00e8re les platines le temps d\u2019une soir\u00e9e. Parmi eux, <strong>Beny The Kid<\/strong>, connu pour ses sets solaires m\u00ealant house et disco groovy, mais aussi <strong>Naux<\/strong>, figure montante de la sc\u00e8ne \u00e9lectronique locale.<\/p>\n<p>Le public pourra \u00e9galement retrouver <strong>Baz<\/strong> et <strong>Bandite<\/strong> pour une soir\u00e9e pens\u00e9e comme une parenth\u00e8se estivale accessible \u00e0 tous. Deux bars \u00e9ph\u00e9m\u00e8res sign\u00e9s Hippopotamus et Hano\u00ef C\u00e0 Ph\u00ea viendront compl\u00e9ter l\u2019exp\u00e9rience, aux c\u00f4t\u00e9s des nombreuses enseignes de restauration du site.<\/p>\n<p><strong>P\u00f4le de Commerces et de Loisirs Confluence<br \/>Niveau 2 \u2013 Terrasses am\u00e9nag\u00e9es<br \/>Samedi 6 juin 2026 \u2013 de 16h \u00e0 23h<\/strong><\/p>\n","protected":false},"excerpt":{"rendered":"Texte : Fanny Suteau\u00a0\u2013 Le samedi 6 juin 2026, le P\u00f4le de Commerces et de Loisirs Confluence relance&hellip;\n","protected":false},"author":2,"featured_media":968375,"comment_status":"","ping_status":"","sticky":false,"template":"","format":"standard","meta":{"footnotes":"","_share_on_mastodon":"0"},"categories":[1889],"tags":[4257,1111,47,4258,11,2430,3157,1777,674,1011,27,2428,12,14813,25],"class_list":["post-968374","post","type-post","status-publish","format-standard","has-post-thumbnail","category-lyon","tag-0top","tag-actu","tag-actualite","tag-actualite-lyon","tag-actualites","tag-auvergne-rhone-alpes","tag-confluence","tag-eu","tag-europe","tag-fr","tag-france","tag-lyon","tag-news","tag-open-air","tag-republique-francaise"],"share_on_mastodon":{"url":"https:\/\/pubeurope.com\/@fr\/116668459007340049","error":""},"_links":{"self":[{"href":"https:\/\/www.europesays.com\/fr\/wp-json\/wp\/v2\/posts\/968374","targetHints":{"allow":["GET"]}}],"collection":[{"href":"https:\/\/www.europesays.com\/fr\/wp-json\/wp\/v2\/posts"}],"about":[{"href":"https:\/\/www.europesays.com\/fr\/wp-json\/wp\/v2\/types\/post"}],"author":[{"embeddable":true,"href":"https:\/\/www.europesays.com\/fr\/wp-json\/wp\/v2\/users\/2"}],"replies":[{"embeddable":true,"href":"https:\/\/www.europesays.com\/fr\/wp-json\/wp\/v2\/comments?post=968374"}],"version-history":[{"count":0,"href":"https:\/\/www.europesays.com\/fr\/wp-json\/wp\/v2\/posts\/968374\/revisions"}],"wp:featuredmedia":[{"embeddable":true,"href":"https:\/\/www.europesays.com\/fr\/wp-json\/wp\/v2\/media\/968375"}],"wp:attachment":[{"href":"https:\/\/www.europesays.com\/fr\/wp-json\/wp\/v2\/media?parent=968374"}],"wp:term":[{"taxonomy":"category","embeddable":true,"href":"https:\/\/www.europesays.com\/fr\/wp-json\/wp\/v2\/categories?post=968374"},{"taxonomy":"post_tag","embeddable":true,"href":"https:\/\/www.europesays.com\/fr\/wp-json\/wp\/v2\/tags?post=968374"}],"curies":[{"name":"wp","href":"https:\/\/api.w.org\/{rel}","templated":true}]}}