{"id":968498,"date":"2026-05-31T10:47:25","date_gmt":"2026-05-31T10:47:25","guid":{"rendered":"https:\/\/www.europesays.com\/fr\/968498\/"},"modified":"2026-05-31T10:47:25","modified_gmt":"2026-05-31T10:47:25","slug":"lukraine-frappe-des-cibles-energetiques-russes","status":"publish","type":"post","link":"https:\/\/www.europesays.com\/fr\/968498\/","title":{"rendered":"L&rsquo;Ukraine frappe des cibles \u00e9nerg\u00e9tiques russes"},"content":{"rendered":"<p>L\u2019Ukraine a lanc\u00e9 de nouvelles frappes contre des sites \u00e9nerg\u00e9tiques russes dans la nuit de samedi \u00e0 dimanche, ont rapport\u00e9 les autorit\u00e9s et les m\u00e9dias russes, tandis que Kyiv a d\u00e9menti les all\u00e9gations russes selon lesquelles un drone ukrainien aurait frapp\u00e9 une centrale nucl\u00e9aire strat\u00e9gique occup\u00e9e par le Kremlin.<\/p>\n<p>Des d\u00e9bris de drone ont mis le feu \u00e0 une installation de stockage de carburant dans la r\u00e9gion de Rostov, dans le sud-ouest de la Russie, a rapport\u00e9 dimanche le gouverneur Yuriy Slyusar sur Telegram. Il a indiqu\u00e9 que les habitants des maisons voisines avaient \u00e9t\u00e9 \u00e9vacu\u00e9s.<\/p>\n<p>Les drones ont \u00e9galement endommag\u00e9 des infrastructures civiles dans la province de Saratov, \u00e9galement dans le sud-ouest de la Russie, selon le gouverneur Roman Busargin. <\/p>\n<p>Astra, une cha\u00eene d\u2019information russe ind\u00e9pendante, a indiqu\u00e9 qu\u2019une raffinerie de p\u00e9trole \u00e9tait en feu dans la capitale r\u00e9gionale, Saratov.<\/p>\n<p>L\u2019Ukraine a intensifi\u00e9 ses attaques contre les installations p\u00e9troli\u00e8res et gazi\u00e8res russes ces derniers mois, arguant que le secteur \u00e9nerg\u00e9tique finance et alimente directement l\u2019invasion men\u00e9e par Moscou depuis plus de quatre ans.<\/p>\n<p>Dans le m\u00eame temps, Kyiv a d\u00e9menti les affirmations de la Russie selon lesquelles un drone ukrainien aurait frapp\u00e9 la centrale nucl\u00e9aire de Zaporijia, occup\u00e9e par la Russie, la plus grande d\u2019Ukraine et d\u2019Europe.<\/p>\n<p>Les forces russes se sont empar\u00e9es de la centrale au cours des premi\u00e8res semaines de la guerre, et celle-ci reste proche des lignes de front dans la r\u00e9gion m\u00e9ridionale de Zaporijia, l\u2019une des quatre que la Russie a officiellement annex\u00e9es, bien qu\u2019elle n\u2019exerce pas un contr\u00f4le militaire total et que ses actions ne soient pas reconnues par la communaut\u00e9 internationale. <\/p>\n<p>L\u2019entreprise d\u2019\u00c9tat russe charg\u00e9e de l\u2019\u00e9nergie nucl\u00e9aire, Rosatom, a d\u00e9clar\u00e9 samedi que le drone avait explos\u00e9 apr\u00e8s avoir perc\u00e9 un trou dans le mur d\u2019une salle des turbines. Le PDG de Rosatom, Alexei Likhachev, a accus\u00e9 l\u2019Ukraine d\u2019une attaque \u00abd\u00e9lib\u00e9r\u00e9e\u00bb.<\/p>\n<p>Il a ajout\u00e9 qu\u2019il n\u2019y avait pas eu de dommages aux \u00e9quipements principaux.<\/p>\n<p>L\u2019arm\u00e9e ukrainienne a rejet\u00e9 ce qu\u2019elle a qualifi\u00e9 de \u00abnouvelle man\u0153uvre de propagande\u00bb de la Russie, affirmant qu\u2019elle n\u2019avait ni frapp\u00e9 ni pris pour cible la centrale. <\/p>\n<p>L\u2019arm\u00e9e a soulign\u00e9 dans un communiqu\u00e9 qu\u2019elle respectait le droit international humanitaire et qu\u2019elle \u00e9tait consciente des \u00abcons\u00e9quences de toute action visant des installations nucl\u00e9aires\u00bb. <\/p>\n<p>\u00abSur la partie concern\u00e9e de la ligne de front, il n\u2019y avait pas de combats actifs au moment de l\u2019incident, et aucune arme n\u2019a \u00e9t\u00e9 utilis\u00e9e\u00bb, a-t-elle pr\u00e9cis\u00e9.<\/p>\n<p>Rafael Grossi, directeur g\u00e9n\u00e9ral de l\u2019Agence internationale de l\u2019\u00e9nergie atomique (AIEA), a fait part de sa \u00abprofonde inqui\u00e9tude\u00bb \u00e0 la suite de l\u2019incident dans un message publi\u00e9 sur X. <\/p>\n<p>L\u2019agence nationale ukrainienne de s\u00fbret\u00e9 nucl\u00e9aire a avanc\u00e9 que les d\u00e9g\u00e2ts all\u00e9gu\u00e9s par la Russie devaient \u00eatre v\u00e9rifi\u00e9s par les experts de l\u2019AIEA pr\u00e9sents \u00e0 la centrale de Zaporijia dans le cadre d\u2019une mission de surveillance \u00e0 long terme.<\/p>\n<p>La centrale de Zaporijia a \u00e9t\u00e9 prise pour cible \u00e0 plusieurs reprises depuis l\u2019invasion \u00e0 grande \u00e9chelle de la Russie en f\u00e9vrier\u00a02022, suscitant des craintes d\u2019accident nucl\u00e9aire. <\/p>\n<p>Moscou et Kyiv se sont mutuellement accus\u00e9es d\u2019avoir d\u00e9lib\u00e9r\u00e9ment pris la centrale pour cible. <\/p>\n<p>Par ailleurs, l\u2019arm\u00e9e de l\u2019air ukrainienne a indiqu\u00e9 dimanche avoir abattu 212\u00a0des 299\u00a0drones lanc\u00e9s par la Russie pendant la nuit. Elle a indiqu\u00e9 que 14\u00a0drones avaient atteint leurs cibles, tandis que des d\u00e9bris de drones sont tomb\u00e9s \u00e0 5\u00a0endroits.<\/p>\n<p>Des drones russes ont frapp\u00e9 la ville de Dnipro et une raffinerie de p\u00e9trole dans la r\u00e9gion ukrainienne de Rivne, provoquant des incendies, ont indiqu\u00e9 les autorit\u00e9s.<\/p>\n<p>Oleksandr Koval, le chef de l\u2019administration r\u00e9gionale de Rivne, a mentionn\u00e9 que personne n\u2019avait \u00e9t\u00e9 bless\u00e9 \u00e0 la raffinerie et que les services d\u2019urgence \u00e9taient sur place. <\/p>\n","protected":false},"excerpt":{"rendered":"L\u2019Ukraine a lanc\u00e9 de nouvelles frappes contre des sites \u00e9nerg\u00e9tiques russes dans la nuit de samedi \u00e0 dimanche,&hellip;\n","protected":false},"author":2,"featured_media":968499,"comment_status":"","ping_status":"","sticky":false,"template":"","format":"standard","meta":{"footnotes":"","_share_on_mastodon":"0"},"categories":[1590],"tags":[11,1777,674,4574,17886,1854,17887,12,220],"class_list":["post-968498","post","type-post","status-publish","format-standard","has-post-thumbnail","category-ukraine","tag-actualites","tag-eu","tag-europe","tag-https-lactualite-com-sujet-affaires","tag-https-lactualite-com-sujet-hydrocarbures","tag-https-lactualite-com-sujet-international","tag-https-lactualite-com-sujet-services-publics","tag-news","tag-ukraine"],"share_on_mastodon":{"url":"https:\/\/pubeurope.com\/@fr\/116668796141353732","error":""},"_links":{"self":[{"href":"https:\/\/www.europesays.com\/fr\/wp-json\/wp\/v2\/posts\/968498","targetHints":{"allow":["GET"]}}],"collection":[{"href":"https:\/\/www.europesays.com\/fr\/wp-json\/wp\/v2\/posts"}],"about":[{"href":"https:\/\/www.europesays.com\/fr\/wp-json\/wp\/v2\/types\/post"}],"author":[{"embeddable":true,"href":"https:\/\/www.europesays.com\/fr\/wp-json\/wp\/v2\/users\/2"}],"replies":[{"embeddable":true,"href":"https:\/\/www.europesays.com\/fr\/wp-json\/wp\/v2\/comments?post=968498"}],"version-history":[{"count":0,"href":"https:\/\/www.europesays.com\/fr\/wp-json\/wp\/v2\/posts\/968498\/revisions"}],"wp:featuredmedia":[{"embeddable":true,"href":"https:\/\/www.europesays.com\/fr\/wp-json\/wp\/v2\/media\/968499"}],"wp:attachment":[{"href":"https:\/\/www.europesays.com\/fr\/wp-json\/wp\/v2\/media?parent=968498"}],"wp:term":[{"taxonomy":"category","embeddable":true,"href":"https:\/\/www.europesays.com\/fr\/wp-json\/wp\/v2\/categories?post=968498"},{"taxonomy":"post_tag","embeddable":true,"href":"https:\/\/www.europesays.com\/fr\/wp-json\/wp\/v2\/tags?post=968498"}],"curies":[{"name":"wp","href":"https:\/\/api.w.org\/{rel}","templated":true}]}}