{"id":96873,"date":"2025-05-13T13:11:25","date_gmt":"2025-05-13T13:11:25","guid":{"rendered":"https:\/\/www.europesays.com\/fr\/96873\/"},"modified":"2025-05-13T13:11:25","modified_gmt":"2025-05-13T13:11:25","slug":"pres-de-rouen-trois-immeubles-evacues-dans-la-nuit","status":"publish","type":"post","link":"https:\/\/www.europesays.com\/fr\/96873\/","title":{"rendered":"pr\u00e8s de Rouen, trois immeubles \u00e9vacu\u00e9s dans la nuit"},"content":{"rendered":"<p>            Par<br \/>\n        <strong><br \/>\n            <a href=\"https:\/\/actu.fr\/auteur\/aurelien-delavaud\" title=\"Consulter tous les articles de Aur\u00e9lien Delavaud\" rel=\"nofollow noopener\" target=\"_blank\">Aur\u00e9lien Delavaud<\/a><br \/>\n        <\/strong><\/p>\n<p>        Publi\u00e9 le<\/p>\n<p>            13 mai 2025 \u00e0 10h46        <\/p>\n<p>Pas un panneau dans la rue, pas de scell\u00e9s sur la porte et surtout aucun signe visible depuis l\u2019ext\u00e9rieur. Comme s\u2019il ne s\u2019\u00e9tait rien pass\u00e9, \u00e0 peine 12 h plus t\u00f4t, dans la rue du Petit-Cours, une voie \u00e9troite qui longe le cours Carnot, \u00e0 <a href=\"https:\/\/actu.fr\/normandie\/elbeuf_76231\" rel=\"nofollow noopener\" target=\"_blank\">Elbeuf (Seine-Maritime)<\/a>.<\/p>\n<p class=\" wall-content\">C\u2019est ici que les <b>pompiers<\/b> sont intervenus, dans la soir\u00e9e du lundi 12 mai 2025, pour <a href=\"https:\/\/actu.fr\/normandie\/elbeuf_76231\/un-immeuble-menace-de-s-effondrer-a-elbeuf-des-appartements-evacues-dans-la-nuit_62626481.html\" rel=\"nofollow noopener\" target=\"_blank\">\u00e9vacuer les habitants d\u2019un immeuble qui pr\u00e9sentait des risques inqui\u00e9tants d\u2019effondrement<\/a>.<\/p>\n<p>Les planchers menacent de s\u2019effondrer<\/p>\n<p class=\" wall-content\">\u00ab Ce sont les locataires qui ont pr\u00e9venu les pompiers, vers 21 h 30, retrace le maire de la commune, Djoud\u00e9 Merabet, au lendemain des faits. Ils ont d\u00fb entendre des craquements\u2026 C\u2019est un immeuble qui a un certain nombre de pathologies. \u00bb<\/p>\n<p class=\" wall-content\">Pourtant, ce petit b\u00e2timent n\u2019\u00e9tait pas dans le viseur de la mairie, qui m\u00e8ne une guerre contre le logement insalubre.<\/p>\n<p class=\" wall-content\">Il faut bien dire que le probl\u00e8me n\u2019est pas visible depuis la rue, o\u00f9 la fa\u00e7ade de l\u2019immeuble para\u00eet \u00eatre en bon \u00e9tat.<\/p>\n<p>      <img   decoding=\"async\" loading=\"lazy\" class=\"size-large\" src=\"https:\/\/www.europesays.com\/fr\/wp-content\/uploads\/2025\/05\/1c977ddef228610a77ddef228d3a77v-960x640.jpg\" alt=\"Immeuble \u00e9croule danger rue du Petit-Cours Elbeuf\" width=\"960\" height=\"640\"\/><br \/>\n    Au lendemain des faits, il n\u2019y a aucun signe de danger apparent sur la fa\u00e7ade de l\u2019immeuble, depuis la rue. \u00a9Le Journal d\u2019ElbeufVid\u00e9os : en ce moment sur Actu<\/p>\n<p class=\" wall-content\">\u00ab Heureusement, hier soir, il y avait un pompier expert en b\u00e2timent. Ils ont fait des sondages et ils ont vu qu\u2019il y avait <b>des planchers qui mena\u00e7aient de s\u2019effondrer<\/b>. \u00c7a ne se voyait pas sous les rev\u00eatements de sol \u00bb, poursuit le maire d\u2019Elbeuf.<\/p>\n<p>Trois immeubles \u00e9vacu\u00e9s<\/p>\n<p class=\" wall-content\">Par mesure de pr\u00e9caution, tous les locataires de cet immeuble ont \u00e9t\u00e9 <b>\u00e9vacu\u00e9s et relog\u00e9s<\/b> pour la nuit. Pour ne prendre aucun risque, la mesure a \u00e9t\u00e9 \u00e9largie aux deux immeubles mitoyens, le temps pour la Ville et ses services techniques de mesurer les risques.<\/p>\n<p class=\" wall-content\">En tout, sept personnes ont \u00e9t\u00e9 h\u00e9berg\u00e9es \u00e0 l\u2019h\u00f4tel par le CCAS. \u00ab Les autres ont \u00e9t\u00e9 prises en charge par des proches \u00bb, indique Djoud\u00e9 Merabet. Selon les pompiers, <b>une personne a \u00e9t\u00e9 conduite \u00e0 l\u2019h\u00f4pital<\/b>.<\/p>\n<p>    <a href=\"https:\/\/www.facebook.com\/plugins\/post.php?href=https%3A%2F%2Fwww.facebook.com%2Fsdis76%2Fposts%2Fpfbid02QheCGa13XGxxZkWdYiwKGdTNSsjt3121FqygiLheWTx1Td28voVHfCKYcvarjQmFl&amp;show_text=true&amp;width=350\" title=\"Ouvrie le lien\" rel=\"nofollow noopener\" target=\"_blank\">Cliquez ici pour visualiser le contenu<\/a><\/p>\n<p class=\" wall-content\">Pour le moment, l\u2019\u00e9lu indique qu\u2019<b>un arr\u00eat\u00e9 a \u00e9t\u00e9 pris<\/b> pour interdire le passage des voitures dans cette voie tr\u00e8s \u00e9troite. Ensuite, concernant la b\u00e2tisse, ce sont les services techniques qui estimeront si des r\u00e9parations seront suffisantes ou s\u2019il faudra prendre un <b>arr\u00eat\u00e9 de p\u00e9ril<\/b> pour interdire l\u2019acc\u00e8s au b\u00e2timent et assurer la s\u00e9curit\u00e9 de ses anciens occupants.<\/p>\n<p class=\" wall-content\">En attendant, Djoud\u00e9 Merabet esp\u00e8re entrer en contact avec le propri\u00e9taire de l\u2019immeuble, pour mieux comprendre les circonstances qui auraient pu mener \u00e0 un drame et trouver des solutions.<\/p>\n<p class=\" wall-content\">Suivez toute l\u2019actualit\u00e9 de vos villes et m\u00e9dias favoris en vous inscrivant \u00e0 <a href=\"https:\/\/moncompte.actu.fr\" title=\"D\u00e9couvez Mon Actu\" rel=\"nofollow noopener\" data-trk=\"{&quot;cta&quot;:{&quot;action&quot;:&quot;https:\\\/\\\/moncompte.actu.fr&quot;,&quot;category&quot;:&quot;mon compte&quot;,&quot;from&quot;:&quot;article footer&quot;,&quot;name&quot;:&quot;Mon actu&quot;,&quot;type&quot;:&quot;cta&quot;}}\" target=\"_blank\">Mon Actu<\/a>.<\/p>\n","protected":false},"excerpt":{"rendered":"Par Aur\u00e9lien Delavaud Publi\u00e9 le 13 mai 2025 \u00e0 10h46 Pas un panneau dans la rue, pas de&hellip;\n","protected":false},"author":2,"featured_media":96874,"comment_status":"","ping_status":"","sticky":false,"template":"","format":"standard","meta":{"footnotes":""},"categories":[9587],"tags":[1111,11,1777,674,118,1011,27,12,5161,1311,25,9590],"class_list":{"0":"post-96873","1":"post","2":"type-post","3":"status-publish","4":"format-standard","5":"has-post-thumbnail","7":"category-rouen","8":"tag-actu","9":"tag-actualites","10":"tag-eu","11":"tag-europe","12":"tag-faits-divers","13":"tag-fr","14":"tag-france","15":"tag-news","16":"tag-normandie","17":"tag-pompiers","18":"tag-republique-francaise","19":"tag-rouen"},"share_on_mastodon":{"url":"https:\/\/pubeurope.com\/@fr\/114500697037987650","error":""},"_links":{"self":[{"href":"https:\/\/www.europesays.com\/fr\/wp-json\/wp\/v2\/posts\/96873","targetHints":{"allow":["GET"]}}],"collection":[{"href":"https:\/\/www.europesays.com\/fr\/wp-json\/wp\/v2\/posts"}],"about":[{"href":"https:\/\/www.europesays.com\/fr\/wp-json\/wp\/v2\/types\/post"}],"author":[{"embeddable":true,"href":"https:\/\/www.europesays.com\/fr\/wp-json\/wp\/v2\/users\/2"}],"replies":[{"embeddable":true,"href":"https:\/\/www.europesays.com\/fr\/wp-json\/wp\/v2\/comments?post=96873"}],"version-history":[{"count":0,"href":"https:\/\/www.europesays.com\/fr\/wp-json\/wp\/v2\/posts\/96873\/revisions"}],"wp:featuredmedia":[{"embeddable":true,"href":"https:\/\/www.europesays.com\/fr\/wp-json\/wp\/v2\/media\/96874"}],"wp:attachment":[{"href":"https:\/\/www.europesays.com\/fr\/wp-json\/wp\/v2\/media?parent=96873"}],"wp:term":[{"taxonomy":"category","embeddable":true,"href":"https:\/\/www.europesays.com\/fr\/wp-json\/wp\/v2\/categories?post=96873"},{"taxonomy":"post_tag","embeddable":true,"href":"https:\/\/www.europesays.com\/fr\/wp-json\/wp\/v2\/tags?post=96873"}],"curies":[{"name":"wp","href":"https:\/\/api.w.org\/{rel}","templated":true}]}}