{"id":968821,"date":"2026-05-31T14:31:25","date_gmt":"2026-05-31T14:31:25","guid":{"rendered":"https:\/\/www.europesays.com\/fr\/968821\/"},"modified":"2026-05-31T14:31:25","modified_gmt":"2026-05-31T14:31:25","slug":"israel-reprend-le-chateau-de-beaufort-au-liban-vive-condamnation-de-paris","status":"publish","type":"post","link":"https:\/\/www.europesays.com\/fr\/968821\/","title":{"rendered":"Isra\u00ebl reprend le ch\u00e2teau de Beaufort au Liban, vive condamnation de Paris"},"content":{"rendered":"<p class=\"mb-4 text-lg md:leading-8 break-words\">Dans la nuit de samedi \u00e0 dimanche, les troupes isra\u00e9liennes se sont empar\u00e9es d&rsquo;une hauteur strat\u00e9gique surmont\u00e9e du ch\u00e2teau de Beaufort, construit par les crois\u00e9s, dans le sud du Liban. Il s&rsquo;agit de l&rsquo;incursion la plus profonde dans le pays depuis plus d&rsquo;un quart de si\u00e8cle, a indiqu\u00e9 l&rsquo;arm\u00e9e. Le drapeau isra\u00e9lien flotte d\u00e9sormais sur la forteresse m\u00e9di\u00e9vale.<\/p>\n<p class=\"mb-4 text-lg md:leading-8 break-words\">La prise du ch\u00e2teau, situ\u00e9 pr\u00e8s de la ville de Nabatieh, est intervenue apr\u00e8s plusieurs jours de frappes a\u00e9riennes et de combats intenses dans les villages voisins, o\u00f9 les troupes isra\u00e9liennes ont affront\u00e9 des combattants du Hezbollah.<\/p>\n<p class=\"mb-4 text-lg md:leading-8 break-words\">Cette prise marque une \u00e9volution importante dans le dernier conflit arm\u00e9 entre Isra\u00ebl et le Hezbollah, commenc\u00e9 le 2 mars lorsque le groupe militant chiite a tir\u00e9 des roquettes sur le nord d&rsquo;Isra\u00ebl, deux jours apr\u00e8s que les \u00c9tats-Unis et Isra\u00ebl ont frapp\u00e9 son principal soutien, l&rsquo;Iran.<\/p>\n<p class=\"mb-4 text-lg md:leading-8 break-words\">Depuis, Isra\u00ebl a lanc\u00e9 une invasion terrestre, prenant le contr\u00f4le de dizaines de villages et de villes libanaises proches de la fronti\u00e8re. Le Hezbollah a tir\u00e9 des milliers de missiles et envoy\u00e9 des drones contre les soldats isra\u00e9liens dans le sud du Liban et le nord d&rsquo;Isra\u00ebl.<\/p>\n<p class=\"mb-4 text-lg md:leading-8 break-words\">Cette avanc\u00e9e isra\u00e9lienne est intervenue malgr\u00e9 un cessez-le-feu de fa\u00e7ade en vigueur depuis le 17 avril et \u00e0 quelques jours du prochain cycle de pourparlers directs entre le Liban et Isra\u00ebl, pr\u00e9vu au d\u00e9partement d&rsquo;\u00c9tat les 2 et 3 juin.<\/p>\n<p>Netanyahou : \u00ab Tournant majeur dans la campagne d&rsquo;Isra\u00ebl \u00bb<\/p>\n<p class=\"mb-4 text-lg md:leading-8 break-words\">Le Premier ministre isra\u00e9lien, Benjamin Netanyahu, a d\u00e9clar\u00e9 que la prise du ch\u00e2teau de Beaufort, dans le sud du Liban, marque un \u00ab tournant majeur \u00bb dans la campagne d&rsquo;Isra\u00ebl contre le Hezbollah au Liban.<\/p>\n<p class=\"mb-4 text-lg md:leading-8 break-words\">\u00ab Aujourd&rsquo;hui, nous sommes revenus \u00e0 Beaufort d&rsquo;une mani\u00e8re diff\u00e9rente. Nous sommes revenus unis, d\u00e9termin\u00e9s et plus forts que jamais \u00bb, a-t-il d\u00e9clar\u00e9 dans une allocution vid\u00e9o.<\/p>\n<p class=\"mb-4 text-lg md:leading-8 break-words\">\u00ab La prise de Beaufort constitue une \u00e9tape d\u00e9cisive et un tournant majeur dans la politique que nous menons. Nous avons bris\u00e9 le mur de la peur. Nous prenons l&rsquo;initiative, nous agissons sur tous les fronts : en Syrie, \u00e0 Gaza, au Liban \u00bb, a ajout\u00e9 Netanyahu.<\/p>\n<p class=\"mb-4 text-lg md:leading-8 break-words\">Le porte-parole arabophone de l&rsquo;arm\u00e9e isra\u00e9lienne, Avichay Adraee, a publi\u00e9 sur X une photo montrant des troupes isra\u00e9liennes marchant \u00e0 l&rsquo;ext\u00e9rieur du ch\u00e2teau, et le ministre de la D\u00e9fense, Israel Katz, a indiqu\u00e9 sur X qu&rsquo;elles y avaient hiss\u00e9 un drapeau isra\u00e9lien. Les troupes isra\u00e9liennes avaient d\u00e9j\u00e0 pris le ch\u00e2teau en 1982 et l&rsquo;avaient conserv\u00e9 jusqu&rsquo;\u00e0 leur retrait du Liban en 2000.<\/p>\n<p>Isra\u00ebl \u00e9tend son invasion au Liban<\/p>\n<p class=\"mb-4 text-lg md:leading-8 break-words\">Dans un communiqu\u00e9, l&rsquo;arm\u00e9e isra\u00e9lienne a indiqu\u00e9 avoir lanc\u00e9 il y a quelques jours une op\u00e9ration sur la cr\u00eate de Beaufort et dans la vall\u00e9e de Suluki, plus au sud, avec pour objectif de d\u00e9manteler les infrastructures du Hezbollah et d&rsquo;\u00e9liminer les menaces directes visant les civils isra\u00e9liens. Elle pr\u00e9cise qu&rsquo;elle est pr\u00eate \u00ab \u00e0 \u00e9tendre l&rsquo;op\u00e9ration si n\u00e9cessaire \u00bb.<\/p>\n<p class=\"mb-4 text-lg md:leading-8 break-words\">Ces derniers jours, Isra\u00ebl a \u00e9largi le champ de ses op\u00e9rations au Liban, en envoyant des troupes au-del\u00e0 du fleuve Litani, qui faisait jusqu&rsquo;ici office de fronti\u00e8re de facto**,** et en demandant aux habitants d&rsquo;\u00e9vacuer une grande partie du sud du Liban.<\/p>\n<p class=\"mb-4 text-lg md:leading-8 break-words\">Isra\u00ebl a d\u00e9sign\u00e9 la zone allant du Litani jusqu&rsquo;au fleuve Zahrani comme zone de combat. Certains habitants ont d\u00e9j\u00e0 quitt\u00e9 la r\u00e9gion en raison de l&rsquo;intensit\u00e9 des frappes de ces derniers jours, mais de nombreuses personnes restent dans plusieurs villes de la zone.<\/p>\n<p class=\"mb-4 text-lg md:leading-8 break-words\">Depuis plusieurs jours, les troupes isra\u00e9liennes progressent dans les villages proches du ch\u00e2teau de Beaufort. Elles se trouvent d\u00e9sormais \u00e0 environ 5 kilom\u00e8tres de la ville de Nabatieh, un important centre du sud du Liban, et ont appel\u00e9 tous ses habitants \u00e0 \u00e9vacuer, ainsi que ceux de la ville c\u00f4ti\u00e8re de Tyr, quatri\u00e8me ville du pays, et de ses environs.<\/p>\n<p>Les \u00e9changes de tirs se poursuivent de part et d&rsquo;autre de la fronti\u00e8re<\/p>\n<p class=\"mb-4 text-lg md:leading-8 break-words\">Dans la nuit de samedi \u00e0 dimanche, le Hezbollah a revendiqu\u00e9deux attaques contre des troupes isra\u00e9lienneset un char Merkava dans la ville sud-ouest de Bayada, pr\u00e8s de la fronti\u00e8re. Ces derniers jours, le groupe affirme s&rsquo;\u00eatre heurt\u00e9 aux troupes isra\u00e9liennes dans plusieurs localit\u00e9s juste au nord du fleuve, pr\u00e8s de Nabatieh et du ch\u00e2teau strat\u00e9gique. Samedi, le Hezbollah a tir\u00e9 des salves de roquettes sur le nord d&rsquo;Isra\u00ebl, notamment sur Kiryat Shmona, la plus grande ville de la r\u00e9gion.<\/p>\n<p class=\"mb-4 text-lg md:leading-8 break-words\">L&rsquo;agence de presse officielle libanaise, la National News Agency, a fait \u00e9tat de frappes a\u00e9riennes sur plusieurs villages du sud du Liban, indiquant qu&rsquo;elles avaient fait des victimes sans fournir de bilan d\u00e9taill\u00e9. Dimanche, le minist\u00e8re libanais de la Sant\u00e9 a d\u00e9clar\u00e9 qu&rsquo;une attaque isra\u00e9lienne pr\u00e8s d&rsquo;un h\u00f4pital \u00e0 Tyr, dans le sud du Liban, avait bless\u00e9 13 membres du personnel.<\/p>\n<p class=\"mb-4 text-lg md:leading-8 break-words\">\u00ab L&rsquo;ennemi isra\u00e9lien a lanc\u00e9 un raid a\u00e9rien \u00e0 proximit\u00e9 de l&rsquo;h\u00f4pital Hiram, \u00e0 Tyr, blessant 13 membres du personnel hospitalier et causant d&rsquo;importants d\u00e9g\u00e2ts \u00bb, a indiqu\u00e9 le minist\u00e8re dans un communiqu\u00e9, appelant \u00ab la communaut\u00e9 internationale \u00e0 mettre fin \u00e0 l&rsquo;escalade continue et \u00e0 l&rsquo;extension des attaques isra\u00e9liennes \u00bb.<\/p>\n<p class=\"mb-4 text-lg md:leading-8 break-words\">L&rsquo;utilisation par le Hezbollah de drones \u00e0 fibre optique (inspir\u00e9 par les succ\u00e8s de l&rsquo;arm\u00e9e ukrainienne avec ce type d&rsquo;armements), difficiles \u00e0 d\u00e9tecter, s&rsquo;est r\u00e9v\u00e9l\u00e9e meurtri\u00e8re pour l&rsquo;arm\u00e9e isra\u00e9lienne, qui peine \u00e0 riposter. Au cours des derni\u00e8res 24 heures, il y a eupr\u00e8s de 200 alertesadress\u00e9es aux civils isra\u00e9liens dans tout le nord d&rsquo;Isra\u00ebl pour les pr\u00e9venir de la pr\u00e9sence de drones et de missiles, selon l&rsquo;arm\u00e9e isra\u00e9lienne.<\/p>\n<p class=\"mb-4 text-lg md:leading-8 break-words\">La derni\u00e8re vague de combats entre Isra\u00ebl et le Hezbollah a fait 3 350 morts au Liban et d\u00e9plac\u00e9 plus d&rsquo;un million de personnes.<\/p>\n<p class=\"mb-4 text-lg md:leading-8 break-words\">Selon le bureau du Premier ministre isra\u00e9lien, Benyamin Netanyahou,au moins 25 soldats isra\u00e9liens et un contractant de la d\u00e9fense ont \u00e9t\u00e9 tu\u00e9s dans le sud du Liban ou \u00e0 proximit\u00e9, dont un samedi. Deux civils ont \u00e9galement \u00e9t\u00e9 tu\u00e9s dans le nord d&rsquo;Isra\u00ebl.<\/p>\n<p>Paris demande une r\u00e9union d&rsquo;urgence du Conseil de s\u00e9curit\u00e9 de l&rsquo;ONU<\/p>\n<p class=\"mb-4 text-lg md:leading-8 break-words\">La France a, de son c\u00f4t\u00e9, demand\u00e9 une r\u00e9union d&rsquo;urgence du Conseil de s\u00e9curit\u00e9 des Nations unies apr\u00e8s la prise du ch\u00e2teau m\u00e9di\u00e9val de Beaufort par les forces isra\u00e9liennes, a d\u00e9clar\u00e9 dimanche le ministre fran\u00e7ais des Affaires \u00e9trang\u00e8res.<\/p>\n<p class=\"mb-4 text-lg md:leading-8 break-words\">\u00ab J&rsquo;ai demand\u00e9 une r\u00e9union d&rsquo;urgence du Conseil de s\u00e9curit\u00e9 des Nations unies car, tout en reconnaissant le droit d&rsquo;Isra\u00ebl, comme celui de tous les pays, \u00e0 l&rsquo;autod\u00e9fense\u2026 rien ne peut justifier la poursuite des op\u00e9rations militaires isra\u00e9liennes au Liban et sonoccupation toujours plus profonde du territoire libanais \u00bb, a d\u00e9clar\u00e9 Jean-No\u00ebl Barrot sur la cha\u00eene BFMTV.<\/p>\n<p>L&rsquo;histoire de la forteresse de Beaufort<\/p>\n<p class=\"mb-4 text-lg md:leading-8 break-words\">Beaufort est un lieu embl\u00e9matique dans toute la r\u00e9gion, y compris en Isra\u00ebl, o\u00f9 il fut l&rsquo;un des sites les plus connus contr\u00f4l\u00e9s par l&rsquo;arm\u00e9e isra\u00e9lienne pendant les 18 ann\u00e9es d&rsquo;occupation. L&rsquo;un des films de guerre isra\u00e9liens les plus c\u00e9l\u00e8bres, \u00ab Beaufort \u00bb, explore les dilemmes moraux, les doutes et la futilit\u00e9 de la guerre dans les derniers jours pr\u00e9c\u00e9dant le retrait des troupes.<\/p>\n<p class=\"mb-4 text-lg md:leading-8 break-words\">Perch\u00e9e au sommet des douces collines verdoyantes du Liban et dominant le fleuve Litani, la forteresse de Beaufort a constitu\u00e9une ressource militaire strat\u00e9gique pour de nombreuses arm\u00e9espendant pr\u00e8s d&rsquo;un millier d&rsquo;ann\u00e9es.<\/p>\n<p class=\"mb-4 text-lg md:leading-8 break-words\">Construite comme ch\u00e2teau crois\u00e9 autour du XIIe si\u00e8cle, au-dessus de fortifications plus anciennes, elle a \u00e9t\u00e9 utilis\u00e9e par les crois\u00e9s, par l&rsquo;arm\u00e9e de Saladin \u00e0 J\u00e9rusalem, par les Mamelouks, les Ottomans, le mandat fran\u00e7ais, l&rsquo;Organisation de lib\u00e9ration de la Palestine et l&rsquo;arm\u00e9e isra\u00e9lienne jusqu&rsquo;en 2000, lorsqu&rsquo;elle a\u00e9t\u00e9 partiellement restaur\u00e9e et ouverte aux visiteurs. Les crois\u00e9s l&rsquo;avaient baptis\u00e9e Beaufort, ce qui signifie \u00ab belle forteresse \u00bb en ancien fran\u00e7ais.<\/p>\n<p class=\"mb-4 text-lg md:leading-8 break-words\">La prise du ch\u00e2teau en 1982 aux d\u00e9pens de l&rsquo;Organisation de lib\u00e9ration de la Palestine a repr\u00e9sent\u00e9 une victoire importante pour l&rsquo;arm\u00e9e isra\u00e9lienne, alors dirig\u00e9e par le ministre de la D\u00e9fense Ariel Sharon, qui deviendra plus tard Premier ministre. \u00c0 l&rsquo;\u00e9poque, l&rsquo;arm\u00e9e isra\u00e9lienne \u00e9tait mont\u00e9e plus au nord et avait occup\u00e9 Beyrouth.<\/p>\n<p class=\"mb-4 text-lg md:leading-8 break-words\">Lors de la pr\u00e9c\u00e9dente guerre entre Isra\u00ebl et le Hezbollah, en 2024, l&rsquo;UNESCO a accord\u00e9 une protection renforc\u00e9e \u00e0 34 sites culturels au Liban, dont le ch\u00e2teau de Beaufort, afin de les prot\u00e9ger d&rsquo;\u00e9ventuels dommages.<\/p>\n<p class=\"mb-4 text-lg md:leading-8 break-words\">Le ch\u00e2teau se trouve \u00e0 quelques kilom\u00e8tres au nord de la fronti\u00e8re isra\u00e9lienne et surplombe une large partie du sud du Liban et du nord d&rsquo;Isra\u00ebl. En arabe, il est appel\u00e9 ch\u00e2teau d&rsquo;Al-Shaqif, un ancien terme syriaque qui fait r\u00e9f\u00e9rence \u00e0 cette imposante zone rocheuse.<\/p>\n","protected":false},"excerpt":{"rendered":"Dans la nuit de samedi \u00e0 dimanche, les troupes isra\u00e9liennes se sont empar\u00e9es d&rsquo;une hauteur strat\u00e9gique surmont\u00e9e du&hellip;\n","protected":false},"author":2,"featured_media":968822,"comment_status":"","ping_status":"","sticky":false,"template":"","format":"standard","meta":{"footnotes":"","_share_on_mastodon":"0"},"categories":[1888],"tags":[1111,1928,11,1927,102136,1777,674,1011,27,7295,664,65953,35718,12404,12,1926,626,1925,25],"class_list":["post-968821","post","type-post","status-publish","format-standard","has-post-thumbnail","category-paris","tag-actu","tag-actu-paris","tag-actualites","tag-actualites-paris","tag-chateau-de-beaufort","tag-eu","tag-europe","tag-fr","tag-france","tag-hezbollah","tag-israel","tag-le-chateau","tag-le-sud","tag-liban","tag-news","tag-news-paris","tag-paris","tag-paris-news","tag-republique-francaise"],"share_on_mastodon":{"url":"https:\/\/pubeurope.com\/@fr\/116669676722649801","error":""},"_links":{"self":[{"href":"https:\/\/www.europesays.com\/fr\/wp-json\/wp\/v2\/posts\/968821","targetHints":{"allow":["GET"]}}],"collection":[{"href":"https:\/\/www.europesays.com\/fr\/wp-json\/wp\/v2\/posts"}],"about":[{"href":"https:\/\/www.europesays.com\/fr\/wp-json\/wp\/v2\/types\/post"}],"author":[{"embeddable":true,"href":"https:\/\/www.europesays.com\/fr\/wp-json\/wp\/v2\/users\/2"}],"replies":[{"embeddable":true,"href":"https:\/\/www.europesays.com\/fr\/wp-json\/wp\/v2\/comments?post=968821"}],"version-history":[{"count":0,"href":"https:\/\/www.europesays.com\/fr\/wp-json\/wp\/v2\/posts\/968821\/revisions"}],"wp:featuredmedia":[{"embeddable":true,"href":"https:\/\/www.europesays.com\/fr\/wp-json\/wp\/v2\/media\/968822"}],"wp:attachment":[{"href":"https:\/\/www.europesays.com\/fr\/wp-json\/wp\/v2\/media?parent=968821"}],"wp:term":[{"taxonomy":"category","embeddable":true,"href":"https:\/\/www.europesays.com\/fr\/wp-json\/wp\/v2\/categories?post=968821"},{"taxonomy":"post_tag","embeddable":true,"href":"https:\/\/www.europesays.com\/fr\/wp-json\/wp\/v2\/tags?post=968821"}],"curies":[{"name":"wp","href":"https:\/\/api.w.org\/{rel}","templated":true}]}}