{"id":96894,"date":"2025-05-13T13:23:10","date_gmt":"2025-05-13T13:23:10","guid":{"rendered":"https:\/\/www.europesays.com\/fr\/96894\/"},"modified":"2025-05-13T13:23:10","modified_gmt":"2025-05-13T13:23:10","slug":"a-bordeaux-la-grande-maison-de-bernard-magrez-est-en-vente-pour-plus-de-6-millions-deuros","status":"publish","type":"post","link":"https:\/\/www.europesays.com\/fr\/96894\/","title":{"rendered":"\u00e0 Bordeaux, La Grande Maison de Bernard Magrez est en vente pour plus de 6 millions d\u2019euros"},"content":{"rendered":"<p>La Grande Maison du quartier Labotti\u00e8re, \u00e0 Bordeaux, est d\u00e9sormais en vente. Elle appartient \u00e0 l\u2019homme d\u2019affaires bordelais Bernard Magrez et accueillait jusqu\u2019en 2020 un restaurant r\u00e9put\u00e9.<\/p>\n<p class=\"fig-paragraph\">Presque cinq ans apr\u00e8s\u00a0<a href=\"http:\/\/www.lefigaro.fr\/gastronomie\/le-restaurant-deux-etoiles-la-grande-maison-a-bordeaux-ferme-ses-portes-20200722\" data-fig-type=\"Article\" data-gtm-custom-categorie=\"navigation\" data-gtm-custom-action=\"crossclick\" data-gtm-custom-label=\"Contextuel\" data-gtm-event=\"customEventSPE\" data-fig-domain=\"LEFIGARO\" target=\"_blank\" rel=\"noopener\">la fermeture du prestigieux restaurant bordelais<\/a>, La Grande Maison est d\u00e9sormais en vente\u00a0<a href=\"https:\/\/www.barnes-international.com\/fr\/vente\/france\/bordeaux-33000\/85155645\" target=\"_blank\" rel=\"nofollow noopener\" data-gtm-custom-categorie=\"navigation\" data-gtm-custom-action=\"crossclick\" data-gtm-custom-label=\"Contextuel\" data-gtm-event=\"customEventSPE\">sur le site de l\u2019agence immobili\u00e8re<\/a>\u00a0de luxe Barnes. Pr\u00e9sent\u00e9e comme un \u00abh\u00f4tel particulier\u00bb, la demeure d\u2019environ 700 m\u00b2 date du XVIIIe si\u00e8cle. Sa fa\u00e7ade en pierre de taille, orn\u00e9e de grandes fen\u00eatres et de balcons en fer forg\u00e9, est tr\u00e8s repr\u00e9sentative du\u00a0<a href=\"https:\/\/www.lefigaro.fr\/bordeaux\/bordeaux-a-peine-inaugure-le-pont-simone-veil-deja-recompense-par-un-prestigieux-prix-d-architecture-20241120?msockid=258c4318a154643d05395665a0ed65f9\" target=\"_blank\" data-fig-type=\"NewsFlash\" rel=\"noopener\" data-gtm-custom-categorie=\"navigation\" data-gtm-custom-action=\"crossclick\" data-gtm-custom-label=\"Contextuel\" data-gtm-event=\"customEventSPE\" data-fig-domain=\"LEFIGARO\">patrimoine architectural bordelais<\/a>. Son prix de vente est fix\u00e9 \u00e0 6,3 millions d\u2019euros (incluant 300.000\u00a0euros d\u2019honoraires).<\/p>\n<p>Ancien restaurant \u00e9toil\u00e9<\/p>\n<p class=\"fig-paragraph\">En juillet 2020, l\u2019homme d\u2019affaires bordelais Bernard Magrez avait annonc\u00e9 la fermeture de son \u00e9tablissement proche du centre-ville de Bordeaux, en raison notamment du contexte Covid. \u00abNous avons perdu et allons continuer \u00e0 perdre longtemps notre client\u00e8le \u00e9trang\u00e8re et au-del\u00e0 une bonne partie de notre client\u00e8le fran\u00e7aise. Cela en raison des probl\u00e8mes \u00e9conomiques que nous allons \u00e0 coup s\u00fbr subir en fin 2020 et 2021\u00bb, avait-il d\u00e9clar\u00e9 \u00e0 l\u2019\u00e9poque. Il avait promis de r\u00e9ouvrir les portes de La Grande Maison, lieu phare de la sc\u00e8ne culinaire locale, mais la r\u00e9alit\u00e9 \u00e9conomique l\u2019avait finalement rattrap\u00e9. Le chef Pierre Gagnaire, avait cr\u00e9\u00e9 la carte de l\u2019\u00e9tablissement, et y avait install\u00e9 le tr\u00e8s dou\u00e9 Jean-Denis Le Bras pour diriger les cuisines avec lui. Le duo avait \u00e9t\u00e9 cr\u00e9dit\u00e9 de deux \u00e9toiles par le guide Michelin.<\/p>\n","protected":false},"excerpt":{"rendered":"La Grande Maison du quartier Labotti\u00e8re, \u00e0 Bordeaux, est d\u00e9sormais en vente. Elle appartient \u00e0 l\u2019homme d\u2019affaires bordelais&hellip;\n","protected":false},"author":2,"featured_media":96895,"comment_status":"","ping_status":"","sticky":false,"template":"","format":"standard","meta":{"footnotes":""},"categories":[2817],"tags":[1111,11,21043,1997,2916,2911,2910,2915,2909,2904,2913,2912,2914,2906,2907,1777,674,1011,27,1661,2905,2908,21044,12,2219,25],"class_list":{"0":"post-96894","1":"post","2":"type-post","3":"status-publish","4":"format-standard","5":"has-post-thumbnail","7":"category-bordeaux","8":"tag-actu","9":"tag-actualites","10":"tag-bernard-magrez","11":"tag-bordeaux","12":"tag-bordeaux-cauderan","13":"tag-bordeaux-centre-ville","14":"tag-bordeaux-chartrons-grand-parc-jardin-public","15":"tag-bordeaux-la-bastide","16":"tag-bordeaux-maritime","17":"tag-bordeaux-metropole","18":"tag-bordeaux-nansouty-st-genes","19":"tag-bordeaux-st-augustin-tauzin-alphonse-dupeux","20":"tag-bordeaux-sud","21":"tag-capitale-de-gaule","22":"tag-cathedrale-gothique-de-saint-andre","23":"tag-eu","24":"tag-europe","25":"tag-fr","26":"tag-france","27":"tag-gastronomie","28":"tag-gironde","29":"tag-girondins-de-bordeaux","30":"tag-immobilier-de-luxe","31":"tag-news","32":"tag-nouvelle-aquitaine","33":"tag-republique-francaise"},"share_on_mastodon":{"url":"","error":"Validation failed: Text character limit of 500 exceeded"},"_links":{"self":[{"href":"https:\/\/www.europesays.com\/fr\/wp-json\/wp\/v2\/posts\/96894","targetHints":{"allow":["GET"]}}],"collection":[{"href":"https:\/\/www.europesays.com\/fr\/wp-json\/wp\/v2\/posts"}],"about":[{"href":"https:\/\/www.europesays.com\/fr\/wp-json\/wp\/v2\/types\/post"}],"author":[{"embeddable":true,"href":"https:\/\/www.europesays.com\/fr\/wp-json\/wp\/v2\/users\/2"}],"replies":[{"embeddable":true,"href":"https:\/\/www.europesays.com\/fr\/wp-json\/wp\/v2\/comments?post=96894"}],"version-history":[{"count":0,"href":"https:\/\/www.europesays.com\/fr\/wp-json\/wp\/v2\/posts\/96894\/revisions"}],"wp:featuredmedia":[{"embeddable":true,"href":"https:\/\/www.europesays.com\/fr\/wp-json\/wp\/v2\/media\/96895"}],"wp:attachment":[{"href":"https:\/\/www.europesays.com\/fr\/wp-json\/wp\/v2\/media?parent=96894"}],"wp:term":[{"taxonomy":"category","embeddable":true,"href":"https:\/\/www.europesays.com\/fr\/wp-json\/wp\/v2\/categories?post=96894"},{"taxonomy":"post_tag","embeddable":true,"href":"https:\/\/www.europesays.com\/fr\/wp-json\/wp\/v2\/tags?post=96894"}],"curies":[{"name":"wp","href":"https:\/\/api.w.org\/{rel}","templated":true}]}}