{"id":96905,"date":"2025-05-13T13:29:08","date_gmt":"2025-05-13T13:29:08","guid":{"rendered":"https:\/\/www.europesays.com\/fr\/96905\/"},"modified":"2025-05-13T13:29:08","modified_gmt":"2025-05-13T13:29:08","slug":"la-posidonie-utilisee-contre-lerosion-de-plusieurs-plages","status":"publish","type":"post","link":"https:\/\/www.europesays.com\/fr\/96905\/","title":{"rendered":"la posidonie utilis\u00e9e contre l&rsquo;\u00e9rosion de plusieurs plages"},"content":{"rendered":"<p>Ce mardi, la mairie de Marseille a lanc\u00e9 une exp\u00e9rimentation sur quatre plages visant \u00e0 utiliser les herbiers de posidonie pour lutter contre l\u2019\u00e9rosion, au lieu de les retirer comme il en a \u00e9t\u00e9 d\u2019usage pendant de nombreuses ann\u00e9es.<\/p>\n<p class=\"fig-paragraph\">La ville de Marseille a lanc\u00e9 mardi une exp\u00e9rimentation sur quatre plages pour utiliser des\u00a0<a href=\"http:\/\/www.lefigaro.fr\/marseille\/calanques-de-marseille-un-armateur-juge-pour-mouillages-sur-des-herbiers-de-posidonie-20250425\" data-fig-type=\"NewsFlash\" data-gtm-custom-categorie=\"navigation\" data-gtm-custom-action=\"crossclick\" data-gtm-custom-label=\"Contextuel\" data-gtm-event=\"customEventSPE\" data-fig-domain=\"LEFIGARO\" target=\"_blank\" rel=\"noopener\">herbiers de posidonie<\/a>\u00a0afin de lutter contre leur\u00a0<a href=\"http:\/\/www.lefigaro.fr\/bordeaux\/a-lege-cap-ferret-trois-associations-saisissent-la-justice-face-au-phenomene-d-erosion-20250320\" data-fig-type=\"NewsFlash\" data-gtm-custom-categorie=\"navigation\" data-gtm-custom-action=\"crossclick\" data-gtm-custom-label=\"Contextuel\" data-gtm-event=\"customEventSPE\" data-fig-domain=\"LEFIGARO\" target=\"_blank\" rel=\"noopener\">\u00e9rosion<\/a>, en y r\u00e9partissant des couches successives de sable et de feuilles mortes de ces plantes end\u00e9miques de\u00a0<a href=\"http:\/\/www.lefigaro.fr\/voyages\/dossier\/croisieres\" data-fig-type=\"Topic\" data-gtm-custom-categorie=\"navigation\" data-gtm-custom-action=\"crossclick\" data-gtm-custom-label=\"Contextuel\" data-gtm-event=\"customEventSPE\" data-fig-domain=\"LEFIGARO\" target=\"_blank\" rel=\"noopener\">M\u00e9diterran\u00e9e\u00a0<\/a>\u00e0 l&rsquo;int\u00e9r\u00eat \u00e9cologique majeur.<\/p>\n<p class=\"fig-paragraph\">\u00abOn ne ramasse plus les v\u00e9g\u00e9taux \u00e9chou\u00e9s sur le sable entre fin octobre et maintenant\u00bb, a expliqu\u00e9 Herv\u00e9 Menchon, adjoint en charge notamment du littoral \u00e0 la mairie de la deuxi\u00e8me ville de France.<\/p>\n<p class=\"fig-paragraph\">Par cons\u00e9quent, les feuilles mortes des<a href=\"http:\/\/www.lefigaro.fr\/sciences\/250-hectares-ont-ete-detruits-ces-dix-dernieres-annees-une-association-replante-des-herbiers-de-posidonie-au-fond-de-la-mediterranee-20240920\" data-fig-type=\"Article\" data-gtm-custom-categorie=\"navigation\" data-gtm-custom-action=\"crossclick\" data-gtm-custom-label=\"Contextuel\" data-gtm-event=\"customEventSPE\" data-fig-domain=\"LEFIGARO\" target=\"_blank\" rel=\"noopener\">\u00a0herbiers de posidonie<\/a>, qui sont caduques, viennent s&rsquo;\u00e9chouer et former en hiver de larges \u00abbanquettes\u00bb aux couleurs sombres sur les plages, ce qui constitue un rempart naturel contre les vagues.<\/p>\n<p>Un budget de 375.000 euros<\/p>\n<p class=\"fig-paragraph\">Mais avec l&rsquo;arriv\u00e9e de la saison estivale, il n&rsquo;est pas possible de laisser ces banquettes en l&rsquo;\u00e9tat, et pendant quelques jours, une entreprise \u00e9quip\u00e9e d&rsquo;une pelle m\u00e9canique va donc \u0153uvrer \u00e0 \u00e9taler la posidonie, pour former un \u00abtapis\u00bb, qui sera recouvert de sable, et ainsi de suite jusqu&rsquo;\u00e0 former un \u00abmille-feuille\u00bb, a poursuivi Herv\u00e9 Menchon.<\/p>\n<p class=\"fig-paragraph\">\u00c0 la fin, les feuilles, int\u00e9gr\u00e9es au sable, ne seront plus visibles. \u00abLa banquette, il y a du sable \u00e0 l&rsquo;int\u00e9rieur naturellement, et un m\u00e8tre cube de posidonie peut pi\u00e9ger entre 10 et 100 kg de sable\u00bb, a d\u00e9taill\u00e9 Liva Andriamamonjy, charg\u00e9e d&rsquo;\u00e9tude au sein du service gestion du littoral de la municipalit\u00e9.<\/p>\n<p class=\"fig-paragraph\">Surnomm\u00e9s \u00abpoumons des mers\u00bb, les herbiers de posidonie servent de puits de carbone, de nurserie pour poissons, en plus d&rsquo;apporter cette protection contre l&rsquo;\u00e9rosion c\u00f4ti\u00e8re.<\/p>\n<p class=\"fig-paragraph\">Bien que la posidonie soit une plante prot\u00e9g\u00e9e depuis 1988, il \u00e9tait d&rsquo;usage pendant de nombreuses ann\u00e9es de retirer les banquettes des plages. Cette coutume \u00e9tait une r\u00e9ponse \u00ab\u00e0 des st\u00e9r\u00e9otypes touristiques de la plage de sable blanc, tout fin, avec des cocotiers\u00a0: plut\u00f4t que d&rsquo;aller aux Antilles, on a essay\u00e9 de reproduire les Antilles sur le littoral m\u00e9diterran\u00e9en, et donc, on a d\u00e9natur\u00e9 notre paysage littoral\u00bb, a regrett\u00e9 Herv\u00e9 Menchon.<\/p>\n<p class=\"fig-paragraph\">La banquette de posidonie a donc toujours fait \u00abpartie du paysage naturel de notre littoral m\u00e9diterran\u00e9en\u00bb, a insist\u00e9 l&rsquo;\u00e9lu, mais un travail de sensibilisation du public sera n\u00e9cessaire, pour accompagner le chantier, et expliquer que la formation des banquettes est un ph\u00e9nom\u00e8ne naturel, b\u00e9n\u00e9fique \u00e0 l&rsquo;environnement et qui n&rsquo;est ni sale, ni naus\u00e9abond. Le budget allou\u00e9 au projet est de 375.000 euros pour trois ans, et concernera la plage du Proph\u00e8te, la plage Bor\u00e9ly, la plage de Bonneveine et la plage du Fortin.<\/p>\n","protected":false},"excerpt":{"rendered":"Ce mardi, la mairie de Marseille a lanc\u00e9 une exp\u00e9rimentation sur quatre plages visant \u00e0 utiliser les herbiers&hellip;\n","protected":false},"author":2,"featured_media":96906,"comment_status":"","ping_status":"","sticky":false,"template":"","format":"standard","meta":{"footnotes":""},"categories":[2814],"tags":[1111,11,885,1182,1180,1181,51,1777,674,1011,27,1184,1185,884,6127,12,1177,1176,149,15656,1186,882,25,1178,1183,1179],"class_list":{"0":"post-96905","1":"post","2":"type-post","3":"status-publish","4":"format-standard","5":"has-post-thumbnail","7":"category-marseille","8":"tag-actu","9":"tag-actualites","10":"tag-bouches-du-rhone","11":"tag-calanques","12":"tag-canebiere","13":"tag-cite-phoceenne","14":"tag-ecologie","15":"tag-eu","16":"tag-europe","17":"tag-fr","18":"tag-france","19":"tag-la-timone","20":"tag-les-baumettes-mediterranee","21":"tag-marseille","22":"tag-mer","23":"tag-news","24":"tag-notre-dame-de-la-garde","25":"tag-olympique-de-marseille","26":"tag-om","27":"tag-plage","28":"tag-provence","29":"tag-provence-alpes-cote-dazur","30":"tag-republique-francaise","31":"tag-saint-charles","32":"tag-sormiou","33":"tag-vieux-port"},"share_on_mastodon":{"url":"https:\/\/pubeurope.com\/@fr\/114500767934092715","error":""},"_links":{"self":[{"href":"https:\/\/www.europesays.com\/fr\/wp-json\/wp\/v2\/posts\/96905","targetHints":{"allow":["GET"]}}],"collection":[{"href":"https:\/\/www.europesays.com\/fr\/wp-json\/wp\/v2\/posts"}],"about":[{"href":"https:\/\/www.europesays.com\/fr\/wp-json\/wp\/v2\/types\/post"}],"author":[{"embeddable":true,"href":"https:\/\/www.europesays.com\/fr\/wp-json\/wp\/v2\/users\/2"}],"replies":[{"embeddable":true,"href":"https:\/\/www.europesays.com\/fr\/wp-json\/wp\/v2\/comments?post=96905"}],"version-history":[{"count":0,"href":"https:\/\/www.europesays.com\/fr\/wp-json\/wp\/v2\/posts\/96905\/revisions"}],"wp:featuredmedia":[{"embeddable":true,"href":"https:\/\/www.europesays.com\/fr\/wp-json\/wp\/v2\/media\/96906"}],"wp:attachment":[{"href":"https:\/\/www.europesays.com\/fr\/wp-json\/wp\/v2\/media?parent=96905"}],"wp:term":[{"taxonomy":"category","embeddable":true,"href":"https:\/\/www.europesays.com\/fr\/wp-json\/wp\/v2\/categories?post=96905"},{"taxonomy":"post_tag","embeddable":true,"href":"https:\/\/www.europesays.com\/fr\/wp-json\/wp\/v2\/tags?post=96905"}],"curies":[{"name":"wp","href":"https:\/\/api.w.org\/{rel}","templated":true}]}}