{"id":969064,"date":"2026-05-31T17:14:31","date_gmt":"2026-05-31T17:14:31","guid":{"rendered":"https:\/\/www.europesays.com\/fr\/969064\/"},"modified":"2026-05-31T17:14:31","modified_gmt":"2026-05-31T17:14:31","slug":"bagnaia-a-craint-le-desastre-jai-eu-peur-dans-le-dernier-tour","status":"publish","type":"post","link":"https:\/\/www.europesays.com\/fr\/969064\/","title":{"rendered":"Bagnaia a craint le \u00ab\u00a0d\u00e9sastre\u00a0\u00bb\u00a0: \u00ab\u00a0J&rsquo;ai eu peur dans le dernier tour\u00a0\u00bb"},"content":{"rendered":"<p><a href=\"https:\/\/fr.motorsport.com\/driver\/pecco-bagnaia\/109394\/\" target=\"_blank\" rel=\"noopener nofollow\">Pecco Bagnaia<\/a> est pass\u00e9 par toutes les \u00e9motions au Mugello. L&rsquo;Italien s&rsquo;est imagin\u00e9 vainqueur en d\u00e9but d&rsquo;\u00e9preuve et a finalement craint d&rsquo;\u00eatre priv\u00e9 du podium au tout dernier moment par <a href=\"https:\/\/fr.motorsport.com\/driver\/ai-ogura\/471489\/\" target=\"_blank\" rel=\"noopener nofollow\">Ai Ogura<\/a>, qu&rsquo;il n&rsquo;a devanc\u00e9 que de 0&Prime;034 sous le drapeau \u00e0 damier.<\/p>\n<p>Samedi, Bagnaia avait perdu cinq places d\u00e8s le premier tour du sprint, en raison de difficult\u00e9s \u00e0 g\u00e9rer l&#8217;embrayage au d\u00e9part. \u00ab\u00a0D\u00e8s que je commence \u00e0 rel\u00e2cher l&#8217;embrayage, et je le fais pourtant tr\u00e8s progressivement, la moto se cabre et ne redescend plus\u00a0\u00bb, expliquait-il apr\u00e8s \u00eatre remont\u00e9 \u00e0 une modeste septi\u00e8me place \u00e0 l&rsquo;arriv\u00e9e.<\/p>\n<p>Ce dimanche, Bagnaia a cette fois pris un tr\u00e8s bon envol, qui lui a permis de passer de la sixi\u00e8me \u00e0 la troisi\u00e8me place, derri\u00e8re les pilotes Aprilia. Il a gagn\u00e9 une position d\u00e8s le deuxi\u00e8me tour, en profitant d&rsquo;une petite erreur de <a href=\"https:\/\/fr.motorsport.com\/driver\/jorge-martin\/109391\/\" target=\"_blank\" rel=\"noopener nofollow\">Jorge Mart\u00edn<\/a>, et a doubl\u00e9 <a href=\"https:\/\/fr.motorsport.com\/driver\/marco-bezzecchi\/441839\/\" target=\"_blank\" rel=\"noopener nofollow\">Marco Bezzecchi<\/a> \u00e0 l&rsquo;entame de la troisi\u00e8me boucle.<\/p>\n<p>\u00ab\u00a0J&rsquo;ai tout essay\u00e9, j&rsquo;ai essay\u00e9 de ne pas trop utiliser le pneu avant en menant\u00a0\u00bb, a expliqu\u00e9 Bagnaia au site officiel du MotoGP. Le pilote Ducati a men\u00e9 mais Bezzecchi est rest\u00e9 au contact, et a profit\u00e9 de ses difficult\u00e9s \u00e0 pr\u00e9server l&rsquo;arri\u00e8re pour reprendre l&rsquo;avantage au 14e tour, avant que Mart\u00edn fasse de m\u00eame deux boucles plus tard.<\/p>\n<p>\u00ab\u00a0J&rsquo;ai tout g\u00e9r\u00e9 mais \u00e0 mi-course, j&rsquo;ai senti que l&rsquo;arri\u00e8re se d\u00e9gradait beaucoup. Bezz revenait, il a tout le temps \u00e9t\u00e9 l\u00e0. Je me suis dit que je devais me calmer, voir l&rsquo;arriv\u00e9e, ne pas trop solliciter le pneu arri\u00e8re. Quand Bezz et Jorge m&rsquo;ont doubl\u00e9, j&rsquo;ai juste respir\u00e9 parce que c&rsquo;\u00e9tait important de voir l&rsquo;arriv\u00e9e.\u00a0\u00bb<\/p>\n<p>   <img decoding=\"async\" draggable=\"false\" src=\"https:\/\/www.europesays.com\/fr\/wp-content\/uploads\/2026\/05\/1780247667_639_francesco-bagnaia-ducati-team.jpg\" alt=\"Pecco Bagnaia a men\u00e9 la premi\u00e8re moiti\u00e9 de la course au Mugello.\" width=\"1200\" height=\"800\" loading=\"lazy\"\/> <\/p>\n<p class=\"title\">Pecco Bagnaia a men\u00e9 la premi\u00e8re moiti\u00e9 de la course au Mugello.<\/p>\n<p class=\"photographer\">Photo de: Gold and Goose Photography \/ Getty Images<\/p>\n<p>Bagnaia\u00a0a pourtant cru \u00e0 la victoire\u00a0: \u00ab\u00a0Le sentiment \u00e9tait que oui mais l&rsquo;arri\u00e8re s&rsquo;est trop d\u00e9grad\u00e9. C&rsquo;\u00e9tait plus ou moins comme en Tha\u00eflande, o\u00f9 je patinais en ligne droite. Je me suis dit &lsquo;OK, reste calme, regarde comment \u00e7a va se passer&rsquo;.\u00a0\u00bb<\/p>\n<p>La troisi\u00e8me place de Bagnaia paraissait dans un premier temps assur\u00e9e, puisque le reste du plateau \u00e9tait distanc\u00e9, mais il a commenc\u00e9 \u00e0 s&rsquo;inqui\u00e9ter quand il a vu que son premier poursuivant n&rsquo;\u00e9tait plus Pedro Acosta mais Ai Ogura, devenu le sp\u00e9cialiste des fins de course.<\/p>\n<p>\u00ab\u00a0Quand j&rsquo;ai vu que j&rsquo;avais quatre secondes d&rsquo;avance sur Pedro, je me suis dit que je pouvais g\u00e9rer \u00e7a, mais quand j&rsquo;ai vu qu&rsquo;Ai \u00e9tait celui qui me suivait, je me suis dit &lsquo;OK, il va revenir&rsquo;. C&rsquo;est dur mais c&rsquo;est comme \u00e7a.\u00a0\u00bb<\/p>\n<blockquote>\n<p>La strat\u00e9gie a \u00e9t\u00e9 la bonne mais un peu \u00e0 la limite !<\/p>\n<\/blockquote>\n<p>Bagnaia a d\u00e9but\u00e9 le dernier tour avec un peu moins d&rsquo;une seconde d&rsquo;avance sur Ogura, et s&rsquo;est pr\u00e9par\u00e9 \u00e0 un duel. \u00ab\u00a0J&rsquo;ai eu peur dans le dernier tour\u00a0\u00bb, a-t-il reconnu.\u00a0Bagnaia a voulu forcer Ogura \u00e0 sortir large en le doublant au premier virage, pour pouvoir croiser la trajectoire. La tactique a fonctionn\u00e9 puisqu&rsquo;il est repass\u00e9 juste devant le pilote Trackhouse dans la ligne droite principale.<\/p>\n<p>\u00ab\u00a0Je me suis dit &lsquo;Il va revenir'\u00a0\u00bb, a racont\u00e9 Bagnaia en conf\u00e9rence de presse. \u00ab\u00a0Il est incroyable dans les derniers tours. J&rsquo;ai commenc\u00e9 \u00e0 entendre sa moto au virage 12 et je me suis dit &lsquo;Je dois freiner aussi fort que possible au dernier virage pour ne pas lui laisser la place&rsquo;, et s&rsquo;il essaie de me doubler, il sortira large&rsquo;.\u00a0\u00bb<\/p>\n<p>   <img decoding=\"async\" draggable=\"false\" src=\"https:\/\/www.europesays.com\/fr\/wp-content\/uploads\/2026\/05\/1780247669_637_francesco-bagnaia-ducati-team.jpg\" alt=\"Pecco Bagnaia a pu conserver la troisi\u00e8me place au GP d'Italie.\" width=\"1200\" height=\"800\" loading=\"lazy\"\/> <\/p>\n<p class=\"title\">Pecco Bagnaia a pu conserver la troisi\u00e8me place au GP d&rsquo;Italie.<\/p>\n<p class=\"photographer\">Photo de: Gold and Goose Photography \/ Getty Images<\/p>\n<p>\u00ab\u00a0La strat\u00e9gie a \u00e9t\u00e9 la bonne mais un peu \u00e0 la limite ! Perdre le podium dans le dernier virage, apr\u00e8s une telle course, \u00e7a aurait \u00e9t\u00e9 un d\u00e9sastre.\u00a0\u00bb<\/p>\n<p>Bagnaia \u00e9tait en plus dans une certaine incertitude, puisque sa moto n&rsquo;affichait pas le bon nombre de tours \u00e0 disputer\u00a0: \u00ab\u00a0J&rsquo;\u00e9tais un peu confus parce que ma moto me disait qu&rsquo;il restait deux tours. En sortant du dernier virage, j&rsquo;ai vu le drapeau \u00e0 damier donc je me suis dit &lsquo;Merci beaucoup\u00a0!&rsquo; parce que c&rsquo;\u00e9tait impossible de rester devant un tour de plus.\u00a0\u00bb<\/p>\n<p>Un podium pr\u00e9cieux \u00e0 domicile<\/p>\n<p>Pecco Bagnaia a ainsi pu d\u00e9crocher son deuxi\u00e8me podium de l&rsquo;ann\u00e9e en course principale, le deuxi\u00e8me cons\u00e9cutif apr\u00e8s celui de Barcelone. Sorti d&rsquo;une saison 2025 difficile et d&rsquo;un d\u00e9but de saison encore compliqu\u00e9, il a voulu savourer chaque instant devant le public italien.<\/p>\n<p>\u00ab\u00a0Je ne voulais pas partir du podium et je voulais profiter de la foule. Je suis super heureux, l&rsquo;\u00e9quipe le m\u00e9rite. Il faut croire en ces r\u00e9sultats.\u00a0\u00bb<\/p>\n<p>\u00ab\u00a0Les \u00e9motions \u00e9taient fortes, m\u00eame si je n&rsquo;ai pas gagn\u00e9, parce que je sens qu&rsquo;on a vraiment m\u00e9rit\u00e9 ce r\u00e9sultat\u00a0\u00bb, a soulign\u00e9 Bagnaia. \u00ab\u00a0Pour moi, ce n&rsquo;est pas comme une victoire mais proche. J&rsquo;ai \u00e9t\u00e9 d\u00e9sign\u00e9 pilote de la course, donc c&rsquo;est une petite victoire\u00a0!\u00a0\u00bb<\/p>\n<p>   <img decoding=\"async\" draggable=\"false\" src=\"https:\/\/www.europesays.com\/fr\/wp-content\/uploads\/2026\/05\/1780247671_49_francesco-bagnaia-ducati-team.jpg\" alt=\"Pecco Bagnaia a voulu profiter de son podium \u00e0 domicile.\" width=\"1200\" height=\"800\" loading=\"lazy\"\/> <\/p>\n<p class=\"title\">Pecco Bagnaia a voulu profiter de son podium \u00e0 domicile.<\/p>\n<p class=\"photographer\">Photo de: Ducati Corse<\/p>\n<p>Et Pecco Bagnaia a su se r\u00e9jouir pour le v\u00e9ritable vainqueur du jour, son comp\u00e8re de la VR46 Riders Academy Marco Bezzecchi, dont il deviendra le co\u00e9quipier chez Aprilia la saison prochaine \u2013 m\u00eame si le transfert n&rsquo;a pas encore \u00e9t\u00e9 annonc\u00e9.<\/p>\n<p>\u00ab\u00a0Il m\u00e9rite vraiment ce genre de r\u00e9sultats. Gagner au Mugello, c&rsquo;est \u00e0 part pour un pilote italien sur une moto italienne. On n&rsquo;oublie jamais la premi\u00e8re fois. Je suis tr\u00e8s content pour lui, tr\u00e8s content pour Aprilia parce qu&rsquo;ils travaillent tr\u00e8s bien, ils sont super bons. C&rsquo;est tr\u00e8s beau de gagner ici.\u00a0\u00bb<\/p>\n<p style=\"text-align: right;\">Avec T\u00e9ha Courbon<\/p>\n<p>Lire aussi :<\/p>\n<p>            Votre avis nous int\u00e9resse !<\/p>\n<p class=\"mt-auto\">Qu&rsquo;aimeriez-vous voir sur Motorsport.com ?<\/p>\n<p>            <a href=\"#\" class=\"ms-link text-link font-bold\">R\u00e9pondez \u00e0 notre enqu\u00eate en 5 minutes.<\/a><\/p>\n<p class=\"mt-1 text-body\">&#8211; L&rsquo;\u00e9quipe Motorsport.com<\/p>\n","protected":false},"excerpt":{"rendered":"Pecco Bagnaia est pass\u00e9 par toutes les \u00e9motions au Mugello. L&rsquo;Italien s&rsquo;est imagin\u00e9 vainqueur en d\u00e9but d&rsquo;\u00e9preuve et&hellip;\n","protected":false},"author":2,"featured_media":969065,"comment_status":"","ping_status":"","sticky":false,"template":"","format":"standard","meta":{"footnotes":"","_share_on_mastodon":"0"},"categories":[1586],"tags":[11,102152,4950,1777,674,1779,1011,27,31123,1458,31124,12,4951,25,1778,364],"class_list":["post-969064","post","type-post","status-publish","format-standard","has-post-thumbnail","category-europe","tag-actualites","tag-bagnaia-a-craint-le-du00e9sastreu00a0-jai-eu-peur-dans-le-dernier-tour","tag-ducati-team","tag-eu","tag-europe","tag-european-union","tag-fr","tag-france","tag-gp-ditalie","tag-motogp","tag-mugello","tag-news","tag-pecco-bagnaia","tag-republique-francaise","tag-ue","tag-union-europeenne"],"share_on_mastodon":{"url":"https:\/\/pubeurope.com\/@fr\/116670318019526460","error":""},"_links":{"self":[{"href":"https:\/\/www.europesays.com\/fr\/wp-json\/wp\/v2\/posts\/969064","targetHints":{"allow":["GET"]}}],"collection":[{"href":"https:\/\/www.europesays.com\/fr\/wp-json\/wp\/v2\/posts"}],"about":[{"href":"https:\/\/www.europesays.com\/fr\/wp-json\/wp\/v2\/types\/post"}],"author":[{"embeddable":true,"href":"https:\/\/www.europesays.com\/fr\/wp-json\/wp\/v2\/users\/2"}],"replies":[{"embeddable":true,"href":"https:\/\/www.europesays.com\/fr\/wp-json\/wp\/v2\/comments?post=969064"}],"version-history":[{"count":0,"href":"https:\/\/www.europesays.com\/fr\/wp-json\/wp\/v2\/posts\/969064\/revisions"}],"wp:featuredmedia":[{"embeddable":true,"href":"https:\/\/www.europesays.com\/fr\/wp-json\/wp\/v2\/media\/969065"}],"wp:attachment":[{"href":"https:\/\/www.europesays.com\/fr\/wp-json\/wp\/v2\/media?parent=969064"}],"wp:term":[{"taxonomy":"category","embeddable":true,"href":"https:\/\/www.europesays.com\/fr\/wp-json\/wp\/v2\/categories?post=969064"},{"taxonomy":"post_tag","embeddable":true,"href":"https:\/\/www.europesays.com\/fr\/wp-json\/wp\/v2\/tags?post=969064"}],"curies":[{"name":"wp","href":"https:\/\/api.w.org\/{rel}","templated":true}]}}