{"id":96913,"date":"2025-05-13T13:33:11","date_gmt":"2025-05-13T13:33:11","guid":{"rendered":"https:\/\/www.europesays.com\/fr\/96913\/"},"modified":"2025-05-13T13:33:11","modified_gmt":"2025-05-13T13:33:11","slug":"triangle-de-gonesse-rejet-du-recours-des-associations-environnementales","status":"publish","type":"post","link":"https:\/\/www.europesays.com\/fr\/96913\/","title":{"rendered":"Triangle de Gonesse : rejet du recours des associations environnementales"},"content":{"rendered":"<p><img loading=\"lazy\" decoding=\"async\" alt=\"\u00a9 SIDF - La cour administrative d\u2019appel de Versailles a rejet\u00e9 le recours.\u00a0\" data-zoom-src=\"https:\/\/www.europesays.com\/fr\/wp-content\/uploads\/2025\/05\/initial-cour-administrative-appel-versailles.jpg\" data-zoomable=\"\" height=\"702\" src=\"https:\/\/www.europesays.com\/fr\/wp-content\/uploads\/2025\/05\/initial-cour-administrative-appel-versailles.jpg\" width=\"1248\"\/>  <\/p>\n<p class=\"article-desc\">\u00a9 SIDF &#8211; La cour administrative d\u2019appel de Versailles a rejet\u00e9 le recours.\u00a0 <\/p>\n<p>Saisie d\u2019un recours visant <strong>l\u2019arr\u00eat\u00e9 ayant d\u00e9clar\u00e9 d\u2019utilit\u00e9 publique<\/strong> le projet d\u2019am\u00e9nagement du <a href=\"https:\/\/mesinfos.fr\/ile-de-france\/triangle-de-gonesse-les-institutions-determinees-a-mener-les-projets-a-terme-39550.html\" rel=\"noopener\" target=\"_blank\">Triangle de Gonesse<\/a>, ainsi que la d\u00e9cision de refus d\u2019abrogation de cet arr\u00eat\u00e9, la <strong>Cour administrative d\u2019appel de Versailles<\/strong> a d\u00e9cid\u00e9 de le rejeter ce 6 mai. <\/p>\n<p>Il \u00e9tait question, sur 300 hectares au Sud du site, d\u2019am\u00e9nager notamment un <strong>quartier d\u2019affaires<\/strong> comprenant \u00e9galement des \u00e9quipements et des services dont, notamment, 20 000 m\u00e8tres carr\u00e9s d\u2019\u00e9quipements d\u2019enseignement et de centres de formation et 15 000 m\u00e8tres carr\u00e9s de commerces et de services. Le <strong>complexe Europacity<\/strong>, finalement annul\u00e9, devait repr\u00e9senter 25 % de la surface du projet.\u00a0 <\/p>\n<p>Le tribunal administratif de Cergy-Pontoise avait rejet\u00e9 les demandes formul\u00e9es par les associations demanderesses, notamment le <strong>Collectif pour le Triangle de Gonesse<\/strong> et <strong>Val-d\u2019Oise Environnement<\/strong>, dans un jugement rendu le 28 juillet 2023.\u00a0<\/p>\n<p>  Le projet du Triangle de Gonesse pr\u00e9sentait un caract\u00e8re d&rsquo;utilit\u00e9 publique <\/p>\n<p>Concernant la l\u00e9galit\u00e9 de l\u2019arr\u00eat\u00e9, la deuxi\u00e8me chambre a estim\u00e9 que sa l\u00e9galit\u00e9, et celle de la d\u00e9cision refusant d\u2019abroger ce projet pour l\u2019avenir, ne pouvaient \u00eatre appr\u00e9ci\u00e9es par le juge (saisi en exc\u00e8s de pouvoir) qu\u2019\u00e0 la date de ces d\u00e9cisions administratives (prises en 2018 et en 2021) et non \u00e0 la date de la d\u00e9cision de la cour.\u00a0<\/p>\n<p>La cour a \u00e9galement confirm\u00e9, apr\u00e8s avoir fait le bilan de ses avantages et de ses inconv\u00e9nients, que le projet du <strong>Triangle de Gonesse<\/strong> pr\u00e9sentait un <strong>caract\u00e8re d\u2019utilit\u00e9 publique <\/strong>en 2018 et en 2021. Et ce, d\u00e8s lors que les atteintes \u00e0 la propri\u00e9t\u00e9 priv\u00e9e et les d\u00e9savantages, comme ceux li\u00e9s \u00e0 la disparition de terres agricoles, n\u2019\u00e9taient pas excessifs en prenant en compte les am\u00e9nagements d\u2019\u00e9quipements publics envisag\u00e9s et les cr\u00e9ations d\u2019emplois potentiellement g\u00e9n\u00e9r\u00e9es. <\/p>\n","protected":false},"excerpt":{"rendered":"\u00a9 SIDF &#8211; La cour administrative d\u2019appel de Versailles a rejet\u00e9 le recours.\u00a0 Saisie d\u2019un recours visant l\u2019arr\u00eat\u00e9&hellip;\n","protected":false},"author":2,"featured_media":96914,"comment_status":"","ping_status":"","sticky":false,"template":"","format":"standard","meta":{"footnotes":""},"categories":[1592],"tags":[1111,11,8853,1777,674,1011,27,662,12,626,25],"class_list":{"0":"post-96913","1":"post","2":"type-post","3":"status-publish","4":"format-standard","5":"has-post-thumbnail","7":"category-ile-de-france","8":"tag-actu","9":"tag-actualites","10":"tag-amu00e9nagement","11":"tag-eu","12":"tag-europe","13":"tag-fr","14":"tag-france","15":"tag-ile-de-france","16":"tag-news","17":"tag-paris","18":"tag-republique-francaise"},"share_on_mastodon":{"url":"https:\/\/pubeurope.com\/@fr\/114500783734388634","error":""},"_links":{"self":[{"href":"https:\/\/www.europesays.com\/fr\/wp-json\/wp\/v2\/posts\/96913","targetHints":{"allow":["GET"]}}],"collection":[{"href":"https:\/\/www.europesays.com\/fr\/wp-json\/wp\/v2\/posts"}],"about":[{"href":"https:\/\/www.europesays.com\/fr\/wp-json\/wp\/v2\/types\/post"}],"author":[{"embeddable":true,"href":"https:\/\/www.europesays.com\/fr\/wp-json\/wp\/v2\/users\/2"}],"replies":[{"embeddable":true,"href":"https:\/\/www.europesays.com\/fr\/wp-json\/wp\/v2\/comments?post=96913"}],"version-history":[{"count":0,"href":"https:\/\/www.europesays.com\/fr\/wp-json\/wp\/v2\/posts\/96913\/revisions"}],"wp:featuredmedia":[{"embeddable":true,"href":"https:\/\/www.europesays.com\/fr\/wp-json\/wp\/v2\/media\/96914"}],"wp:attachment":[{"href":"https:\/\/www.europesays.com\/fr\/wp-json\/wp\/v2\/media?parent=96913"}],"wp:term":[{"taxonomy":"category","embeddable":true,"href":"https:\/\/www.europesays.com\/fr\/wp-json\/wp\/v2\/categories?post=96913"},{"taxonomy":"post_tag","embeddable":true,"href":"https:\/\/www.europesays.com\/fr\/wp-json\/wp\/v2\/tags?post=96913"}],"curies":[{"name":"wp","href":"https:\/\/api.w.org\/{rel}","templated":true}]}}