{"id":96917,"date":"2025-05-13T13:35:10","date_gmt":"2025-05-13T13:35:10","guid":{"rendered":"https:\/\/www.europesays.com\/fr\/96917\/"},"modified":"2025-05-13T13:35:10","modified_gmt":"2025-05-13T13:35:10","slug":"kim-kardashian-craque-en-plein-tribunal-des-les-premieres-minutes-de-son-temoignage","status":"publish","type":"post","link":"https:\/\/www.europesays.com\/fr\/96917\/","title":{"rendered":"Kim Kardashian craque en plein tribunal d\u00e8s les premi\u00e8res minutes de son t\u00e9moignage"},"content":{"rendered":"<p>Dans la nuit du 2 au 3 octobre 2016, Kim Kardashian, en s\u00e9jour \u00e0 Paris pour la Fashion Week, a \u00e9t\u00e9 victime d\u2019un <strong>braquage<\/strong> dans l&rsquo;h\u00f4tel o\u00f9 elle r\u00e9sidait. Cette derni\u00e8re, s\u00e9questr\u00e9e et ligot\u00e9e par ses agresseurs, avait en sa possession plusieurs bijoux repr\u00e9sentant un butin de 9 millions d\u2019euros qui a \u00e9t\u00e9 d\u00e9rob\u00e9 par les hommes. <\/p>\n<p>\u201cC\u2019\u00e9tait fini\u201d : Kim Kardashian persuad\u00e9e qu\u2019elle allait mourir pendant son braquage<\/p>\n<p> Pr\u00e8s de neuf ans apr\u00e8s les faits, <strong>Kim Kardashian<\/strong> s\u2019est pr\u00e9sent\u00e9e ce mardi au tribunal de l&rsquo;\u00eele de la cit\u00e9 pour t\u00e9moigner dans le proc\u00e8s cette affaire. La star est arriv\u00e9e dans un sublime tailleur noir, chignon laqu\u00e9 et lunettes de soleil sur le nez. A ses c\u00f4t\u00e9s, Kris Jenner, sa m\u00e8re, qui \u00e9tait venue la soutenir. D\u00e8s sa premi\u00e8re prise de parole \u00e0 l\u2019audience, Kim Kardashian a \u00e9t\u00e9 submerg\u00e9e par l\u2019\u00e9motion. \u00a0 \u00a0 \u201cJ\u2019adorais Paris, je m\u2019y sentais en s\u00e9curit\u00e9. Mais tout a chang\u00e9 ce soir-l\u00e0\u201d, confie elle, \u00e9mue. Puis d\u2019ajouter : \u201cSoudain, trois hommes ont fait irruption dans ma chambre. Deux \u00e9taient habill\u00e9s en policiers (&#8230;) Je n\u2019ai pas compris ce qu\u2019il se passait\u201d. Au cours de son r\u00e9cit, Kim Kardashian \u00e9voque \u00e9galement \u201cun pistolet\u201d, qu\u2019elle sentait braqu\u00e9 sur sa nuque ou sur son dos. \u201cJ&rsquo;\u00e9tais persuad\u00e9e <strong>qu&rsquo;ils allaient me tirer dessus<\/strong> et que c&rsquo;\u00e9tait fini (&#8230;) C&rsquo;est l\u00e0 que j&rsquo;ai compris qu&rsquo;il fallait leur ob\u00e9ir\u201d, avoue-t-elle en pleurs. <\/p>\n<p>Kim Kardashian (&#8230;)<\/p>\n<p><a href=\"https:\/\/www.closermag.fr\/people\/jadorais-paris-kim-kardashian-craque-en-plein-tribunal-des-les-premieres-minutes-de-son-temoignage-3544316\" rel=\"nofollow noopener\" target=\"_blank\" data-ylk=\"slk:Lire la suite sur Closer;elm:context_link;itc:0;sec:content-canvas\" class=\"link \">Lire la suite sur Closer<\/a><\/p>\n<p><a href=\"https:\/\/www.closermag.fr\/people\/personne-ne-la-jamais-dit-a-laise-dans-telematin-thierry-ardisson-fait-une-revelation-confondante-sur-le-pere-de-johnny-3544301\" rel=\"nofollow noopener\" target=\"_blank\" data-ylk=\"slk:&quot;Personne ne l&#039;a jamais dit&quot; : \u00e0 l\u2019aise dans T\u00e9l\u00e9matin, Thierry Ardisson fait une r\u00e9v\u00e9lation confondante sur le p\u00e8re de Johnny;elm:context_link;itc:0;sec:content-canvas\" class=\"link \">\u00ab\u00a0Personne ne l&rsquo;a jamais dit\u00a0\u00bb : \u00e0 l\u2019aise dans T\u00e9l\u00e9matin, Thierry Ardisson fait une r\u00e9v\u00e9lation confondante sur le p\u00e8re de Johnny<\/a><br \/><a href=\"https:\/\/www.closermag.fr\/royautes\/felipe-vi-et-letizia-despagne-a-quoi-ressemble-limposante-maison-ou-ils-vivent-et-ou-leurs-filles-ont-grandi-3513457\" rel=\"nofollow noopener\" target=\"_blank\" data-ylk=\"slk:Felipe VI et Letizia d&#039;Espagne : \u00e0 quoi ressemble l&#039;imposante maison o\u00f9 ils vivent et o\u00f9 leurs filles ont grandi ?;elm:context_link;itc:0;sec:content-canvas\" class=\"link \">Felipe VI et Letizia d&rsquo;Espagne : \u00e0 quoi ressemble l&rsquo;imposante maison o\u00f9 ils vivent et o\u00f9 leurs filles ont grandi ?<\/a><br \/><a href=\"https:\/\/www.closermag.fr\/people\/proces-du-braquage-de-kim-kardashian-a-paris-elegante-tout-en-noir-elle-debarque-au-tribunal-avec-sa-mere-et-salue-la-foule-3544240\" rel=\"nofollow noopener\" target=\"_blank\" data-ylk=\"slk:Proc\u00e8s du braquage de Kim Kardashian \u00e0 Paris : \u00e9l\u00e9gante tout en noir, elle d\u00e9barque au tribunal avec sa m\u00e8re et salue la foule;elm:context_link;itc:0;sec:content-canvas\" class=\"link \">Proc\u00e8s du braquage de Kim Kardashian \u00e0 Paris : \u00e9l\u00e9gante tout en noir, elle d\u00e9barque au tribunal avec sa m\u00e8re et salue la foule<\/a><br \/><a href=\"https:\/\/www.closermag.fr\/people\/kate-middleton-sublime-en-vert-olive-ce-subtil-geste-de-soutien-a-victoria-beckham-en-pleine-crise-familiale-3544254\" rel=\"nofollow noopener\" target=\"_blank\" data-ylk=\"slk:Kate Middleton sublime en vert olive : ce subtil geste de soutien \u00e0 Victoria Beckham en pleine crise familiale;elm:context_link;itc:0;sec:content-canvas\" class=\"link \">Kate Middleton sublime en vert olive : ce subtil geste de soutien \u00e0 Victoria Beckham en pleine crise familiale<\/a><br \/><a href=\"https:\/\/www.closermag.fr\/royautes\/kate-middleton-tout-le-monde-dit-la-meme-chose-apres-le-partage-de-sa-nouvelle-video-a-message-3544243\" rel=\"nofollow noopener\" target=\"_blank\" data-ylk=\"slk:Kate Middleton : tout le monde dit la m\u00eame chose apr\u00e8s le partage de sa nouvelle vid\u00e9o \u00e0 message;elm:context_link;itc:0;sec:content-canvas\" class=\"link \">Kate Middleton : tout le monde dit la m\u00eame chose apr\u00e8s le partage de sa nouvelle vid\u00e9o \u00e0 message<\/a><\/p>\n","protected":false},"excerpt":{"rendered":"Dans la nuit du 2 au 3 octobre 2016, Kim Kardashian, en s\u00e9jour \u00e0 Paris pour la Fashion&hellip;\n","protected":false},"author":2,"featured_media":96918,"comment_status":"","ping_status":"","sticky":false,"template":"","format":"standard","meta":{"footnotes":""},"categories":[1888],"tags":[1111,1928,11,1927,1777,674,1011,27,8932,4907,21045,12,1926,626,1925,25,21046],"class_list":{"0":"post-96917","1":"post","2":"type-post","3":"status-publish","4":"format-standard","5":"has-post-thumbnail","7":"category-paris","8":"tag-actu","9":"tag-actu-paris","10":"tag-actualites","11":"tag-actualites-paris","12":"tag-eu","13":"tag-europe","14":"tag-fr","15":"tag-france","16":"tag-kim-kardashian","17":"tag-lile-de-la-cite","18":"tag-la-fashion-week","19":"tag-news","20":"tag-news-paris","21":"tag-paris","22":"tag-paris-news","23":"tag-republique-francaise","24":"tag-son-dos"},"share_on_mastodon":{"url":"https:\/\/pubeurope.com\/@fr\/114500791526635240","error":""},"_links":{"self":[{"href":"https:\/\/www.europesays.com\/fr\/wp-json\/wp\/v2\/posts\/96917","targetHints":{"allow":["GET"]}}],"collection":[{"href":"https:\/\/www.europesays.com\/fr\/wp-json\/wp\/v2\/posts"}],"about":[{"href":"https:\/\/www.europesays.com\/fr\/wp-json\/wp\/v2\/types\/post"}],"author":[{"embeddable":true,"href":"https:\/\/www.europesays.com\/fr\/wp-json\/wp\/v2\/users\/2"}],"replies":[{"embeddable":true,"href":"https:\/\/www.europesays.com\/fr\/wp-json\/wp\/v2\/comments?post=96917"}],"version-history":[{"count":0,"href":"https:\/\/www.europesays.com\/fr\/wp-json\/wp\/v2\/posts\/96917\/revisions"}],"wp:featuredmedia":[{"embeddable":true,"href":"https:\/\/www.europesays.com\/fr\/wp-json\/wp\/v2\/media\/96918"}],"wp:attachment":[{"href":"https:\/\/www.europesays.com\/fr\/wp-json\/wp\/v2\/media?parent=96917"}],"wp:term":[{"taxonomy":"category","embeddable":true,"href":"https:\/\/www.europesays.com\/fr\/wp-json\/wp\/v2\/categories?post=96917"},{"taxonomy":"post_tag","embeddable":true,"href":"https:\/\/www.europesays.com\/fr\/wp-json\/wp\/v2\/tags?post=96917"}],"curies":[{"name":"wp","href":"https:\/\/api.w.org\/{rel}","templated":true}]}}