{"id":96921,"date":"2025-05-13T13:37:09","date_gmt":"2025-05-13T13:37:09","guid":{"rendered":"https:\/\/www.europesays.com\/fr\/96921\/"},"modified":"2025-05-13T13:37:09","modified_gmt":"2025-05-13T13:37:09","slug":"lactu-des-sciences-en-ultrabreves","status":"publish","type":"post","link":"https:\/\/www.europesays.com\/fr\/96921\/","title":{"rendered":"l\u2019actu des sciences en ultrabr\u00e8ves"},"content":{"rendered":"<p>Au sommaire des ultrabr\u00e8ves du 13 mai 2025 : le tri des vestiges de Notre-Dame de Paris, la suspension de la recommandation de la vaccination contre le chikungunya pour les plus de 65 ans et une origine asiatique suppos\u00e9e des anc\u00eatres du T. rex.<\/p>\n<p>L\u2019actualit\u00e9 scientifique du 13 mai 2025, c\u2019est :<\/p>\n<p>En Arch\u00e9ologie : <a href=\"https:\/\/www.sciencesetavenir.fr\/archeo-paleo\/archeologie\/reportage-a-conserver-ou-a-jeter-le-grand-tri-des-vestiges-de-notre-dame-de-paris-a-commence_185666\" rel=\"nofollow noopener\" target=\"_blank\" data-ylk=\"slk:A conserver ou \u00e0 jeter : le grand tri des vestiges de Notre-Dame de Paris a commenc\u00e9.;elm:context_link;itc:0;sec:content-canvas\" class=\"link \">A conserver ou \u00e0 jeter : le grand tri des vestiges de Notre-Dame de Paris a commenc\u00e9.<\/a><\/p>\n<ul class=\"caas-list caas-list-bullet\">\n<li>\n<p>Les vestiges de la cath\u00e9drale Notre-Dame de Paris, pr\u00e9cieusement conserv\u00e9s depuis l\u2019incendie, sont d\u00e9sormais soumis \u00e0 un tri m\u00e9ticuleux suivant un protocole de s\u00e9lection pr\u00e9cis afin de ne s\u00e9lectionner que certains \u00e9l\u00e9ments.<\/p>\n<\/li>\n<li>\n<p>Les objets choisis seront entrepos\u00e9s dans les r\u00e9serves du minist\u00e8re de la Culture ou expos\u00e9s dans des mus\u00e9es, tandis que les autres seront jet\u00e9s puisque tout \u00e9l\u00e9ment d\u2019un monument historique, m\u00eame effondr\u00e9, est inali\u00e9nable en tant que propri\u00e9t\u00e9 de l\u2019\u00c9tat.<\/p>\n<\/li>\n<li>\n<p>Les pi\u00e8ces, contamin\u00e9es au plomb, devront \u00eatre trait\u00e9es avant d\u2019\u00eatre pr\u00e9sent\u00e9es devant le public, tandis qu&rsquo;elles ont \u00e9t\u00e9 ou seront remplac\u00e9es par des copies sur la cath\u00e9drale.<\/p>\n<\/li>\n<\/ul>\n<p>En Sant\u00e9 : <a href=\"https:\/\/www.sciencesetavenir.fr\/sante-maladie\/epidemie-de-chikungunya-voici-pourquoi-le-vaccin-ixchiq-a-finalement-ete-interdit-au-plus-de-65-ans_185713\" rel=\"nofollow noopener\" target=\"_blank\" data-ylk=\"slk:Chikungunya \u00e0 la R\u00e9union : les raisons de l&#039;arr\u00eat de la vaccination pour les plus de 65 ans.;elm:context_link;itc:0;sec:content-canvas\" class=\"link \">Chikungunya \u00e0 la R\u00e9union : les raisons de l&rsquo;arr\u00eat de la vaccination pour les plus de 65 ans.<\/a><\/p>\n<ul class=\"caas-list caas-list-bullet\">\n<li>\n<p>Sciences et Avenir a interrog\u00e9 Emilie Mosnier sur l&rsquo;arr\u00eat de la vaccination pour les plus de 65 ans alors que l&rsquo;\u00e9pid\u00e9mie de chikungunya qui s&rsquo;abat sur l&rsquo;\u00eele de La R\u00e9union demeure \u00e0 un niveau tr\u00e8s \u00e9lev\u00e9.<\/p>\n<\/li>\n<li>\n<p>La recommandation de ladite vaccination avec l\u2019Ixchiq a \u00e9t\u00e9 suspendue pour les plus de 65 ans suite \u00e0 trois \u00e9v\u00e8nements ind\u00e9sirables graves, dont un d\u00e9c\u00e8s, chez des personnes de cette tranche d\u2019\u00e2ge.<\/p>\n<\/li>\n<li>\n<p>Ce vaccin n\u2019avait \u00e9t\u00e9 que faiblement test\u00e9 chez les personnes \u00e2g\u00e9es, et les \u00e9v\u00e8nements r\u00e9cents ainsi que le sentiment des R\u00e9unionnais d&rsquo;\u00eatre des cobayes font chuter la confiance vaccinale.<\/p>\n<\/li>\n<\/ul>\n<p>En Pal\u00e9ontologie : <a href=\"https:\/\/www.sciencesetavenir.fr\/archeo-paleo\/paleontologie\/le-t-rex-le-plus-celebre-des-dinosaures-carnivores-aurait-il-des-origines-asiatiques_185711\" rel=\"nofollow noopener\" target=\"_blank\" data-ylk=\"slk:Le T.rex, le plus c\u00e9l\u00e8bre des dinosaures carnivores, aurait-il des origines asiatiques ?;elm:context_link;itc:0;sec:content-canvas\" class=\"link \">Le T.rex, le plus c\u00e9l\u00e8bre des dinosaures carnivores, aurait-il des origines asiatiques ?<\/a><\/p>\n<ul class=\"caas-list caas-list-bullet\">\n<li>\n<p>Les anc\u00eatres du Tyrannosaurus rex auraient migr\u00e9 de l\u2019Asie vers l\u2019Am\u00e9rique du Nord il y a plus de 70 millions d\u2019ann\u00e9es, par un pont terrestre naturel du d\u00e9troit de B\u00e9ring, aujourd\u2019hui disparu.<\/p>\n<\/li>\n<li>\n<p>L&rsquo;anc\u00eatre reste inconnu, l\u2019esp\u00e8ce comme le genre, et les chercheurs restent prudents sur les hypoth\u00e8ses concurrentes qui concluent des origines strictement nord-am\u00e9ricaines.<\/p>\n<\/li>\n<li>\n<p>L\u2019essor des tyr[&#8230;]<\/p>\n<\/li>\n<\/ul>\n<p><a href=\"https:\/\/www.sciencesetavenir.fr\/ultrabreves\/vestiges-de-notre-dame-de-paris-chikungunya-et-origine-du-t-rex-l-actu-des-sciences-en-ultrabreves_185733#xtor=CS2-37-[Vestiges%20de%20Notre-Dame%20de%20Paris%2C%20chikungunya%20et%20origine%20du%20T.%20rex%20%3A%20l%E2%80%99actu%20des%20sciences%20en%20ultrabr%C3%A8ves]\" rel=\"nofollow noopener\" target=\"_blank\" data-ylk=\"slk:Lire la suite sur sciencesetavenir.fr;elm:context_link;itc:0;sec:content-canvas\" class=\"link \">Lire la suite sur sciencesetavenir.fr<\/a><\/p>\n<p>A lire aussi<\/p>\n","protected":false},"excerpt":{"rendered":"Au sommaire des ultrabr\u00e8ves du 13 mai 2025 : le tri des vestiges de Notre-Dame de Paris, la&hellip;\n","protected":false},"author":2,"featured_media":96922,"comment_status":"","ping_status":"","sticky":false,"template":"","format":"standard","meta":{"footnotes":""},"categories":[1888],"tags":[11,6443,1777,674,1011,27,9231,12,626,21047,25],"class_list":{"0":"post-96921","1":"post","2":"type-post","3":"status-publish","4":"format-standard","5":"has-post-thumbnail","7":"category-paris","8":"tag-actualites","9":"tag-chikungunya","10":"tag-eu","11":"tag-europe","12":"tag-fr","13":"tag-france","14":"tag-ministere-de-la-culture","15":"tag-news","16":"tag-paris","17":"tag-recommandation-de-la-vaccination","18":"tag-republique-francaise"},"share_on_mastodon":{"url":"https:\/\/pubeurope.com\/@fr\/114500799331003497","error":""},"_links":{"self":[{"href":"https:\/\/www.europesays.com\/fr\/wp-json\/wp\/v2\/posts\/96921","targetHints":{"allow":["GET"]}}],"collection":[{"href":"https:\/\/www.europesays.com\/fr\/wp-json\/wp\/v2\/posts"}],"about":[{"href":"https:\/\/www.europesays.com\/fr\/wp-json\/wp\/v2\/types\/post"}],"author":[{"embeddable":true,"href":"https:\/\/www.europesays.com\/fr\/wp-json\/wp\/v2\/users\/2"}],"replies":[{"embeddable":true,"href":"https:\/\/www.europesays.com\/fr\/wp-json\/wp\/v2\/comments?post=96921"}],"version-history":[{"count":0,"href":"https:\/\/www.europesays.com\/fr\/wp-json\/wp\/v2\/posts\/96921\/revisions"}],"wp:featuredmedia":[{"embeddable":true,"href":"https:\/\/www.europesays.com\/fr\/wp-json\/wp\/v2\/media\/96922"}],"wp:attachment":[{"href":"https:\/\/www.europesays.com\/fr\/wp-json\/wp\/v2\/media?parent=96921"}],"wp:term":[{"taxonomy":"category","embeddable":true,"href":"https:\/\/www.europesays.com\/fr\/wp-json\/wp\/v2\/categories?post=96921"},{"taxonomy":"post_tag","embeddable":true,"href":"https:\/\/www.europesays.com\/fr\/wp-json\/wp\/v2\/tags?post=96921"}],"curies":[{"name":"wp","href":"https:\/\/api.w.org\/{rel}","templated":true}]}}