{"id":96929,"date":"2025-05-13T13:42:10","date_gmt":"2025-05-13T13:42:10","guid":{"rendered":"https:\/\/www.europesays.com\/fr\/96929\/"},"modified":"2025-05-13T13:42:10","modified_gmt":"2025-05-13T13:42:10","slug":"lallemagne-menace-la-russie-de-nouvelles-sanctions-en-labsence-de-progres-cette-semaine","status":"publish","type":"post","link":"https:\/\/www.europesays.com\/fr\/96929\/","title":{"rendered":"l\u2019Allemagne menace la Russie de nouvelles sanctions en l\u2019absence de \u00abprogr\u00e8s cette semaine\u00bb"},"content":{"rendered":"<p><strong>LE POINT SUR LA SITUATION <\/strong>&#8211; Si Moscou \u00abn\u2019approuve pas\u00bb la proposition des alli\u00e9s de Kiev d\u2019un cessez-le-feu de 30 jours, les sanctions suppl\u00e9mentaires pr\u00e9par\u00e9es par l\u2019Union europ\u00e9enne seront \u00abapprouv\u00e9es\u00bb, a pr\u00e9venu Merz.<\/p>\n<p class=\"fig-paragraph\">Le porte-parole du\u00a0<a href=\"http:\/\/www.lefigaro.fr\/international\/un-porte-voix-de-la-propagande-du-kremlin-le-slovaque-robert-fico-seul-dirigeant-de-l-ue-au-defile-du-9-mai-a-moscou-20250508\" data-fig-type=\"Article\" data-gtm-custom-categorie=\"navigation\" data-gtm-custom-action=\"crossclick\" data-gtm-custom-label=\"Contextuel\" data-gtm-event=\"customEventSPE\" data-fig-domain=\"LEFIGARO\" target=\"_blank\" rel=\"noopener\">Kremlin\u00a0<\/a>a refus\u00e9 de s\u2019exprimer sur la proposition, faite par le pr\u00e9sident ukrainien\u00a0<a href=\"https:\/\/www.lefigaro.fr\/tag\/volodymyr-zelensky\" target=\"_blank\" rel=\"noopener\" data-gtm-custom-categorie=\"navigation\" data-gtm-custom-action=\"crossclick\" data-gtm-custom-label=\"Contextuel\" data-gtm-event=\"customEventSPE\">Volodymyr Zelensky<\/a>, d\u2019une rencontre avec son homologue russe\u00a0<a href=\"https:\/\/www.lefigaro.fr\/tag\/vladimir-poutine\" target=\"_blank\" rel=\"noopener\" data-gtm-custom-categorie=\"navigation\" data-gtm-custom-action=\"crossclick\" data-gtm-custom-label=\"Contextuel\" data-gtm-event=\"customEventSPE\">Vladimir Poutine.<\/a><\/p>\n<p class=\"fig-paragraph\">Kiev a estim\u00e9 de son c\u00f4t\u00e9 que l\u2019absence du pr\u00e9sident russe aux n\u00e9gociations Istanbul serait le \u00absignal ultime\u00bb que Moscou ne veut pas arr\u00eater la guerre.<\/p>\n<p class=\"fig-paragraph\">Le chancelier allemand\u00a0<a href=\"http:\/\/www.lefigaro.fr\/vox\/monde\/allemagne-pourquoi-friedrich-merz-a-t-il-abandonne-sa-promesse-de-relancer-le-nucleaire-20250508\" target=\"_blank\" data-fig-type=\"Article\" rel=\"noopener\" data-gtm-custom-categorie=\"navigation\" data-gtm-custom-action=\"crossclick\" data-gtm-custom-label=\"Contextuel\" data-gtm-event=\"customEventSPE\" data-fig-domain=\"LEFIGARO\">Friedrich Merz\u00a0<\/a>a r\u00e9affirm\u00e9 ce mardi que la Russie serait vis\u00e9e par un nouveau train de sanctions, en l\u2019absence de \u00abr\u00e9el progr\u00e8s cette semaine\u00bb dans la recherche d\u2019un cessez-le-feu en Ukraine. Le Figaro fait le point sur la situation &#8230;<\/p>\n<p>Le Kremlin refuse de commenter la proposition de Zelensky d\u2019une rencontre avec Poutine \u00e0 Istanbul<\/p>\n<p class=\"fig-paragraph\">Le porte-parole du\u00a0<a href=\"http:\/\/www.lefigaro.fr\/international\/un-porte-voix-de-la-propagande-du-kremlin-le-slovaque-robert-fico-seul-dirigeant-de-l-ue-au-defile-du-9-mai-a-moscou-20250508\" data-fig-type=\"Article\" data-gtm-custom-categorie=\"navigation\" data-gtm-custom-action=\"crossclick\" data-gtm-custom-label=\"Contextuel\" data-gtm-event=\"customEventSPE\" data-fig-domain=\"LEFIGARO\" target=\"_blank\" rel=\"noopener\">Kremlin\u00a0<\/a>a refus\u00e9 mardi 13 mai 2025 de s\u2019exprimer sur la proposition, faite par le pr\u00e9sident ukrainien\u00a0<a href=\"https:\/\/www.lefigaro.fr\/tag\/volodymyr-zelensky\" target=\"_blank\" rel=\"noopener\" data-gtm-custom-categorie=\"navigation\" data-gtm-custom-action=\"crossclick\" data-gtm-custom-label=\"Contextuel\" data-gtm-event=\"customEventSPE\">Volodymyr Zelensky<\/a>, d\u2019une rencontre avec son homologue russe\u00a0<a href=\"https:\/\/www.lefigaro.fr\/tag\/vladimir-poutine\" target=\"_blank\" rel=\"noopener\" data-gtm-custom-categorie=\"navigation\" data-gtm-custom-action=\"crossclick\" data-gtm-custom-label=\"Contextuel\" data-gtm-event=\"customEventSPE\">Vladimir Poutine<\/a>\u00a0lors d\u2019\u00e9ventuels pourparlers jeudi \u00e0\u00a0<a href=\"https:\/\/www.lefigaro.fr\/tag\/istanbul\" target=\"_blank\" rel=\"noopener\" data-gtm-custom-categorie=\"navigation\" data-gtm-custom-action=\"crossclick\" data-gtm-custom-label=\"Contextuel\" data-gtm-event=\"customEventSPE\">Istanbul<\/a>\u00a0en\u00a0<a href=\"https:\/\/www.lefigaro.fr\/tag\/turquie\" target=\"_blank\" rel=\"noopener\" data-gtm-custom-categorie=\"navigation\" data-gtm-custom-action=\"crossclick\" data-gtm-custom-label=\"Contextuel\" data-gtm-event=\"customEventSPE\">Turquie<\/a>.<\/p>\n<p class=\"fig-paragraph\">\u00abLa partie russe continue de se pr\u00e9parer aux n\u00e9gociations qui doivent avoir lieu jeudi. C\u2019est tout ce que nous pouvons dire. Pour l\u2019heure, nous ne pr\u00e9voyons pas de commenter davantage\u00bb, a d\u00e9clar\u00e9\u00a0<a href=\"https:\/\/www.lefigaro.fr\/tag\/dmitri-peskov\" target=\"_blank\" rel=\"noopener\" data-gtm-custom-categorie=\"navigation\" data-gtm-custom-action=\"crossclick\" data-gtm-custom-label=\"Contextuel\" data-gtm-event=\"customEventSPE\">Dmitri Peskov<\/a>, interrog\u00e9 sur cette proposition lors de son briefing quotidien avec la presse.<\/p>\n<p>    Le porte-parole du Kremlin Dmitri Peskov.<br \/>\n                Alexander Zemlianichenko \/ REUTERS<\/p>\n<p><strong>Une absence de Poutine \u00e0 Istanbul serait le \u00absignal ultime\u00bb que Moscou ne veut pas arr\u00eater la guerre, selon Kiev<\/strong><\/p>\n<p class=\"fig-paragraph\">Kiev a estim\u00e9 de son c\u00f4t\u00e9 que l\u2019absence du pr\u00e9sident russe aux n\u00e9gociations Istanbul serait le \u00absignal ultime\u00bb que Moscou ne veut pas arr\u00eater la guerre. \u00abJe pense que si Vladimir Poutine refuse de se rendre en Turquie, ce sera le signal ultime que la Russie ne veut pas mettre fin \u00e0 cette guerre, qu\u2019elle n\u2019est pas dispos\u00e9e \u00e0 n\u00e9gocier\u00bb, peut-on lire sur un communiqu\u00e9 publi\u00e9 sur le site de la pr\u00e9sidence ukrainienne citant Andri\u00ef Iermak, le bras droit du pr\u00e9sident ukrainien.<\/p>\n<p class=\"fig-paragraph\">Apr\u00e8s que les alli\u00e9s europ\u00e9ens de Kiev lui avaient enjoint de d\u00e9clarer un cessez-le-feu de 30 jours \u00e0 partir du 12 mai, Vladimir Poutine s\u2019\u00e9tait d\u00e9clar\u00e9 pr\u00eat samedi dernier \u00e0 des discussions \u00abdirectes\u00bb entre Russes et Ukrainiens le 15 mai \u00e0 Istanbul. Volodymyr Zelensky avait r\u00e9pondu en proposant de rencontrer Vladimir Poutine \u00aben personne\u00bb dans cette m\u00eame ville.<\/p>\n<p class=\"fig-paragraph\">Ces possibles pourparlers font suite \u00e0\u00a0<a href=\"http:\/\/www.lefigaro.fr\/international\/macron-merz-starmer-et-tusk-a-kiev-pour-afficher-l-unite-de-l-union-europeenne-derriere-l-ukraine-20250510\" data-fig-type=\"Article\" data-gtm-custom-categorie=\"navigation\" data-gtm-custom-action=\"crossclick\" data-gtm-custom-label=\"Contextuel\" data-gtm-event=\"customEventSPE\" data-fig-domain=\"LEFIGARO\" target=\"_blank\" rel=\"noopener\">l\u2019ultimatum<\/a>\u00a0pos\u00e9 par les partenaires europ\u00e9ens de l\u2019Ukraine et Washington, qui, dans un rare alignement sur le dossier ukrainien, ont menac\u00e9 Vladimir Poutine de \u00ablourdes sanctions\u00bb en cas de refus d\u2019un cessez-le-feu. Le pr\u00e9sident Donald Trump,\u00a0<a href=\"https:\/\/www.lefigaro.fr\/international\/trump-etats-unis-golfe-moyen-orient-palestine-diplomatie-president-amerique-contrats-20250513\" data-fig-type=\"Live\" data-gtm-custom-categorie=\"navigation\" data-gtm-custom-action=\"crossclick\" data-gtm-custom-label=\"Contextuel\" data-gtm-event=\"customEventSPE\" data-fig-domain=\"LEFIGARO\" target=\"_blank\" rel=\"noopener\">en d\u00e9placement au Moyen-Orient<\/a>\u00a0ce mardi, a d\u00e9clar\u00e9 lundi qu\u2019il \u00abenvisageait\u00bb de se rendre en Turquie pour ces \u00e9ventuelles discussions russo-ukrainiennes. De tels pourparlers directs seraient in\u00e9dits depuis les premiers mois de l\u2019invasion russe 2022, quand des discussions entre n\u00e9gociateurs russes et ukrainiens avaient \u00e9chou\u00e9 \u00e0 mettre fin au conflit.<\/p>\n<p class=\"fig-body-link\">\n            \u00c0 lire aussi<br \/>\n        <a class=\"fig-body-link__link fig-premium-mark\" href=\"http:\/\/www.lefigaro.fr\/international\/trois-ans-apres-l-echec-des-negociations-en-turquie-vers-une-nouvelle-rencontre-poutine-zelensky-20250512\" data-fig-type=\"Article\" data-gtm-custom-categorie=\"navigation\" data-gtm-custom-action=\"crossclick\" data-gtm-custom-label=\"Contextuel\" data-gtm-event=\"customEventSPE\" data-fig-domain=\"LEFIGARO\" target=\"_blank\" rel=\"noopener\">Trois ans apr\u00e8s l\u2019\u00e9chec des n\u00e9gociations en Turquie, vers une nouvelle rencontre Poutine-Zelensky\u00a0?<br \/>\n    <\/a>\n<\/p>\n<p><strong>Nouvelles sanctions contre Moscou si \u00abpas de r\u00e9el progr\u00e8s cette semaine\u00bb, dit Friedrich Merz<\/strong><\/p>\n<p class=\"fig-paragraph\">Le chancelier allemand\u00a0<a href=\"http:\/\/www.lefigaro.fr\/vox\/monde\/allemagne-pourquoi-friedrich-merz-a-t-il-abandonne-sa-promesse-de-relancer-le-nucleaire-20250508\" target=\"_blank\" data-fig-type=\"Article\" rel=\"noopener\" data-gtm-custom-categorie=\"navigation\" data-gtm-custom-action=\"crossclick\" data-gtm-custom-label=\"Contextuel\" data-gtm-event=\"customEventSPE\" data-fig-domain=\"LEFIGARO\">Friedrich Merz\u00a0<\/a>a r\u00e9affirm\u00e9 mardi que la Russie serait vis\u00e9e par un nouveau train de sanctions, en l\u2019absence de \u00abr\u00e9el progr\u00e8s cette semaine\u00bb dans la recherche d\u2019un cessez-le-feu en Ukraine, a pr\u00e9venu ce mardi le nouveau chancelier Friedrich Merz.<\/p>\n<p class=\"fig-paragraph\">Si Moscou \u00abn\u2019approuve pas\u00bb la proposition des alli\u00e9s de Kiev d\u2019un cessez-le-feu de 30 jours, les sanctions suppl\u00e9mentaires pr\u00e9par\u00e9es par l\u2019Union europ\u00e9enne seront \u00abapprouv\u00e9es\u00bb et concerneront notamment les secteurs de l\u2019\u00e9nergie et le march\u00e9 financier, a-t-il dit lors d\u2019une conf\u00e9rence de presse \u00e0 Berlin.<\/p>\n<p><strong>Berlin exhorte la Russie \u00e0 faire un \u00abpas d\u00e9cisif\u00bb pour la paix en Ukraine<\/strong><\/p>\n<p class=\"fig-paragraph\"><a href=\"http:\/\/www.lefigaro.fr\/international\/allemagne-un-reseau-complotiste-et-extremiste-fait-l-objet-d-une-vaste-operation-policiere-20250513\" data-fig-type=\"NewsFlash\" data-gtm-custom-categorie=\"navigation\" data-gtm-custom-action=\"crossclick\" data-gtm-custom-label=\"Contextuel\" data-gtm-event=\"customEventSPE\" data-fig-domain=\"LEFIGARO\" target=\"_blank\" rel=\"noopener\">Berlin\u00a0<\/a>a exhort\u00e9 ce mardi la Russie \u00e0 faire un \u00abpas d\u00e9cisif\u00bb pour la paix en Ukraine, deux jours avant d\u2019\u00e9ventuelles discussions russo-ukrainiennes \u00e0 Istanbul auxquelles le pr\u00e9sident ukrainien Volodymyr Zelensky a invit\u00e9 son homologue russe Vladimir Poutine.<\/p>\n<p class=\"fig-paragraph\">\u00abLa Russie doit faire un pas en avant d\u00e9cisif et se montrer dispos\u00e9e \u00e0 s\u2019asseoir \u00e0 la table des n\u00e9gociations\u00bb, a d\u00e9clar\u00e9 le chef de la diplomatie allemande Johann Wadephul, \u00e0 des journalistes \u00e0 Berlin. \u00abL\u2019Ukraine a fait un grand pas en avant, elle est pr\u00eate \u00e0 entamer des n\u00e9gociations inconditionnelles sur un cessez-le-feu et un accord de paix\u00bb, a-t-il soulign\u00e9.<\/p>\n","protected":false},"excerpt":{"rendered":"LE POINT SUR LA SITUATION &#8211; Si Moscou \u00abn\u2019approuve pas\u00bb la proposition des alli\u00e9s de Kiev d\u2019un cessez-le-feu&hellip;\n","protected":false},"author":2,"featured_media":96930,"comment_status":"","ping_status":"","sticky":false,"template":"","format":"standard","meta":{"footnotes":""},"categories":[1587],"tags":[259,11,260,672,1804,1805,1803,1777,674,1801,131,14,5886,261,12,262,1802,135,134],"class_list":{"0":"post-96929","1":"post","2":"type-post","3":"status-publish","4":"format-standard","5":"has-post-thumbnail","7":"category-allemagne","8":"tag-actualite-internationale","9":"tag-actualites","10":"tag-affaires-etrangeres","11":"tag-allemagne","12":"tag-bundesrepublik-deutschland","13":"tag-de","14":"tag-deutschland","15":"tag-eu","16":"tag-europe","17":"tag-germany","18":"tag-guerre-en-ukraine","19":"tag-international","20":"tag-istanbul","21":"tag-ministere-des-affaires-etrangeres","22":"tag-news","23":"tag-politique-etrangere","24":"tag-republique-federale-dallemagne","25":"tag-vladimir-poutine","26":"tag-volodymyr-zelensky"},"share_on_mastodon":{"url":"https:\/\/pubeurope.com\/@fr\/114500819024072180","error":""},"_links":{"self":[{"href":"https:\/\/www.europesays.com\/fr\/wp-json\/wp\/v2\/posts\/96929","targetHints":{"allow":["GET"]}}],"collection":[{"href":"https:\/\/www.europesays.com\/fr\/wp-json\/wp\/v2\/posts"}],"about":[{"href":"https:\/\/www.europesays.com\/fr\/wp-json\/wp\/v2\/types\/post"}],"author":[{"embeddable":true,"href":"https:\/\/www.europesays.com\/fr\/wp-json\/wp\/v2\/users\/2"}],"replies":[{"embeddable":true,"href":"https:\/\/www.europesays.com\/fr\/wp-json\/wp\/v2\/comments?post=96929"}],"version-history":[{"count":0,"href":"https:\/\/www.europesays.com\/fr\/wp-json\/wp\/v2\/posts\/96929\/revisions"}],"wp:featuredmedia":[{"embeddable":true,"href":"https:\/\/www.europesays.com\/fr\/wp-json\/wp\/v2\/media\/96930"}],"wp:attachment":[{"href":"https:\/\/www.europesays.com\/fr\/wp-json\/wp\/v2\/media?parent=96929"}],"wp:term":[{"taxonomy":"category","embeddable":true,"href":"https:\/\/www.europesays.com\/fr\/wp-json\/wp\/v2\/categories?post=96929"},{"taxonomy":"post_tag","embeddable":true,"href":"https:\/\/www.europesays.com\/fr\/wp-json\/wp\/v2\/tags?post=96929"}],"curies":[{"name":"wp","href":"https:\/\/api.w.org\/{rel}","templated":true}]}}