{"id":96939,"date":"2025-05-13T13:47:09","date_gmt":"2025-05-13T13:47:09","guid":{"rendered":"https:\/\/www.europesays.com\/fr\/96939\/"},"modified":"2025-05-13T13:47:09","modified_gmt":"2025-05-13T13:47:09","slug":"la-societe-gl-events-prend-les-cles-du-stade-de-france-pour-30-ans","status":"publish","type":"post","link":"https:\/\/www.europesays.com\/fr\/96939\/","title":{"rendered":"La soci\u00e9t\u00e9 GL Events prend les cl\u00e9s du Stade de France pour 30 ans"},"content":{"rendered":"<p>GL Events, mastodonte fran\u00e7ais de l\u2019\u00e9v\u00e9nementiel dirig\u00e9 par un proche du pr\u00e9sident de la R\u00e9publique Emmanuel Macron a donc annonc\u00e9 lundi soir \u00eatre \u00ab\u00a0attributaire\u00a0\u00bb de la concession pour les 30 prochaines ann\u00e9es. Le Stade de France va donc changer de mains apr\u00e8s 30 ann\u00e9es de gestion par les groupes de BTP Vinci et Bouygues, et pas mal de remous ces derni\u00e8res ann\u00e9es.<\/p>\n<p>Deux ans apr\u00e8s <a href=\"https:\/\/www.humanite.fr\/social-et-economie\/jeux-olympiques-paris-2024\/vente-du-stade-de-france-un-monument-pareil-est-charge-de-souvenirs-qui-ne-se-bradent-pas-estime-fabien-gay\" rel=\"nofollow noopener\" target=\"_blank\">le lancement de la proc\u00e9dure d\u2019appel<\/a> d\u2019offres, <a href=\"https:\/\/www.humanite.fr\/social-et-economie\/gl-events\/emploi-gl-events-orchestre-son-plan-de-licenciement-699978\" rel=\"nofollow noopener\" target=\"_blank\">GL Events<\/a> a donc remport\u00e9 la concession et organisera matches et concerts dans ce stade devenu symbole de la Coupe du monde de foot 1998.<\/p>\n<p>Mais, car il y a un mais, il reste encore \u00e0 signer <a href=\"https:\/\/www.humanite.fr\/sports\/stade-de-france\/gl-events-choisit-par-letat-pour-la-concession-du-stade-de-france\" rel=\"nofollow noopener\" target=\"_blank\">le contrat de concession sur lequel se penchent les juristes<\/a> pour voir si tout est conforme et ne l\u00e8se pas l\u2019\u00c9tat. En effet, le pr\u00e9c\u00e9dent contrat, sign\u00e9 \u00e0 la va-vite pendant les deux tours de l\u2019\u00e9lection pr\u00e9sidentielle de 1995, avait <a href=\"https:\/\/www.humanite.fr\/sports\/-\/encombrant-stade-de-france\" rel=\"nofollow noopener\" target=\"_blank\">co\u00fbt\u00e9 cher \u00e0 l\u2019\u00c9tat<\/a> entre les contentieux juridiques et les diverses compensations.<\/p>\n<p>Le PSG, \u00e9ph\u00e9m\u00e8re candidat \u00e0 l\u2019achat<\/p>\n<p>Si du c\u00f4t\u00e9 de l\u2019\u00c9tat rien n\u2019a \u00e9t\u00e9 officialis\u00e9, Olivier Giron qui dirige le groupe \u00e9v\u00e8nementiel se veut tr\u00e8s optimiste\u00a0: \u00ab\u00a0Les \u00e9quipes GL Events qui organisent et accueillent des \u00e9v\u00e8nements internationaux sportifs et culturels de grande envergure seront pr\u00eates pour les premiers concerts du mois d\u2019ao\u00fbt 2025 au Stade de France.\u00a0\u00bb, a-t-il assur\u00e9 le groupe d\u2019\u00e9v\u00e8nementiel.<\/p>\n<p>Ce retard pris dans l\u2019attribution est en partie due au consortium actuel, qui \u00e9cart\u00e9 mi-d\u00e9cembre a form\u00e9 plusieurs recours administratifs pour contester la proc\u00e9dure. Ses recours devant le tribunal administratif de Montreuil puis devant le Conseil d\u2019\u00c9tat, plus haute juridiction administrative du pays, ont \u00e9t\u00e9 finalement rejet\u00e9s. Les deux juridictions ont conclu qu\u2019il n\u2019y avait pas eu d\u2019in\u00e9galit\u00e9 de traitement entre les deux candidats. Affaire \u00e0 suivre\u2026<\/p>\n<p>Tout aura donc tra\u00een\u00e9 dans cette affaire qui occupait d\u00e9j\u00e0 le premier ministre de l\u2019\u00e9poque \u00c9douard Philippe en 2018. L\u2019id\u00e9e de vendre le Stade de France, th\u00e9\u00e2tre du sacre des Bleus 20 ans plus t\u00f4t, avait alors germ\u00e9. \u00ab\u00a0Personne ne veut l\u2019acheter\u00a0\u00bb, confiait \u00e0 l\u2019AFP une source proche de l\u2019\u00c9tat en mars 2023 au moment du lancement de deux proc\u00e9dures en parall\u00e8le, une pour la vente et une pour la concession. <\/p>\n<p>De fait, seul le PSG avait \u00e9t\u00e9 un \u00e9ph\u00e9m\u00e8re candidat \u00e0 l\u2019achat, en plein conflit avec la mairie de Paris sur le Parc des Princes. Dans un rapport d\u00e9di\u00e9 aux JO d\u00e9but 2023, la Cour des comptes s\u2019\u00e9tait \u00e9mue du retard accumul\u00e9. Elle jugeait que \u00ab\u00a0le calendrier est le plus d\u00e9favorable pour l\u2019\u00c9tat qui, comme en 1995, va se retrouver sous la pression tant des candidats que des f\u00e9d\u00e9rations sportives.\u00a0\u00bb<\/p>\n<p>Quoiqu\u2019il en soit, il restera d\u2019autres dossiers \u00e0 traiter dans un avenir tr\u00e8s rapproch\u00e9 notamment celui des f\u00e9d\u00e9rations fran\u00e7aises de football et de rugby en vue de l\u2019organisation des matches des \u00e9quipes de France dans le stade de Saint-Denis. Alors que les discussions semblent plus avanc\u00e9es avec <a href=\"https:\/\/www.humanite.fr\/sports\/rugby\/alors-que-le-xv-de-france-bat-des-records-daffluence-pourquoi-les-bleus-menacent-de-quitter-le-stade-de-france\" rel=\"nofollow noopener\" target=\"_blank\">la f\u00e9d\u00e9ration fran\u00e7aise de rugby<\/a>, la F\u00e9d\u00e9ration fran\u00e7aise de football semble, quant \u00e0 elle, s\u2019impatienter de trouver au plus vite un accord juste \u00e0 des tarifs raisonnables. Dans le cas contraire elle pourrait tr\u00e8s bien faire jouer ses matches dans d\u2019autres villes o\u00f9 les contrats de location sont moins \u00e9lev\u00e9s.<\/p>\n<p>Le m\u00e9dia que les milliardaires ne peuvent pas s\u2019acheter<\/p>\n<p>Nous ne sommes financ\u00e9s par aucun milliardaire. Et nous en sommes fiers\u00a0! Mais nous sommes confront\u00e9s \u00e0 des d\u00e9fis financiers constants. Soutenez-nous\u00a0! Votre don sera d\u00e9fiscalis\u00e9\u00a0: donner 5\u20ac vous reviendra \u00e0 1.65\u20ac. Le prix d\u2019un caf\u00e9.<br \/><a href=\"https:\/\/www.humanite.fr\/lhumanite-cest-vous\" rel=\"nofollow noopener\" target=\"_blank\">Je veux en savoir plus\u00a0!<\/a><\/p>\n","protected":false},"excerpt":{"rendered":"GL Events, mastodonte fran\u00e7ais de l\u2019\u00e9v\u00e9nementiel dirig\u00e9 par un proche du pr\u00e9sident de la R\u00e9publique Emmanuel Macron a&hellip;\n","protected":false},"author":2,"featured_media":96940,"comment_status":"","ping_status":"","sticky":false,"template":"","format":"standard","meta":{"footnotes":""},"categories":[4],"tags":[11,1011,27,21048,12,25,14478],"class_list":{"0":"post-96939","1":"post","2":"type-post","3":"status-publish","4":"format-standard","5":"has-post-thumbnail","7":"category-france","8":"tag-actualites","9":"tag-fr","10":"tag-france","11":"tag-gl-events","12":"tag-news","13":"tag-republique-francaise","14":"tag-stade-de-france"},"share_on_mastodon":{"url":"https:\/\/pubeurope.com\/@fr\/114500838472730560","error":""},"_links":{"self":[{"href":"https:\/\/www.europesays.com\/fr\/wp-json\/wp\/v2\/posts\/96939","targetHints":{"allow":["GET"]}}],"collection":[{"href":"https:\/\/www.europesays.com\/fr\/wp-json\/wp\/v2\/posts"}],"about":[{"href":"https:\/\/www.europesays.com\/fr\/wp-json\/wp\/v2\/types\/post"}],"author":[{"embeddable":true,"href":"https:\/\/www.europesays.com\/fr\/wp-json\/wp\/v2\/users\/2"}],"replies":[{"embeddable":true,"href":"https:\/\/www.europesays.com\/fr\/wp-json\/wp\/v2\/comments?post=96939"}],"version-history":[{"count":0,"href":"https:\/\/www.europesays.com\/fr\/wp-json\/wp\/v2\/posts\/96939\/revisions"}],"wp:featuredmedia":[{"embeddable":true,"href":"https:\/\/www.europesays.com\/fr\/wp-json\/wp\/v2\/media\/96940"}],"wp:attachment":[{"href":"https:\/\/www.europesays.com\/fr\/wp-json\/wp\/v2\/media?parent=96939"}],"wp:term":[{"taxonomy":"category","embeddable":true,"href":"https:\/\/www.europesays.com\/fr\/wp-json\/wp\/v2\/categories?post=96939"},{"taxonomy":"post_tag","embeddable":true,"href":"https:\/\/www.europesays.com\/fr\/wp-json\/wp\/v2\/tags?post=96939"}],"curies":[{"name":"wp","href":"https:\/\/api.w.org\/{rel}","templated":true}]}}