{"id":969400,"date":"2026-05-31T21:33:22","date_gmt":"2026-05-31T21:33:22","guid":{"rendered":"https:\/\/www.europesays.com\/fr\/969400\/"},"modified":"2026-05-31T21:33:22","modified_gmt":"2026-05-31T21:33:22","slug":"france-etat-unis-250-ans-damitie-malgre-trump","status":"publish","type":"post","link":"https:\/\/www.europesays.com\/fr\/969400\/","title":{"rendered":"France \u00c9tat-Unis 250 ans d\u2019amiti\u00e9 \u2026 malgr\u00e9 Trump"},"content":{"rendered":"<p><strong>L\u2019association France Etats-Unis a tenu son congr\u00e8s national au ch\u00e2teau de Blois le 30 mai. Marqu\u00e9e par le 250e anniversaire de la D\u00e9claration d\u2019Ind\u00e9pendance des \u00c9tats-Unis d\u2019Am\u00e9rique, elle a r\u00e9affirm\u00e9 la permanence et la force des liens entre les deux pays.\u00a0<\/strong><\/p>\n<p><img fetchpriority=\"high\" decoding=\"async\" width=\"620\" height=\"349\" src=\"https:\/\/www.europesays.com\/fr\/wp-content\/uploads\/2026\/05\/img-20260530-163123-620x349.jpg\" alt=\"\" class=\"wp-image-370617\"  \/>J\u00e9r\u00f4me Danard, pr\u00e9sident national de France Etats-Unis (debout) lors du salon du livre et de la Bd France \u00c9tats-Unis. Cr\u00e9dit Jean-Luc Vezon.  <\/p>\n<p>Par <a href=\"https:\/\/www.magcentre.fr\/?s=%22jean-luc+vezon&amp;searchsubmit=\" target=\"_blank\" rel=\"noopener nofollow\">Jean-Luc Vezon<\/a> <\/p>\n<p>Les monstruosit\u00e9s de Donald Trump et de son administration \u00e9taient dans tous les esprits pour cet \u00e9v\u00e8nement qui a rassembl\u00e9 200 membres issus des 25 chapters (d\u00e9l\u00e9gations) de l\u2019association cr\u00e9\u00e9e en 1945. Mais, l\u2019heure n\u2019\u00e9tait pas aux r\u00e8glements de compte mais bien \u00e0 la f\u00eate pour c\u00e9l\u00e9brer l\u2019amiti\u00e9 entre deux nations, l\u2019une des plus exemplaires de l\u2019histoire moderne.<\/p>\n<p>Un programme de tr\u00e8s haut niveau<\/p>\n<p>Le bl\u00e9sois J\u00e9r\u00f4me Danard, pr\u00e9sident de <a href=\"https:\/\/www.france-etatsunis.org\/\" rel=\"nofollow noopener\" target=\"_blank\">l\u2019association France \u2013 Etats-Unis<\/a> et son \u00e9quipe, avaient concoct\u00e9 un programme de tr\u00e8s haut niveau avec trois conf\u00e9rences de 1er plan. En pr\u00e9sence du maire de Blois <a href=\"https:\/\/www.magcentre.fr\/366141-marc-gricourt-reelu-maire-de-blois\/\" rel=\"nofollow noopener\" target=\"_blank\">Marc Gricourt<\/a> et du pr\u00e9fet Zimet, tr\u00e8s grand connaisseur des Etats-Unis, elles ont illustr\u00e9 l\u2019importance des liens \u00e0 la fois interpersonnels mais aussi militaires, diplomatiques ou \u00e9conomiques entre deux nations partageant le m\u00eame id\u00e9al universaliste.\u00a0\u00a0\u00a0 \u00a0<\/p>\n<p>Le commissaire-priseur vend\u00f4mois <a href=\"https:\/\/www.magcentre.fr\/157093-artigny-37-rouillac-pere-et-fils-voient-grand-et-vendent-le-nain-a-36-millions\/\" rel=\"nofollow noopener\" target=\"_blank\">Philippe Rouillac<\/a> a d\u2019abord retrac\u00e9, avec sa verve habituelle,\u00a0 l\u2019histoire franco-am\u00e9ricaine qui a commenc\u00e9 par l\u2019envoi d\u2019un contingent de 5.000 hommes command\u00e9s par le mar\u00e9chal Rochambeau pour aider les 13 colonies \u00e0 conqu\u00e9rir leur ind\u00e9pendance.\u00a0<\/p>\n<p>Plusieurs \u0153uvres majeures comme celles de Charles Willson\u00a0Peale, qui a portraitis\u00e9 le g\u00e9n\u00e9ral George\u00a0Washington lui ont permis de souligner l\u2019apport majeur des troupes de Louis XVI dans les victoires de Yorktown ou Cheasepeake. Philippe Rouillac insista aussi sur les liens forts unissant le Loir-et-Cher et les USA notamment au travers Benjamin Franklin, accueilli au ch\u00e2teau de Chaumont-sur-Loire, ou Jean-Baptiste-Donatien de Vimeur, comte de Rochambeau (1725-1807) dont les racines familiales se trouvent \u00e0 Thor\u00e9-la-Rochette.\u00a0<\/p>\n<p>La coop\u00e9ration militaire<\/p>\n<p>Le g\u00e9n\u00e9ral Vincent de Kytspotter revint pour sa part sur l\u2019histoire de la coop\u00e9ration militaire. Plus ancien alli\u00e9 des Etats-Unis, la France a d\u2019abord permis aux 13 \u00e9tats de se d\u00e9tacher de la Couronne britannique cr\u00e9ant ainsi les Etats-Unis. Puis notre alli\u00e9 est venu combattre \u00e0 nos cot\u00e9s lors de la 1\u00e8re Guerre mondiale avec un corps exp\u00e9ditionnaire de 2 millions d\u2019hommes (2) avant de nous lib\u00e9rer de l\u2019occupation allemande. Plus r\u00e9cemment, les guerres de Cor\u00e9e ou du Golfe ont symbolis\u00e9 cette coop\u00e9ration.<\/p>\n<p>Au-del\u00e0 des \u00ab\u00a0f\u00e2cheries\u00a0\u00bb (retrait du commandement int\u00e9gr\u00e9 de l\u2019OTAN en 1966, refus d\u2019envahir l\u2019Irak, golfe persique et Ukraine aujourd\u2019hui), \u00ab\u00a0l\u2019alliance \u00a0multis\u00e9culaire reposant sur la coop\u00e9ration militaire bilat\u00e9rale, la solidarit\u00e9, la coh\u00e9sion et l\u2019interop\u00e9rabilit\u00e9 des forces arm\u00e9es demeure l\u2019un des piliers de l\u2019architecture de s\u00e9curit\u00e9 euro-atlantique (OTAN)\u00a0\u00bb a insist\u00e9 l\u2019auteur de <a href=\"http:\/\/\u00ab la bataille de Yorktown \u00bb.\" data-wplink-url-error=\"true\" rel=\"nofollow\">\u00ab la bataille de Yorktown \u2013 octobre 1781 \u00bb. <\/a><\/p>\n<p>Crise de confiance<\/p>\n<p>Chercheure en relations internationales et s\u00e9curit\u00e9, ma\u00eetre de conf\u00e9rences \u00e0 l\u2019Universit\u00e9 de Tours, figure connue des plateaux t\u00e9l\u00e9, Elisabeth Sheppard-Sellam a enfin donn\u00e9 sa vision du mandat Trump. \u00ab\u00a0Tout ne s\u2019effondre pas, les tribunaux, les gouverneurs (Illinois, Californie) r\u00e9sistent mais il l y a une vraie crise de confiance envers les institutions dans la population. Combien de temps le pays va-t-il r\u00e9sister\u00a0?\u00a0\u00bb. R\u00e9pondant aux questions cisel\u00e9es de Jean-Marc Mignerey, secr\u00e9taire g\u00e9n\u00e9ral de France \u00c9tats-Unis, Elisabeth Sheppard-Sellam a rappel\u00e9 que cette fracturation de la soci\u00e9t\u00e9 am\u00e9ricaine ne datait pas d\u2019aujourd\u2019hui avec la mont\u00e9e du Tea Party d\u00e8s les ann\u00e9es 2010. Elle s\u2019inscrit aussi dans l\u2019histoire avec la Guerre de S\u00e9cession, le maccarthisme ou la lutte des Noirs pour leurs droits.<\/p>\n<p>Pour la chercheuse, le danger existe bien cependant avec la mise en \u0153uvre par l\u2019administration Trump du <a href=\"https:\/\/fr.wikipedia.org\/wiki\/Projet_2025\" rel=\"nofollow noopener\" target=\"_blank\">\u00ab\u00a0<strong>Project 2025<\/strong>\u00a0\u00bb<\/a> ultraconservateur et lib\u00e9ral\u00a0et cela d\u2019autant plus que \u00ab\u00a0les r\u00e9seaux sociaux sont une caisse de r\u00e9sonance\u00a0\u00bb.\u00a0 \u00a0\u00a0\u00a0<\/p>\n<p>Francisco P\u00e9rez, porte-parole de l\u2019ambassade des Etats-Unis \u00e0 Paris a salu\u00e9 avec chaleur le travail remarquable de l\u2019association dans toute la France. Rappelant que le congr\u00e8s s\u2019inscrit dans une s\u00e9rie d\u2019\u00e9v\u00e8nements labellis\u00e9s <a href=\"https:\/\/freedom250.org\/\" rel=\"nofollow noopener\" target=\"_blank\">Freedom 250<\/a>, marquant la d\u00e9claration d\u2019ind\u00e9pendance du 4 juillet 1776, il a insist\u00e9\u00a0: sur \u00ab\u00a0une relation jamais parfaite, compliqu\u00e9e et passionn\u00e9e. Parfois nous sommes d\u2019accord. Parfois nous sommes beaucoup moins d\u2019accord\u2026 Mais apr\u00e8s deux cent cinquante ans, une chose est certaine : This relationship endures (1) \u00bb. <\/p>\n<p>\u00ab\u00a0Alors que l\u2019Europe conna\u00eet de nouveau la guerre sur son sol, que l\u2019ordre mondial vacille, et que les tensions \u00e9conomiques et commerciales redessinent les \u00e9quilibres plan\u00e9taires, la relation entre la France et les \u00c9tats-Unis demeure un rep\u00e8re essentiel.\u00a0 Elle t\u00e9moigne d\u2019une solidarit\u00e9 qui a travers\u00e9 les si\u00e8cles, d\u2019une fid\u00e9lit\u00e9 n\u00e9e sur les champs de bataille, et scell\u00e9e par les id\u00e9aux de libert\u00e9 et de d\u00e9mocratie\u00a0\u00bb a ensuite conclu J\u00e9r\u00f4me Danard avant que le congr\u00e8s ne se ponctue par un \u00ab\u00a0Colonial Diner\u00a0\u00bb et le Son et Lumi\u00e8re \u00ab\u00a0Ainsi Blois vous est cont\u00e9\u00a0\u00bb.<\/p>\n<p>(1) Le haut-fonctionnaire qui est aussi historien fut charg\u00e9 de mission \u00e0 l\u2019ambassade de Washington et directeur g\u00e9n\u00e9ral de la Mission interminist\u00e9rielle du centenaire de la Premi\u00e8re guerre mondiale.<\/p>\n<p>(2) 320 000 morts. <\/p>\n<p>(3) La relation perdure en Fran\u00e7ais<\/p>\n<p>Des livres et objets exceptionnels<\/p>\n<p>\u00c0 l\u2019occasion du congr\u00e8s, plusieurs livres et objets du 18e \u00e9taient pr\u00e9sent\u00e9s salle Gaston d\u2019Orl\u00e9ans. Citons, une \u00e9dition originale et rarissime (Il n\u2019en existe que 3) de The Constitutions of the several independant States of America (Philadelphie, 1781), la 1\u00e8re \u00e9dition fran\u00e7aise des constitutions des treize Etats de l\u2019Am\u00e9rique, un recueil contenant quatre pi\u00e8ces des bagatelles \u00ab\u00a0Avis \u00e0 ceux qui voudraient s\u2019en aller en Am\u00e9rique\u00a0\u00bb de Benjamin Franklin, le fac-simil\u00e9 du testament du Mar\u00e9chal de Rochambeau et 5 m\u00e9daillons en terre cuite de l\u2019artiste Jean-Baptiste Nini dont le c\u00e9l\u00e8bre Franklin avec son bonnet de fourrure. Francophile, ce dernier \u00e9tait l\u2019ami de Jacques-Donatien Leray install\u00e9 \u00e0 Cand\u00e9-sur-Beuvron.\u00a0\u00a0\u00a0\u00a0<\/p>\n<p><img loading=\"lazy\" decoding=\"async\" width=\"620\" height=\"412\" data-id=\"370642\" src=\"https:\/\/www.europesays.com\/fr\/wp-content\/uploads\/2026\/05\/dsc-0784-4-620x412.jpg\" alt=\"\" class=\"wp-image-370642\"  \/><\/p>\n<p><img loading=\"lazy\" decoding=\"async\" width=\"620\" height=\"398\" data-id=\"370640\" src=\"https:\/\/www.europesays.com\/fr\/wp-content\/uploads\/2026\/05\/dsc-0788-4-620x398.jpg\" alt=\"\" class=\"wp-image-370640\"  \/><\/p>\n<p><img loading=\"lazy\" decoding=\"async\" width=\"620\" height=\"412\" data-id=\"370641\" src=\"https:\/\/www.europesays.com\/fr\/wp-content\/uploads\/2026\/05\/dsc-0790-4-620x412.jpg\" alt=\"\" class=\"wp-image-370641\"  \/><\/p>\n<p><img loading=\"lazy\" decoding=\"async\" width=\"620\" height=\"412\" data-id=\"370644\" src=\"https:\/\/www.europesays.com\/fr\/wp-content\/uploads\/2026\/05\/dsc-0791-4-620x412.jpg\" alt=\"\" class=\"wp-image-370644\"  \/><\/p>\n<p><img loading=\"lazy\" decoding=\"async\" width=\"620\" height=\"349\" data-id=\"370643\" src=\"https:\/\/www.europesays.com\/fr\/wp-content\/uploads\/2026\/05\/img-20260530-145408-4-620x349.jpg\" alt=\"\" class=\"wp-image-370643\"  \/><\/p>\n<p><img loading=\"lazy\" decoding=\"async\" width=\"620\" height=\"360\" data-id=\"370639\" src=\"https:\/\/www.europesays.com\/fr\/wp-content\/uploads\/2026\/05\/img-20260530-171011-1-620x360.jpg\" alt=\"\" class=\"wp-image-370639\"  \/><\/p>\n<p><strong>A lire aussi: <\/strong><a href=\"https:\/\/www.magcentre.fr\/361451-the-mastermind-leffondrement-de-lamerique-triomphante\/\" rel=\"bookmark nofollow noopener\" target=\"_blank\">\u00ab\u00a0The Mastermind\u00a0\u00bb, l\u2019effondrement de l\u2019Am\u00e9rique triomphante<\/a><\/p>\n","protected":false},"excerpt":{"rendered":"L\u2019association France Etats-Unis a tenu son congr\u00e8s national au ch\u00e2teau de Blois le 30 mai. Marqu\u00e9e par le&hellip;\n","protected":false},"author":2,"featured_media":969401,"comment_status":"","ping_status":"","sticky":false,"template":"","format":"standard","meta":{"footnotes":"","_share_on_mastodon":"0"},"categories":[4],"tags":[11,4707,102203,102204,75,102205,1011,27,102206,102207,102208,102209,12,136,102210,25,102211,102212,102213,102214],"class_list":["post-969400","post","type-post","status-publish","format-standard","has-post-thumbnail","category-france","tag-actualites","tag-amerique","tag-benjamin-franklin","tag-cheasepeake","tag-donald-trump","tag-elisabeth-sheppard-sellam","tag-fr","tag-france","tag-france-etats-unis","tag-francisco-perez","tag-jean-marc-mignerey","tag-jereme-danard","tag-news","tag-otan","tag-philippe-rouillac","tag-republique-francaise","tag-rochambeau","tag-tea-party","tag-vincent-de-kytspotter","tag-yorktown"],"share_on_mastodon":{"url":"https:\/\/pubeurope.com\/@fr\/116671337734119339","error":""},"_links":{"self":[{"href":"https:\/\/www.europesays.com\/fr\/wp-json\/wp\/v2\/posts\/969400","targetHints":{"allow":["GET"]}}],"collection":[{"href":"https:\/\/www.europesays.com\/fr\/wp-json\/wp\/v2\/posts"}],"about":[{"href":"https:\/\/www.europesays.com\/fr\/wp-json\/wp\/v2\/types\/post"}],"author":[{"embeddable":true,"href":"https:\/\/www.europesays.com\/fr\/wp-json\/wp\/v2\/users\/2"}],"replies":[{"embeddable":true,"href":"https:\/\/www.europesays.com\/fr\/wp-json\/wp\/v2\/comments?post=969400"}],"version-history":[{"count":0,"href":"https:\/\/www.europesays.com\/fr\/wp-json\/wp\/v2\/posts\/969400\/revisions"}],"wp:featuredmedia":[{"embeddable":true,"href":"https:\/\/www.europesays.com\/fr\/wp-json\/wp\/v2\/media\/969401"}],"wp:attachment":[{"href":"https:\/\/www.europesays.com\/fr\/wp-json\/wp\/v2\/media?parent=969400"}],"wp:term":[{"taxonomy":"category","embeddable":true,"href":"https:\/\/www.europesays.com\/fr\/wp-json\/wp\/v2\/categories?post=969400"},{"taxonomy":"post_tag","embeddable":true,"href":"https:\/\/www.europesays.com\/fr\/wp-json\/wp\/v2\/tags?post=969400"}],"curies":[{"name":"wp","href":"https:\/\/api.w.org\/{rel}","templated":true}]}}