{"id":969436,"date":"2026-05-31T22:01:50","date_gmt":"2026-05-31T22:01:50","guid":{"rendered":"https:\/\/www.europesays.com\/fr\/969436\/"},"modified":"2026-05-31T22:01:50","modified_gmt":"2026-05-31T22:01:50","slug":"tayc-jok-air-beka-r","status":"publish","type":"post","link":"https:\/\/www.europesays.com\/fr\/969436\/","title":{"rendered":"TAYC &#8211; JOK \u2019AIR- B\u00c9KA R"},"content":{"rendered":"\n<p>Mercredi 1er juillet \u00e0 partir de 18h, Magnum vous invite au plateau urbain avec 4 artistes sur la sc\u00e8ne du Nancy Open Air, au z\u00e9nith. Tayc, Jok\u2019Air, B\u00e9kar et Dakeez vont enflammer la soir\u00e9e !<\/p>\n<blockquote>\n<p>Participation au jeu ouverte \u00e0 toute personne majeure. Pour s\u2019inscrire, envoyez par SMS :\u00a0<strong>MAGNUM + le mot de passe donn\u00e9 \u00e0 l\u2019antenne + vos coordonn\u00e9es compl\u00e8tes (nom, pr\u00e9nom, adresse et num\u00e9ro de t\u00e9l\u00e9phone)<\/strong>\u00a0au\u00a0<strong>71071<\/strong>. Co\u00fbt de participation :\u00a0<strong>0,75 \u20ac + prix d\u2019un SMS selon votre op\u00e9rateur<\/strong>.<\/p>\n<p>Une participation par SMS. Toute participation incompl\u00e8te ou ne respectant pas ces modalit\u00e9s ne pourra \u00eatre prise en compte.<\/p>\n<\/blockquote>\n<p>Tayc, Jok\u2019Air, Bekar &amp; Dakeez<br \/>Vous donnent rendez-vous le 1er juillet 2026 sur la sc\u00e8ne du Nancy Open Air !<\/p>\n<p>Apr\u00e8s le succ\u00e8s ph\u00e9nom\u00e9nal de \u00ab Fleur Froide \u00bb en 2020, certifi\u00e9 disque de diamant avec plus de 600 000 ventes, Tayc s&rsquo;est impos\u00e9 comme une figure embl\u00e9matique du RnB fran\u00e7ais et le pionnier du mouvement Afrolove.<\/p>\n<p>\u00a0<\/p>\n<p>Ancien leader du groupe MZ, Jok&rsquo;Air s&rsquo;est impos\u00e9 comme une figure incontournable du rap fran\u00e7ais. Depuis le d\u00e9but de sa carri\u00e8re solo en 2017, il a su conqu\u00e9rir un public fid\u00e8le gr\u00e2ce \u00e0 son style m\u00ealant rap, chant et influences R&amp;B.<\/p>\n<p>\u00a0<\/p>\n<p>Ce rappeur d&rsquo;origine lilloise a tout le talent pour s&rsquo;imposer dans le game hexagonal ! Textes, flow, m\u00e9lodie, Bekar cutlive un univers, une identit\u00e9 que l&rsquo;on pourra d\u00e9couvrir prochainement en concert.<\/p>\n<p>\u00a0<\/p>\n<p>DAKEEZ, est un auteur-compositeur, interpr\u00e8te et danseur franco-italien originaire de Lyon. \u00c0 la crois\u00e9e du R&amp;B, du trapsoul et des influences hip-hop, il fa\u00e7onne un univers o\u00f9 l&rsquo;\u00e9motion brute rencontre une ma\u00eetrise technique aff\u00fbt\u00e9e&#8230;<\/p>\n","protected":false},"excerpt":{"rendered":"Mercredi 1er juillet \u00e0 partir de 18h, Magnum vous invite au plateau urbain avec 4 artistes sur la&hellip;\n","protected":false},"author":2,"featured_media":969437,"comment_status":"","ping_status":"","sticky":false,"template":"","format":"standard","meta":{"footnotes":"","_share_on_mastodon":"0"},"categories":[9635],"tags":[1111,11,2389,102219,102220,1777,674,1011,27,775,30237,102218,73687,71518,3457,11209,1702,60268,12,1825,25,28585,774,59855],"class_list":["post-969436","post","type-post","status-publish","format-standard","has-post-thumbnail","category-nancy","tag-actu","tag-actualites","tag-alsace","tag-bekar","tag-dakeez","tag-eu","tag-europe","tag-fr","tag-france","tag-grand-est","tag-haute-marne","tag-jokair","tag-magnum","tag-magnum-la-radio","tag-meurthe-et-moselle","tag-meuse","tag-nancy","tag-nancy-open-air","tag-news","tag-radio","tag-republique-francaise","tag-tayc","tag-vosges","tag-zenith-de-nancy"],"share_on_mastodon":{"url":"https:\/\/pubeurope.com\/@fr\/116671450025481822","error":""},"_links":{"self":[{"href":"https:\/\/www.europesays.com\/fr\/wp-json\/wp\/v2\/posts\/969436","targetHints":{"allow":["GET"]}}],"collection":[{"href":"https:\/\/www.europesays.com\/fr\/wp-json\/wp\/v2\/posts"}],"about":[{"href":"https:\/\/www.europesays.com\/fr\/wp-json\/wp\/v2\/types\/post"}],"author":[{"embeddable":true,"href":"https:\/\/www.europesays.com\/fr\/wp-json\/wp\/v2\/users\/2"}],"replies":[{"embeddable":true,"href":"https:\/\/www.europesays.com\/fr\/wp-json\/wp\/v2\/comments?post=969436"}],"version-history":[{"count":0,"href":"https:\/\/www.europesays.com\/fr\/wp-json\/wp\/v2\/posts\/969436\/revisions"}],"wp:featuredmedia":[{"embeddable":true,"href":"https:\/\/www.europesays.com\/fr\/wp-json\/wp\/v2\/media\/969437"}],"wp:attachment":[{"href":"https:\/\/www.europesays.com\/fr\/wp-json\/wp\/v2\/media?parent=969436"}],"wp:term":[{"taxonomy":"category","embeddable":true,"href":"https:\/\/www.europesays.com\/fr\/wp-json\/wp\/v2\/categories?post=969436"},{"taxonomy":"post_tag","embeddable":true,"href":"https:\/\/www.europesays.com\/fr\/wp-json\/wp\/v2\/tags?post=969436"}],"curies":[{"name":"wp","href":"https:\/\/api.w.org\/{rel}","templated":true}]}}