{"id":96971,"date":"2025-05-13T14:07:09","date_gmt":"2025-05-13T14:07:09","guid":{"rendered":"https:\/\/www.europesays.com\/fr\/96971\/"},"modified":"2025-05-13T14:07:09","modified_gmt":"2025-05-13T14:07:09","slug":"%f0%9f%94%b4-accord-entre-washington-et-ryad-bnp-paribas-boeing-en-chine-lessentiel-de-lactualite-ce-mardi-13-mai","status":"publish","type":"post","link":"https:\/\/www.europesays.com\/fr\/96971\/","title":{"rendered":"\ud83d\udd34 Accord entre Washington et Ryad, BNP Paribas, Boeing en Chine&#8230; L\u2019essentiel de l\u2019actualit\u00e9 ce mardi 13 mai"},"content":{"rendered":"<p>\ud83d\udea8Trump signe un partenariat \u00e9conomique strat\u00e9gie avec l&rsquo;Arabie saoudite<\/p>\n<p>L&rsquo;heure des deals pour le gouvernement am\u00e9ricain. Ce mardi, le pr\u00e9sident am\u00e9ricain\u00a0<strong>Donald Trump<\/strong>\u00a0et le prince h\u00e9ritier saoudien\u00a0<strong>Mohammed ben Salmane<\/strong>\u00a0ont sign\u00e9 \u00e0 Riyad un\u00a0accord de <strong>partenariat \u00e9conomique strat\u00e9gique<\/strong>. Ce partenariat comprend des accords dans les domaines de\u00a0<strong>l&rsquo;\u00e9nergie, des mines et de la d\u00e9fense<\/strong>.<\/p>\n<p>Ralentissement de l&rsquo;inflation aux \u00c9tats-Unis en avril<\/p>\n<p>Bonne nouvelle sur le front de l&rsquo;inflation am\u00e9ricaine. Cette derni\u00e8re a ralenti en avril un peu plus qu&rsquo;attendu par les analystes, s&rsquo;inscrivant \u00e0 <strong>+2,3\u00a0%<\/strong> sur un an, selon\u00a0l&rsquo;indice CPI publi\u00e9 ce mardi. Une baisse qui s&rsquo;explique par le net recul des prix des carburants,<\/p>\n<p>Sur un mois en revanche, cet indice des prix \u00e0 la consommation a augment\u00e9 de 0,2\u00a0% en avril, apr\u00e8s un recul de 0,1\u00a0% en mars, selon le minist\u00e8re am\u00e9ricain du Travail. Cette \u00e9volution mensuelle est conforme aux attentes, selon le consensus des analystes publi\u00e9 par MarketWatch.<\/p>\n<p>Les touristes vont d\u00e9penser moins aux \u00c9tats-Unis<\/p>\n<p>Selon le Conseil mondial du voyage et du tourisme, les d<strong>\u00e9penses li\u00e9es aux voyages internationaux aux \u00c9tats-Unis<\/strong> devraient <strong>diminuer d&rsquo;environ 7 %<\/strong>, soit 12,5 milliards de dollars, en 2025. Les voyageurs internationaux boudent les vacances aux \u00c9tats-Unis en raison des <strong>politiques impopulaires de l&rsquo;administration Trump<\/strong>, de la peur d&rsquo;\u00eatre arr\u00eat\u00e9s \u00e0 la fronti\u00e8re et d&rsquo;un taux de change d\u00e9favorable, a d\u00e9clar\u00e9 Julia Simpson, PDG du WTTC, une organisation repr\u00e9sentant le secteur priv\u00e9 du tourisme.<\/p>\n<p>Bonnaf\u00e9 en passe de\u00a0diriger\u00a0BNP Paribas\u00a0jusqu&rsquo;en 2030<\/p>\n<p>Le tandem Jean-Laurent Bonnaf\u00e9 (63 ans) &#8211; Jean Lemierre (74 ans) pourrait diriger\u00a0BNP Paribas jusqu&rsquo;en 2030. Les actionnaires de\u00a0la banque ont <strong>largement vot\u00e9\u00a0en faveur de r\u00e9solutions permettant\u00a0\u00e0 son\u00a0directeur g\u00e9n\u00e9ral et \u00e0 son pr\u00e9sident de rester en poste.<\/strong>\u00a0Ils ont ainsi vot\u00e9 \u00e0 98,47 %\u00a0pour porter la\u00a0<strong>limite d&rsquo;\u00e2ge du directeur g\u00e9n\u00e9ral \u00e0 68 ans<\/strong>. Ils ont \u00e9galement largement vot\u00e9 les r\u00e9solutions\u00a0portant\u00a0la limite d&rsquo;\u00e2ge du pr\u00e9sident du conseil d&rsquo;administration \u00e0 78 ans et celle des directeurs g\u00e9n\u00e9raux d\u00e9l\u00e9gu\u00e9s\u00a0\u00e0 66 ans.<\/p>\n<p><strong>\ud83d\udc49\u00a0Pour aller plus loin :<\/strong>\u00a0<a href=\"https:\/\/www.latribune.fr\/entreprises-finance\/banques-finance\/banque\/bnp-paribas-l-apres-bonnafe-une-equation-toujours-irresolue-1024833.html\" target=\"_blank\" rel=\"noopener\">BNP Paribas : l&rsquo;apr\u00e8s-Bonnaf\u00e9, une \u00e9quation toujours irr\u00e9solue<\/a><\/p>\n<p>La Chinel\u00e8ve sa suspension des r\u00e9ceptions de Boeing<\/p>\n<p>Le constructeur a\u00e9ronautique am\u00e9ricain avait confirm\u00e9 le mois dernier que <strong>les transporteurs chinois avaient cess\u00e9 d&rsquo;accepter les r\u00e9ceptions de nouveaux appareils<\/strong>, en r\u00e9ponse au conflit commercial lanc\u00e9 par le pr\u00e9sident Donald Trump. Mais selon Bloomberg, qui cite des sources proches du dossier, les autorit\u00e9s chinoises ont commenc\u00e9 cette semaine \u00e0 informer les compagnies a\u00e9riennes nationales qu&rsquo;<strong>elles pouvaient reprendre ces r\u00e9ceptions d&rsquo;avions<\/strong> fabriqu\u00e9s aux \u00c9tats-Unis.<\/p>\n<p><strong>\ud83d\udc49\u00a0Pour aller plus loin :<\/strong>\u00a0<a href=\"https:\/\/www.latribune.fr\/entreprises-finance\/industrie\/aeronautique-defense\/droits-de-douane-comment-la-chine-a-fait-de-boeing-un-moyen-de-pression-sur-les-etats-unis-1024858.html\" target=\"_blank\" rel=\"noopener\">Droits de douane : comment la Chine a fait de Boeing un moyen de pression sur les \u00c9tats-Unis<\/a><\/p>\n<p><strong>\ud83d\udcc6\u00a0\u00c0 l&rsquo;agenda ce lundi<\/strong><\/p>\n<p><strong>20 h 10 |\u00a0<\/strong>Le pr\u00e9sident Emmanuel Macron invit\u00e9 d&rsquo;une \u00e9mission sp\u00e9ciale sur TF1<\/p>\n<p><strong>Toute la journ\u00e9e |<\/strong>\u00a0R\u00e9union des ministres des Finances de l&rsquo;UE (Ecofin) \u00e0 Bruxelles<\/p>\n<p><strong>Toute la journ\u00e9e |\u00a0<\/strong>Visite du pr\u00e9sident am\u00e9ricain Donald Trump en Arabie saoudite, Qatar et \u00c9mirats arabes unis<\/p>\n<p><strong>Toute la journ\u00e9e\u00a0|<\/strong>\u00a0En Chine, le pr\u00e9sident Xi Jinping s&rsquo;exprime au forum Chine-Celac<\/p>\n","protected":false},"excerpt":{"rendered":"\ud83d\udea8Trump signe un partenariat \u00e9conomique strat\u00e9gie avec l&rsquo;Arabie saoudite L&rsquo;heure des deals pour le gouvernement am\u00e9ricain. Ce mardi,&hellip;\n","protected":false},"author":2,"featured_media":43545,"comment_status":"","ping_status":"","sticky":false,"template":"","format":"standard","meta":{"footnotes":""},"categories":[6],"tags":[17,743,21050,888,35,33,34,2834,1011,27,21051,21049,2744],"class_list":{"0":"post-96971","1":"post","2":"type-post","3":"status-publish","4":"format-standard","5":"has-post-thumbnail","7":"category-economie","8":"tag-17","9":"tag-accord","10":"tag-bnp","11":"tag-boeing","12":"tag-business","13":"tag-economie","14":"tag-economy","15":"tag-entre","16":"tag-fr","17":"tag-france","18":"tag-paribas","19":"tag-ryad","20":"tag-washington"},"share_on_mastodon":{"url":"https:\/\/pubeurope.com\/@fr\/114500917337870164","error":""},"_links":{"self":[{"href":"https:\/\/www.europesays.com\/fr\/wp-json\/wp\/v2\/posts\/96971","targetHints":{"allow":["GET"]}}],"collection":[{"href":"https:\/\/www.europesays.com\/fr\/wp-json\/wp\/v2\/posts"}],"about":[{"href":"https:\/\/www.europesays.com\/fr\/wp-json\/wp\/v2\/types\/post"}],"author":[{"embeddable":true,"href":"https:\/\/www.europesays.com\/fr\/wp-json\/wp\/v2\/users\/2"}],"replies":[{"embeddable":true,"href":"https:\/\/www.europesays.com\/fr\/wp-json\/wp\/v2\/comments?post=96971"}],"version-history":[{"count":0,"href":"https:\/\/www.europesays.com\/fr\/wp-json\/wp\/v2\/posts\/96971\/revisions"}],"wp:featuredmedia":[{"embeddable":true,"href":"https:\/\/www.europesays.com\/fr\/wp-json\/wp\/v2\/media\/43545"}],"wp:attachment":[{"href":"https:\/\/www.europesays.com\/fr\/wp-json\/wp\/v2\/media?parent=96971"}],"wp:term":[{"taxonomy":"category","embeddable":true,"href":"https:\/\/www.europesays.com\/fr\/wp-json\/wp\/v2\/categories?post=96971"},{"taxonomy":"post_tag","embeddable":true,"href":"https:\/\/www.europesays.com\/fr\/wp-json\/wp\/v2\/tags?post=96971"}],"curies":[{"name":"wp","href":"https:\/\/api.w.org\/{rel}","templated":true}]}}