{"id":96978,"date":"2025-05-13T14:11:10","date_gmt":"2025-05-13T14:11:10","guid":{"rendered":"https:\/\/www.europesays.com\/fr\/96978\/"},"modified":"2025-05-13T14:11:10","modified_gmt":"2025-05-13T14:11:10","slug":"johnny-hallyday-le-concert-de-la-tour-eiffel-au-megarama-jean-jaures","status":"publish","type":"post","link":"https:\/\/www.europesays.com\/fr\/96978\/","title":{"rendered":"Johnny Hallyday &#8211; Le Concert de la Tour Eiffel au Megarama Jean-Jaur\u00e8s"},"content":{"rendered":"<p> Cette projection exceptionnelle aura lieu au cin\u00e9ma Megarama Jean-Jaur\u00e8s de Saint-\u00c9tienne le dimanche 15 juin \u00e0 20h.<\/p>\n<p>Un \u00e9v\u00e9nement musical historique<\/p>\n<p>Ce spectacle l\u00e9gendaire s\u2019est d\u00e9roul\u00e9 le samedi 10 juin 2000, lorsque le rockeur fran\u00e7ais c\u00e9l\u00e9brait ses quatre d\u00e9cennies de carri\u00e8re. Organis\u00e9 dans le cadre des c\u00e9l\u00e9brations du nouveau mill\u00e9naire, ce concert gratuit a rassembl\u00e9 une foule impressionnante d\u2019environ 800 000 personnes sur le Champ de Mars, tandis que 8 millions de t\u00e9l\u00e9spectateurs suivaient l\u2019\u00e9v\u00e9nement depuis leur domicile.<\/p>\n<p>Un show grandiose entr\u00e9 dans l\u2019histoire<\/p>\n<p>Cette performance exceptionnelle demeure \u00e0 ce jour le plus grand concert jamais organis\u00e9 en France et figure parmi les plus importants \u00e0 l\u2019\u00e9chelle mondiale. Le spectacle avait marqu\u00e9 les esprits par sa mise en sc\u00e8ne spectaculaire : l\u2019illumination et l\u2019embrasement de la Tour Eiffel, une immense foule s\u2019\u00e9tendant \u00e0 perte de vue sur le Champ de Mars, une sc\u00e8ne monumentale accueillant musiciens et choristes sous un d\u00e9luge de lumi\u00e8res et de confettis.<\/p>\n<p>Cette projection comm\u00e9morative offre l\u2019opportunit\u00e9 de revivre ou de d\u00e9couvrir ce moment d\u2019anthologie de la musique fran\u00e7aise, 25 ans apr\u00e8s sa r\u00e9alisation. Les fans de Johnny Hallyday et les amateurs de grands spectacles pourront s\u2019immerger dans l\u2019ambiance \u00e9lectrique de cette soir\u00e9e qui a marqu\u00e9 l\u2019histoire de la sc\u00e8ne musicale fran\u00e7aise.<\/p>\n","protected":false},"excerpt":{"rendered":"Cette projection exceptionnelle aura lieu au cin\u00e9ma Megarama Jean-Jaur\u00e8s de Saint-\u00c9tienne le dimanche 15 juin \u00e0 20h. Un&hellip;\n","protected":false},"author":2,"featured_media":96979,"comment_status":"","ping_status":"","sticky":false,"template":"","format":"standard","meta":{"footnotes":""},"categories":[9653],"tags":[1111,11,2430,650,1777,674,1011,27,3367,10905,12,25,4001],"class_list":{"0":"post-96978","1":"post","2":"type-post","3":"status-publish","4":"format-standard","5":"has-post-thumbnail","7":"category-saint-etienne","8":"tag-actu","9":"tag-actualites","10":"tag-auvergne-rhone-alpes","11":"tag-cinema","12":"tag-eu","13":"tag-europe","14":"tag-fr","15":"tag-france","16":"tag-loire","17":"tag-megarama","18":"tag-news","19":"tag-republique-francaise","20":"tag-saint-etienne"},"share_on_mastodon":{"url":"https:\/\/pubeurope.com\/@fr\/114500933051946689","error":""},"_links":{"self":[{"href":"https:\/\/www.europesays.com\/fr\/wp-json\/wp\/v2\/posts\/96978","targetHints":{"allow":["GET"]}}],"collection":[{"href":"https:\/\/www.europesays.com\/fr\/wp-json\/wp\/v2\/posts"}],"about":[{"href":"https:\/\/www.europesays.com\/fr\/wp-json\/wp\/v2\/types\/post"}],"author":[{"embeddable":true,"href":"https:\/\/www.europesays.com\/fr\/wp-json\/wp\/v2\/users\/2"}],"replies":[{"embeddable":true,"href":"https:\/\/www.europesays.com\/fr\/wp-json\/wp\/v2\/comments?post=96978"}],"version-history":[{"count":0,"href":"https:\/\/www.europesays.com\/fr\/wp-json\/wp\/v2\/posts\/96978\/revisions"}],"wp:featuredmedia":[{"embeddable":true,"href":"https:\/\/www.europesays.com\/fr\/wp-json\/wp\/v2\/media\/96979"}],"wp:attachment":[{"href":"https:\/\/www.europesays.com\/fr\/wp-json\/wp\/v2\/media?parent=96978"}],"wp:term":[{"taxonomy":"category","embeddable":true,"href":"https:\/\/www.europesays.com\/fr\/wp-json\/wp\/v2\/categories?post=96978"},{"taxonomy":"post_tag","embeddable":true,"href":"https:\/\/www.europesays.com\/fr\/wp-json\/wp\/v2\/tags?post=96978"}],"curies":[{"name":"wp","href":"https:\/\/api.w.org\/{rel}","templated":true}]}}