{"id":96982,"date":"2025-05-13T14:13:08","date_gmt":"2025-05-13T14:13:08","guid":{"rendered":"https:\/\/www.europesays.com\/fr\/96982\/"},"modified":"2025-05-13T14:13:08","modified_gmt":"2025-05-13T14:13:08","slug":"lieu-dates-horaires-ce-quil-faut-savoir-de-ledition-ete-2025","status":"publish","type":"post","link":"https:\/\/www.europesays.com\/fr\/96982\/","title":{"rendered":"lieu, dates, horaires\u2026 ce qu&rsquo;il faut savoir de l&rsquo;\u00e9dition \u00e9t\u00e9 2025"},"content":{"rendered":"<p>            Par<br \/>\n        <strong><br \/>\n            <a href=\"https:\/\/actu.fr\/auteur\/pierre-emile-bouchy-actu-fr\" title=\"Consulter tous les articles de Paul-Emile Bouchy\" target=\"_blank\" rel=\"noopener\">Paul-Emile Bouchy<\/a><br \/>\n        <\/strong><\/p>\n<p>        Publi\u00e9 le<\/p>\n<p>            13 mai 2025 \u00e0 15h33        <\/p>\n<p>V\u00e9ritable<strong> rendez-vous immanquable<\/strong> de la saison culturelle \u00e0 <a href=\"https:\/\/actu.fr\/grand-est\/nancy_54395\" target=\"_blank\" rel=\"noopener\">Nancy<\/a>, le <strong>son et lumi\u00e8re<\/strong> sera de retour cet \u00e9t\u00e9 <a href=\"https:\/\/actu.fr\/tag\/place-stanislas\" target=\"_blank\" rel=\"noopener\">place Stanislas<\/a>.<\/p>\n<p class=\" wall-content\"><strong>Du vendredi 13\u00a0juin au dimanche 14\u00a0septembre 2025<\/strong>, le vid\u00e9o-mapping \u00ab\u2009La Belle Saison\u2009\u00bb sera projet\u00e9 sur les fa\u00e7ades des b\u00e2timents de cette place class\u00e9e au patrimoine mondial de l\u2019UNESCO.<\/p>\n<p>Une nouvelle cr\u00e9ation mettant en valeur la place Stanislas<\/p>\n<p class=\" wall-content\">Dans un communiqu\u00e9 de presse, la Ville de Nancy indique que cette nouvelle cr\u00e9ation nomm\u00e9e \u00ab\u2009Morphing Architecture\u2009\u00bb explorera \u00ab<strong>\u2009les th\u00e8mes de l\u2019h\u00e9ritage, du temps, de l\u2019intelligence artificielle et des couleurs<\/strong>\u2009\u00bb.<\/p>\n<p class=\" wall-content\">\u00ab\u2009La place Stanislas est ici m\u00e9taphoriquement consid\u00e9r\u00e9e comme un palimpseste, une page r\u00e9\u00e9crite maintes fois au cours des si\u00e8cles. <strong>Chaque acte du spectacle r\u00e9v\u00e8le une nouvelle couche de celui-ci, depuis la mati\u00e8re brute des pierres jusqu\u2019\u00e0 l\u2019intelligence artificielle<\/strong> analysant et pr\u00e9servant l\u2019\u00e9difice, en passant par les transformations artistiques et les couleurs \u00e9ph\u00e9m\u00e8res des vitraux aux couleurs de la nature\u2009\u00bb, pr\u00e9cise la Ville.<\/p>\n<p>Vid\u00e9os : en ce moment sur ActuUne musique compos\u00e9e par Andr\u00e9 Manoukian<\/p>\n<p class=\" wall-content\">Pour cette \u00e9dition 2025, la musique a \u00e9t\u00e9 compos\u00e9e par <strong>Ena Eno<\/strong>, musicien et plasticien sonore, et <strong>Andr\u00e9 Manoukian<\/strong>, compositeur, musicien et \u00e9galement pr\u00e9sentateur.<\/p>\n<p class=\" wall-content\">La projection quotidienne aura lieu\u2009:<\/p>\n<ul class=\" wall-content\">\n<li>du vendredi 13\u00a0juin au jeudi 31\u00a0juillet \u00e0 <strong>22h45<\/strong>\u2009;<\/li>\n<li>du vendredi 1er\u00a0ao\u00fbt au dimanche 14\u00a0septembre \u00e0 <strong>22h<\/strong>.<\/li>\n<\/ul>\n<p class=\" wall-content\">Il n\u2019y aura pas de projection le samedi 21\u00a0juin lors de la f\u00eate de la musique et elle sera d\u00e9cal\u00e9e \u00e0 22h45 le vendredi 12\u00a0septembre en raison du <a href=\"https:\/\/actu.fr\/grand-est\/nancy_54395\/livre-sur-la-place-a-nancy-voici-les-dates-de-l-edition-2025_62077778.html\" target=\"_blank\" rel=\"noopener\">Livre sur la place<\/a>.<\/p>\n<p class=\" wall-content\">Suivez toute l\u2019actualit\u00e9 de vos villes et m\u00e9dias favoris en vous inscrivant \u00e0 <a href=\"https:\/\/moncompte.actu.fr\" title=\"D\u00e9couvez Mon Actu\" rel=\"nofollow noopener\" data-trk=\"{&quot;cta&quot;:{&quot;action&quot;:&quot;https:\\\/\\\/moncompte.actu.fr&quot;,&quot;category&quot;:&quot;mon compte&quot;,&quot;from&quot;:&quot;article footer&quot;,&quot;name&quot;:&quot;Mon actu&quot;,&quot;type&quot;:&quot;cta&quot;}}\" target=\"_blank\">Mon Actu<\/a>.<\/p>\n","protected":false},"excerpt":{"rendered":"Par Paul-Emile Bouchy Publi\u00e9 le 13 mai 2025 \u00e0 15h33 V\u00e9ritable rendez-vous immanquable de la saison culturelle \u00e0&hellip;\n","protected":false},"author":2,"featured_media":96983,"comment_status":"","ping_status":"","sticky":false,"template":"","format":"standard","meta":{"footnotes":""},"categories":[9635],"tags":[1111,11,1777,674,1011,27,775,1702,12,9647,25,104],"class_list":{"0":"post-96982","1":"post","2":"type-post","3":"status-publish","4":"format-standard","5":"has-post-thumbnail","7":"category-nancy","8":"tag-actu","9":"tag-actualites","10":"tag-eu","11":"tag-europe","12":"tag-fr","13":"tag-france","14":"tag-grand-est","15":"tag-nancy","16":"tag-news","17":"tag-place-stanislas","18":"tag-republique-francaise","19":"tag-societe"},"share_on_mastodon":{"url":"https:\/\/pubeurope.com\/@fr\/114500941068110305","error":""},"_links":{"self":[{"href":"https:\/\/www.europesays.com\/fr\/wp-json\/wp\/v2\/posts\/96982","targetHints":{"allow":["GET"]}}],"collection":[{"href":"https:\/\/www.europesays.com\/fr\/wp-json\/wp\/v2\/posts"}],"about":[{"href":"https:\/\/www.europesays.com\/fr\/wp-json\/wp\/v2\/types\/post"}],"author":[{"embeddable":true,"href":"https:\/\/www.europesays.com\/fr\/wp-json\/wp\/v2\/users\/2"}],"replies":[{"embeddable":true,"href":"https:\/\/www.europesays.com\/fr\/wp-json\/wp\/v2\/comments?post=96982"}],"version-history":[{"count":0,"href":"https:\/\/www.europesays.com\/fr\/wp-json\/wp\/v2\/posts\/96982\/revisions"}],"wp:featuredmedia":[{"embeddable":true,"href":"https:\/\/www.europesays.com\/fr\/wp-json\/wp\/v2\/media\/96983"}],"wp:attachment":[{"href":"https:\/\/www.europesays.com\/fr\/wp-json\/wp\/v2\/media?parent=96982"}],"wp:term":[{"taxonomy":"category","embeddable":true,"href":"https:\/\/www.europesays.com\/fr\/wp-json\/wp\/v2\/categories?post=96982"},{"taxonomy":"post_tag","embeddable":true,"href":"https:\/\/www.europesays.com\/fr\/wp-json\/wp\/v2\/tags?post=96982"}],"curies":[{"name":"wp","href":"https:\/\/api.w.org\/{rel}","templated":true}]}}