{"id":96986,"date":"2025-05-13T14:15:12","date_gmt":"2025-05-13T14:15:12","guid":{"rendered":"https:\/\/www.europesays.com\/fr\/96986\/"},"modified":"2025-05-13T14:15:12","modified_gmt":"2025-05-13T14:15:12","slug":"dans-ce-quartier-de-six-fours-on-cultive-la-terre-et-les-talents","status":"publish","type":"post","link":"https:\/\/www.europesays.com\/fr\/96986\/","title":{"rendered":"Dans ce quartier de Six-Fours, on cultive la terre et les talents"},"content":{"rendered":"<p>Quelque part au Brusc, \u00e0 l\u2019abri des regards, une parcelle de terre respire au rythme des saisons et des mains passionn\u00e9es qui la fa\u00e7onnent. Ce lieu discret est devenu, en moins d\u2019un an, un v\u00e9ritable laboratoire d\u2019id\u00e9es, de graines et de liens humains.<\/p>\n<p>Un potager p\u00e9dagogique qui s\u00e9duit <\/p>\n<p>Il s\u2019agit du potager partag\u00e9 de l\u2019association Pollen83, fond\u00e9e par Isabelle Berviller, amoureuse de nature et de p\u00e9dagogie.<\/p>\n<p>\u00ab\u00a0Nous sommes un peu plus d\u2019une quarantaine d\u2019adh\u00e9rents aujourd\u2019hui, tous autodidactes. On cultive ensemble, on apprend les uns des autres, et surtout, on savoure ce que la terre nous offre, sans pesticides ni transport r\u00e9frig\u00e9r\u00e9\u202f\u00a0\u00bb, raconte Isabelle avec enthousiasme.<\/p>\n<p>La nature pour apprendre la peinture <\/p>\n<p>Mais au-del\u00e0 du jardinage, le lieu est aussi devenu une sc\u00e8ne d\u2019expression artistique et de transmission. Deux mercredis par mois, Martine Naudi, artiste et ancienne professeure d\u2019arts plastiques, y anime des ateliers cr\u00e9atifs en plein air. Cette ancienne enseignante des Beaux-Arts, \u00e9galement form\u00e9e \u00e0 l\u2019\u00c9ducation nationale, puise dans son parcours une p\u00e9dagogie sensible et ouverte sur la nature.<\/p>\n<p>\u00ab\u00a0La nature m\u2019a toujours accompagn\u00e9e. Elle m\u2019a parfois sauv\u00e9e. J\u2019ai grandi en Afrique, au milieu d\u2019une v\u00e9g\u00e9tation luxuriante. Ici, au Brusc, j\u2019ai retrouv\u00e9 cette \u00e9nergie puissante. J\u2019aime observer les plantes pousser, les couleurs changer, le vivant bouger avec les saisons. Quoi de mieux comme mod\u00e8le vivant pour apprendre \u00e0 peindre?\u00a0\u00bb <\/p>\n<p>Les ateliers sont ouverts \u00e0 tous, d\u00e9butants compris. Martine y guide ses \u00e9l\u00e8ves dans l\u2019exploration de la couleur, du trait, de la lumi\u00e8re.<\/p>\n<p>Bient\u00f4t, elle esp\u00e8re pouvoir les initier \u00e0 la photographie. En fin d\u2019ann\u00e9e, l\u2019artiste proposera une exposition \u00e0 la Maison du patrimoine.<\/p>\n<p>En attendant, Martine Naudi cr\u00e9e, guide et inspire. Avec pour pinceau la nature et pour toile le potager, elle transforme chaque atelier en une exploration sensorielle.<\/p>\n<p><strong>Savoir+<\/strong><\/p>\n<p>Participation libre. Contact\u2005: 06.21.05.43.53 ou pollen@pollen83.fr Les prochains rendez-vous seront le 21 mai, le 4 juin et le 12 juin.<\/p>\n","protected":false},"excerpt":{"rendered":"Quelque part au Brusc, \u00e0 l\u2019abri des regards, une parcelle de terre respire au rythme des saisons et&hellip;\n","protected":false},"author":2,"featured_media":96987,"comment_status":"","ping_status":"","sticky":false,"template":"","format":"standard","meta":{"footnotes":""},"categories":[9619],"tags":[1111,11,1777,674,1011,27,12,882,25,2310,3366],"class_list":{"0":"post-96986","1":"post","2":"type-post","3":"status-publish","4":"format-standard","5":"has-post-thumbnail","7":"category-toulon","8":"tag-actu","9":"tag-actualites","10":"tag-eu","11":"tag-europe","12":"tag-fr","13":"tag-france","14":"tag-news","15":"tag-provence-alpes-cote-dazur","16":"tag-republique-francaise","17":"tag-toulon","18":"tag-vie-locale"},"share_on_mastodon":{"url":"https:\/\/pubeurope.com\/@fr\/114500948738095246","error":""},"_links":{"self":[{"href":"https:\/\/www.europesays.com\/fr\/wp-json\/wp\/v2\/posts\/96986","targetHints":{"allow":["GET"]}}],"collection":[{"href":"https:\/\/www.europesays.com\/fr\/wp-json\/wp\/v2\/posts"}],"about":[{"href":"https:\/\/www.europesays.com\/fr\/wp-json\/wp\/v2\/types\/post"}],"author":[{"embeddable":true,"href":"https:\/\/www.europesays.com\/fr\/wp-json\/wp\/v2\/users\/2"}],"replies":[{"embeddable":true,"href":"https:\/\/www.europesays.com\/fr\/wp-json\/wp\/v2\/comments?post=96986"}],"version-history":[{"count":0,"href":"https:\/\/www.europesays.com\/fr\/wp-json\/wp\/v2\/posts\/96986\/revisions"}],"wp:featuredmedia":[{"embeddable":true,"href":"https:\/\/www.europesays.com\/fr\/wp-json\/wp\/v2\/media\/96987"}],"wp:attachment":[{"href":"https:\/\/www.europesays.com\/fr\/wp-json\/wp\/v2\/media?parent=96986"}],"wp:term":[{"taxonomy":"category","embeddable":true,"href":"https:\/\/www.europesays.com\/fr\/wp-json\/wp\/v2\/categories?post=96986"},{"taxonomy":"post_tag","embeddable":true,"href":"https:\/\/www.europesays.com\/fr\/wp-json\/wp\/v2\/tags?post=96986"}],"curies":[{"name":"wp","href":"https:\/\/api.w.org\/{rel}","templated":true}]}}