{"id":96988,"date":"2025-05-13T14:16:09","date_gmt":"2025-05-13T14:16:09","guid":{"rendered":"https:\/\/www.europesays.com\/fr\/96988\/"},"modified":"2025-05-13T14:16:09","modified_gmt":"2025-05-13T14:16:09","slug":"gastronomie-le-plus-grand-rooftop-de-toulon-ouvrira-bientot-ses-portes-au-sommet-du-lycee-anne-sophie-pic","status":"publish","type":"post","link":"https:\/\/www.europesays.com\/fr\/96988\/","title":{"rendered":"Gastronomie. Le plus grand rooftop de Toulon ouvrira bient\u00f4t ses portes au sommet du lyc\u00e9e Anne-Sophie Pic"},"content":{"rendered":"<p>            Par<br \/>\n        <strong><br \/>\n            <a href=\"https:\/\/actu.fr\/auteur\/valentine-exantus-actu-fr\" title=\"Consulter tous les articles de Valentine Exantus\" rel=\"nofollow noopener\" target=\"_blank\">Valentine Exantus<\/a><br \/>\n        <\/strong><\/p>\n<p>        Publi\u00e9 le<\/p>\n<p>            13 mai 2025 \u00e0 15h56        <\/p>\n<p>Dans la commune de <a href=\"https:\/\/actu.fr\/provence-alpes-cote-d-azur\/toulon_83137\" rel=\"nofollow noopener\" target=\"_blank\">Toulon<\/a> (<a href=\"https:\/\/actu.fr\/provence-alpes-cote-d-azur\/var_83\" rel=\"nofollow noopener\" target=\"_blank\">Var<\/a>), le lyc\u00e9e Anne-Sophie Pic a r\u00e9cemment inaugur\u00e9 son nouveau <strong>restaurant d\u2019application, \u00ab\u2009La Terrasse gourmande\u2009\u00bb<\/strong>, qui ouvrira ses portes au public \u00e0 la rentr\u00e9e prochaine, rapporte <a href=\"https:\/\/www.varmatin.com\/gastronomie\/un-nouveau-rooftop-xxl-va-bientot-ouvrir-a-toulon-985335\" rel=\"nofollow noopener\" target=\"_blank\">Var matin<\/a>.<\/p>\n<p class=\" wall-content\">Situ\u00e9 sur le <strong>rooftop<\/strong>, ce nouvel espace offre une vue panoramique sur les toits de Toulon et le mont Faron.<\/p>\n<p>Un concept innovant<\/p>\n<p class=\" wall-content\">Claire Stervinou, la proviseure de l\u2019\u00e9tablissement, a expliqu\u00e9 \u00e0 nos <a href=\"https:\/\/www.varmatin.com\/gastronomie\/un-nouveau-rooftop-xxl-va-bientot-ouvrir-a-toulon-985335\" rel=\"nofollow noopener\" target=\"_blank\">confr\u00e8res<\/a> que ce restaurant, le quatri\u00e8me du lyc\u00e9e, se distingue des autres\u2009: \u00ab\u2009Le concept est ici diff\u00e9rent. L\u2019ambiance sera plus lounge. Avec de la musique, des planches \u00e0 d\u00e9guster\u2026\u2009\u00bb<\/p>\n<p class=\" wall-content\">Les \u00e9l\u00e8ves en section sommellerie et mixologie auront l\u2019occasion de mettre en pratique leurs comp\u00e9tences en servant des plats et des boissons.<\/p>\n<p class=\" wall-content\">Avec environ 60 places assises, ce rooftop sera officiellement <strong>le plus grand de Toulon<\/strong>, avec un espace de 500 m\u00b2.<\/p>\n<p class=\" wall-content\">L\u2019histoire de cet espace est particuli\u00e8rement int\u00e9ressante. Initialement pr\u00e9vu comme cour de r\u00e9cr\u00e9ation, le rooftop \u00e9tait rest\u00e9 \u00e0 l\u2019abandon pendant longtemps. Cependant, il a \u00e9t\u00e9 revitalis\u00e9 ces derni\u00e8res ann\u00e9es avec l\u2019implantation d\u2019un potager et de plants d\u2019agrumes, que les \u00e9l\u00e8ves utilisent d\u00e9sormais r\u00e9guli\u00e8rement.<\/p>\n<p>Vid\u00e9os : en ce moment sur ActuUn apprentissage en conditions r\u00e9elles<\/p>\n<p class=\" wall-content\">Le restaurant d\u2019application a pour but de pr\u00e9parer les \u00e9l\u00e8ves \u00e0 leur futur m\u00e9tier dans le secteur de la restauration en leur offrant une exp\u00e9rience pratique avec de v\u00e9ritables clients. Une m\u00e9thode d\u2019apprentissage essentielle pour leur formation.<\/p>\n<p class=\" wall-content\">Suivez toute l\u2019actualit\u00e9 de vos villes et m\u00e9dias favoris en vous inscrivant \u00e0 <a href=\"https:\/\/moncompte.actu.fr\" title=\"D\u00e9couvez Mon Actu\" rel=\"nofollow noopener\" data-trk=\"{&quot;cta&quot;:{&quot;action&quot;:&quot;https:\\\/\\\/moncompte.actu.fr&quot;,&quot;category&quot;:&quot;mon compte&quot;,&quot;from&quot;:&quot;article footer&quot;,&quot;name&quot;:&quot;Mon actu&quot;,&quot;type&quot;:&quot;cta&quot;}}\" target=\"_blank\">Mon Actu<\/a>.<\/p>\n","protected":false},"excerpt":{"rendered":"Par Valentine Exantus Publi\u00e9 le 13 mai 2025 \u00e0 15h56 Dans la commune de Toulon (Var), le lyc\u00e9e&hellip;\n","protected":false},"author":2,"featured_media":96989,"comment_status":"","ping_status":"","sticky":false,"template":"","format":"standard","meta":{"footnotes":""},"categories":[9619],"tags":[1111,11,1777,674,1011,27,1661,12,882,25,104,2310],"class_list":{"0":"post-96988","1":"post","2":"type-post","3":"status-publish","4":"format-standard","5":"has-post-thumbnail","7":"category-toulon","8":"tag-actu","9":"tag-actualites","10":"tag-eu","11":"tag-europe","12":"tag-fr","13":"tag-france","14":"tag-gastronomie","15":"tag-news","16":"tag-provence-alpes-cote-dazur","17":"tag-republique-francaise","18":"tag-societe","19":"tag-toulon"},"share_on_mastodon":{"url":"https:\/\/pubeurope.com\/@fr\/114500952626448303","error":""},"_links":{"self":[{"href":"https:\/\/www.europesays.com\/fr\/wp-json\/wp\/v2\/posts\/96988","targetHints":{"allow":["GET"]}}],"collection":[{"href":"https:\/\/www.europesays.com\/fr\/wp-json\/wp\/v2\/posts"}],"about":[{"href":"https:\/\/www.europesays.com\/fr\/wp-json\/wp\/v2\/types\/post"}],"author":[{"embeddable":true,"href":"https:\/\/www.europesays.com\/fr\/wp-json\/wp\/v2\/users\/2"}],"replies":[{"embeddable":true,"href":"https:\/\/www.europesays.com\/fr\/wp-json\/wp\/v2\/comments?post=96988"}],"version-history":[{"count":0,"href":"https:\/\/www.europesays.com\/fr\/wp-json\/wp\/v2\/posts\/96988\/revisions"}],"wp:featuredmedia":[{"embeddable":true,"href":"https:\/\/www.europesays.com\/fr\/wp-json\/wp\/v2\/media\/96989"}],"wp:attachment":[{"href":"https:\/\/www.europesays.com\/fr\/wp-json\/wp\/v2\/media?parent=96988"}],"wp:term":[{"taxonomy":"category","embeddable":true,"href":"https:\/\/www.europesays.com\/fr\/wp-json\/wp\/v2\/categories?post=96988"},{"taxonomy":"post_tag","embeddable":true,"href":"https:\/\/www.europesays.com\/fr\/wp-json\/wp\/v2\/tags?post=96988"}],"curies":[{"name":"wp","href":"https:\/\/api.w.org\/{rel}","templated":true}]}}