{"id":970003,"date":"2026-06-01T05:00:21","date_gmt":"2026-06-01T05:00:21","guid":{"rendered":"https:\/\/www.europesays.com\/fr\/970003\/"},"modified":"2026-06-01T05:00:21","modified_gmt":"2026-06-01T05:00:21","slug":"%f0%9f%94%b4choose-france-revalorisation-du-smic-independance-de-la-fed-lessentiel-de-lactualite-ce-lundi-1er-juin","status":"publish","type":"post","link":"https:\/\/www.europesays.com\/fr\/970003\/","title":{"rendered":"\ud83d\udd34Choose France, revalorisation du Smic, ind\u00e9pendance de la Fed&#8230; L&rsquo;essentiel de l&rsquo;actualit\u00e9 ce lundi 1er juin"},"content":{"rendered":"<p>La Tribune s\u00e9lectionne pour vous les principales informations \u00e9conomiques tout au long de la journ\u00e9e.<\/p>\n<p><strong>Bonjour \u00e0 tous<\/strong>, nous sommes <strong>le lundi 1er juin<\/strong><strong>\u00a02026<\/strong>. Bienvenue dans l&rsquo;Essentiel de La Tribune. <strong>\u00c0 la Une de l&rsquo;actualit\u00e9<\/strong>, la neuvi\u00e8me \u00e9dition du sommet <strong>Choose France<\/strong> d\u00e9bute ce lundi au ch\u00e2teau de Versailles. Pendant ce temps, le <strong>Smic augmente<\/strong> de 2,4 % en juin. Enfin, Jerome Powell a rappel\u00e9 l&rsquo;importance de l&rsquo;ind\u00e9pendance de la <strong>R\u00e9serve f\u00e9d\u00e9rale am\u00e9ricaine<\/strong>. Les d\u00e9tails, ainsi que d&rsquo;autres informations, \u00e0 lire ci-dessous dans notre fil.<\/p>\n<p>\ud83d\udccdDe nouveaux investissements \u00ab\u2009historiques\u2009\u00bb attendus pour le sommet Choose France&#13;\n<\/p>\n<p>La <strong>neuvi\u00e8me \u00e9dition<\/strong> du sommet Choose France d\u00e9di\u00e9 aux investissements \u00e9trangers, qui se tient lundi au ch\u00e2teau de Versailles en pr\u00e9sence d&rsquo;Emmanuel Macron, promet d&rsquo;\u00eatre \u00ab\u2009historique\u2009\u00bb en termes d&rsquo;annonces, selon l&rsquo;\u00c9lys\u00e9e, avec un accent mis notamment sur l&rsquo;IA et les data centers. De nombreux projets seront pr\u00e9sent\u00e9s ou confirm\u00e9s lors de cette grand-messe annuelle, o\u00f9 environ <strong>200 patrons \u00e9trangers<\/strong> sont attendus.<\/p>\n<p>Donnant le ton, de premiers investissements ont commenc\u00e9 \u00e0 \u00eatre annonc\u00e9s pendant le week-end. Le g\u00e9ant japonais du secteur des technologies SoftBank a ainsi d\u00e9voil\u00e9 un projet\u00a0colossal de data centers dans les Hauts-de-France repr\u00e9sentant <strong>45 milliards d&rsquo;euros d&rsquo;ici \u00e0 2031<\/strong>, et 75 milliards d&rsquo;euros \u00e0 terme, \u00ab\u2009un montant in\u00e9dit dans l&rsquo;histoire des investissements d&rsquo;une entreprise en France\u2009\u00bb, selon l&rsquo;Elys\u00e9e.<\/p>\n<p>\ud83d\udccdLe Smic augmente de 2,4 % pour suivre l&rsquo;inflation&#13;\n<\/p>\n<p>Environ 35 euros net de plus par mois pour un salari\u00e9 pay\u00e9 au Smic : le salaire minimum augmente lundi de <strong>2,41 %<\/strong>, pour suivre l&rsquo;inflation repartie \u00e0 la hausse en raison de la guerre au Moyen-Orient, une augmentation qui n&rsquo;est pas assortie d&rsquo;un coup de pouce du gouvernement.<\/p>\n<p>NewsletterL\u2019Alerte La Tribune<\/p>\n<p class=\"text-2xl mb-8\">Alertes en temps r\u00e9el sur les informations \u00e9conomiques majeures.<\/p>\n<p>S&rsquo;inscrireS&rsquo;inscrireS&rsquo;inscrire<img alt=\"Illustration de la newsletter L\u2019Alerte La Tribune\" loading=\"lazy\" decoding=\"async\" data-nimg=\"fill\" class=\"relative! rounded-xl\" style=\"position:absolute;height:100%;width:100%;left:0;top:0;right:0;bottom:0;object-fit:cover;color:transparent\"   src=\"https:\/\/www.europesays.com\/fr\/wp-content\/uploads\/2026\/04\/alerte.png\"\/><\/p>\n<p>Revaloris\u00e9 chaque 1\u1d49\u02b3 janvier en fonction, notamment, de l&rsquo;inflation hors tabac constat\u00e9e pour les<strong> 20 % de m\u00e9nages les plus pauvres<\/strong>, le Smic est \u00e9galement augment\u00e9 automatiquement en cours d&rsquo;ann\u00e9e si l&rsquo;inflation d\u00e9passe 2 %.<\/p>\n<p>\ud83d\udccdNvidia va lancer ses propres processeurs pour ordinateurs portables Windows&#13;\n<\/p>\n<p>Nvidia vient de d\u00e9voiler un nouveau <strong>processeur pour ordinateurs portables<\/strong> fonctionnant sous Windows, con\u00e7u pour <strong>briser l&rsquo;h\u00e9g\u00e9monie de la technologie d&rsquo;Intel<\/strong> dans ce domaine et moderniser les appareils \u00e0 l&rsquo;\u00e8re de l&rsquo;intelligence artificielle (IA). \u00ab\u2009Microsoft et Nvidia vont r\u00e9inventer le PC, ce sera le nouveau PC\u2009\u00bb, a d\u00e9clar\u00e9 Jensen Huang, le directeur g\u00e9n\u00e9ral de Nvidia, \u00e0 l&rsquo;annonce du prochain lancement du \u00ab\u2009RTX Spark\u2009\u00bb lors du salon Computex \u00e0 Taipei.<\/p>\n<p>\ud83d\udccdL&rsquo;ex-pr\u00e9sident de la Fed Jerome Powell d\u00e9fend l&rsquo;ind\u00e9pendance de la banque centrale am\u00e9ricaine&#13;\n<\/p>\n<p>Le pr\u00e9sident sortant de la banque centrale am\u00e9ricaine (Fed), Jerome Powell, a d\u00e9fendu avec force dimanche l&rsquo;ind\u00e9pendance et la cr\u00e9dibilit\u00e9 de l&rsquo;institution, cible des pressions de <strong>Donald Trump<\/strong> pour <strong>baisser les taux d&rsquo;int\u00e9r\u00eat<\/strong>.<\/p>\n<p>\u00ab\u2009Si un gouvernement trouve un moyen de r\u00e9voquer des responsables de la Fed pour des d\u00e9saccords de politique (mon\u00e9taire), alors les futurs gouvernements le feront aussi\u2009\u00bb, a-t-il averti, dans une allusion \u00e0 peine voil\u00e9e aux tensions avec l&rsquo;administration Trump. \u00ab\u2009Le <strong>public perdrait foi <\/strong>dans le fait que la banque centrale prend ses d\u00e9cisions en fonction du seul int\u00e9r\u00eat de tous les Am\u00e9ricains\u2009\u00bb, a ajout\u00e9 Jerome Powell, qui vient de c\u00e9der les r\u00eanes de l&rsquo;institution \u00e0 Kevin Warsh, plus proche de la Maison Blanche.<\/p>\n<p>\ud83d\udccd \u00cele-de-France : plus d&rsquo;un million de personnes expos\u00e9es au risque de crue majeure&#13;\n<\/p>\n<p>Plus d&rsquo;un million de Franciliens, soit plus de <strong>8 %<\/strong> de la population d&rsquo;\u00cele-de-France, vivent dans des zones directement menac\u00e9es par une crue majeure comme celle de la Seine en 1910, selon une \u00e9tude de l\u2019Institut Paris Region (IPR) parue lundi.<\/p>\n<p>Pr\u00e8s de <strong>555 000 logements de la r\u00e9gion<\/strong>, tr\u00e8s majoritairement collectifs, sont expos\u00e9s aux risques d&rsquo;inondations par d\u00e9bordement, essentiellement le long de la Seine et de la Marne, dont les crues se caract\u00e9risent par une lente mont\u00e9e des eaux.<\/p>\n<p>(Veille r\u00e9alis\u00e9e avec AFP et Reuters)<\/p>\n","protected":false},"excerpt":{"rendered":"La Tribune s\u00e9lectionne pour vous les principales informations \u00e9conomiques tout au long de la journ\u00e9e. Bonjour \u00e0 tous,&hellip;\n","protected":false},"author":2,"featured_media":970004,"comment_status":"","ping_status":"","sticky":false,"template":"","format":"standard","meta":{"footnotes":"","_share_on_mastodon":"0"},"categories":[1592],"tags":[15467,5734,1111,11,33,1777,674,7512,1011,27,662,36464,3687,15468,18158,9865,12,626,25,97783,37358,102282],"class_list":["post-970003","post","type-post","status-publish","format-standard","has-post-thumbnail","category-ile-de-france","tag-1er","tag-5734","tag-actu","tag-actualites","tag-economie","tag-eu","tag-europe","tag-fed","tag-fr","tag-france","tag-ile-de-france","tag-independance","tag-juin","tag-lessentiel","tag-lactualite","tag-lundi","tag-news","tag-paris","tag-republique-francaise","tag-revalorisation","tag-smic","tag-choose"],"share_on_mastodon":{"url":"https:\/\/pubeurope.com\/@fr\/116673094851310243","error":""},"_links":{"self":[{"href":"https:\/\/www.europesays.com\/fr\/wp-json\/wp\/v2\/posts\/970003","targetHints":{"allow":["GET"]}}],"collection":[{"href":"https:\/\/www.europesays.com\/fr\/wp-json\/wp\/v2\/posts"}],"about":[{"href":"https:\/\/www.europesays.com\/fr\/wp-json\/wp\/v2\/types\/post"}],"author":[{"embeddable":true,"href":"https:\/\/www.europesays.com\/fr\/wp-json\/wp\/v2\/users\/2"}],"replies":[{"embeddable":true,"href":"https:\/\/www.europesays.com\/fr\/wp-json\/wp\/v2\/comments?post=970003"}],"version-history":[{"count":0,"href":"https:\/\/www.europesays.com\/fr\/wp-json\/wp\/v2\/posts\/970003\/revisions"}],"wp:featuredmedia":[{"embeddable":true,"href":"https:\/\/www.europesays.com\/fr\/wp-json\/wp\/v2\/media\/970004"}],"wp:attachment":[{"href":"https:\/\/www.europesays.com\/fr\/wp-json\/wp\/v2\/media?parent=970003"}],"wp:term":[{"taxonomy":"category","embeddable":true,"href":"https:\/\/www.europesays.com\/fr\/wp-json\/wp\/v2\/categories?post=970003"},{"taxonomy":"post_tag","embeddable":true,"href":"https:\/\/www.europesays.com\/fr\/wp-json\/wp\/v2\/tags?post=970003"}],"curies":[{"name":"wp","href":"https:\/\/api.w.org\/{rel}","templated":true}]}}