{"id":970009,"date":"2026-06-01T05:03:10","date_gmt":"2026-06-01T05:03:10","guid":{"rendered":"https:\/\/www.europesays.com\/fr\/970009\/"},"modified":"2026-06-01T05:03:10","modified_gmt":"2026-06-01T05:03:10","slug":"meteo-quel-temps-est-il-prevu-a-vitry-sur-seine-et-ses-environs-le-lundi-1-juin-2026","status":"publish","type":"post","link":"https:\/\/www.europesays.com\/fr\/970009\/","title":{"rendered":"M\u00e9t\u00e9o. Quel temps est-il pr\u00e9vu \u00e0 Vitry-sur-Seine et ses environs le lundi 1 juin 2026 ?"},"content":{"rendered":"<p>La matin\u00e9e du lundi 1er juin 2026 se d\u00e9roulera sous un voile de nuages \u00e9lev\u00e9s continu, avec une humidit\u00e9 marqu\u00e9e mais en lente diminution au fil des heures. La temp\u00e9rature, encore douce en d\u00e9but de journ\u00e9e autour de 14 \u00e0 15 \u00b0C, progressera r\u00e9guli\u00e8rement pour atteindre environ 20 \u00b0C en fin de matin\u00e9e. Le vent restera faible, proche de 5 km\/h, d\u2019abord de secteur Ouest puis s\u2019orientant vers l\u2019Ouest-Nord-Ouest avant de venir de l\u2019Ouest-Sud-Ouest.<\/p>\n<p>L\u2019apr\u00e8s-midi du lundi 1er juin 2026 prolongera cette tendance au temps sec, avec une hausse progressive des temp\u00e9ratures, passant d\u2019un peu plus de 20 \u00b0C en d\u00e9but de p\u00e9riode \u00e0 environ 26 \u00b0C en fin d\u2019apr\u00e8s-midi. Le vent restera faible \u00e0 mod\u00e9r\u00e9, venant d\u2019abord du Sud-Ouest autour de 5 km\/h avec des rafales pouvant atteindre 20 km\/h, puis se renforcera l\u00e9g\u00e8rement \u00e0 10 km\/h, avec des rafales proches de 25 km\/h, tout en gardant une composante Sud-Sud-Ouest dominante. Les nuages \u00e9lev\u00e9s resteront souvent pr\u00e9sents, avec une br\u00e8ve p\u00e9riode plus d\u00e9gag\u00e9e en milieu d\u2019apr\u00e8s-midi, tandis que l\u2019humidit\u00e9 diminuera progressivement.<\/p>\n<p>En soir\u00e9e, la masse d\u2019air restera chaude, avec des temp\u00e9ratures proches de 26 \u00b0C en d\u00e9but de p\u00e9riode, puis en baisse progressive vers 24 \u00b0C en fin de soir\u00e9e. Le ciel, d\u2019abord partiellement d\u00e9gag\u00e9, se chargera pour adopter un voile nuageux continu qui mettra fin aux \u00e9claircies de l\u2019apr\u00e8s-midi. Le vent soufflera du Sud-Ouest autour de 10 km\/h, avec des rafales jusqu\u2019\u00e0 20 km\/h, avant de faiblir vers 5 km\/h et de s\u2019orienter au Sud-Sud-Ouest. L\u2019humidit\u00e9 restera mod\u00e9r\u00e9e, n\u2019augmentant que l\u00e9g\u00e8rement.<\/p>\n<p>Durant la nuit de mardi, les conditions deviendront plus lourdes, avec une temp\u00e9rature stable autour de 23 \u00b0C en d\u00e9but de p\u00e9riode avant une baisse progressive vers 21 \u00b0C \u00e0 l\u2019approche de l\u2019aube. Le vent sera faible, proche de 5 km\/h avec des rafales \u00e0 10 km\/h, puis se renforcera jusqu\u2019\u00e0 10 km\/h, avec des rafales atteignant 25 km\/h en fin de nuit. Il s\u2019orientera d\u2019abord au Sud, puis au Sud-Sud-Est, avant de basculer vers le Sud-Ouest puis l\u2019Ouest-Sud-Ouest. Le ciel, d\u2019abord voil\u00e9, deviendra couvert puis tr\u00e8s nuageux, tandis que l\u2019humidit\u00e9 augmentera r\u00e9guli\u00e8rement.<\/p>\n<p>Demain, mardi, dans le prolongement de cette nuit plus humide, la matin\u00e9e s\u2019ouvrira sous un ciel uniform\u00e9ment couvert avec des temp\u00e9ratures voisines de 20 \u00b0C. Le vent soufflera d\u2019abord depuis le Sud-Ouest \u00e0 10 km\/h, avec des rafales jusqu\u2019\u00e0 25 \u00e0 30 km\/h, avant de se renforcer \u00e0 20 km\/h vers la fin de la matin\u00e9e. En milieu de journ\u00e9e, une bruine soutenue s\u2019installera, le vent basculera vers l\u2019Ouest-Sud-Ouest puis se maintiendra \u00e0 25 km\/h. En fin d\u2019apr\u00e8s-midi, la pluie deviendra faible, le ciel se d\u00e9gagera partiellement et le vent tournera \u00e0 l\u2019Ouest en atteignant 30 km\/h avec des rafales \u00e0 35 km\/h.<\/p>\n<p><a href=\"https:\/\/www.ouest-france.fr\/meteo\/ile-de-france\/vitry-sur-seine-94400\/\" rel=\"nofollow noopener\" target=\"_blank\">Suivez la m\u00e9t\u00e9o de votre commune en temps r\u00e9el<\/a><\/p>\n<p>Ouest-France vous donne \u00e9galement la possibilit\u00e9 de conna\u00eetre la m\u00e9t\u00e9o de votre commune, heure par heure, sur notre page m\u00e9t\u00e9o d\u00e9di\u00e9e<\/p>\n","protected":false},"excerpt":{"rendered":"La matin\u00e9e du lundi 1er juin 2026 se d\u00e9roulera sous un voile de nuages \u00e9lev\u00e9s continu, avec une&hellip;\n","protected":false},"author":2,"featured_media":863833,"comment_status":"","ping_status":"","sticky":false,"template":"","format":"standard","meta":{"footnotes":"","_share_on_mastodon":"0"},"categories":[1888],"tags":[11,24583,50925,1777,674,1011,27,90557,24588,12,16483,626,25,90558,12654],"class_list":["post-970009","post","type-post","status-publish","format-standard","has-post-thumbnail","category-paris","tag-actualites","tag-alfortville","tag-choisy-le-roi","tag-eu","tag-europe","tag-fr","tag-france","tag-lhay-les-roses","tag-maisons-alfort","tag-news","tag-orly","tag-paris","tag-republique-francaise","tag-thiais","tag-vitry-sur-seine"],"share_on_mastodon":{"url":"https:\/\/pubeurope.com\/@fr\/116673105592759017","error":""},"_links":{"self":[{"href":"https:\/\/www.europesays.com\/fr\/wp-json\/wp\/v2\/posts\/970009","targetHints":{"allow":["GET"]}}],"collection":[{"href":"https:\/\/www.europesays.com\/fr\/wp-json\/wp\/v2\/posts"}],"about":[{"href":"https:\/\/www.europesays.com\/fr\/wp-json\/wp\/v2\/types\/post"}],"author":[{"embeddable":true,"href":"https:\/\/www.europesays.com\/fr\/wp-json\/wp\/v2\/users\/2"}],"replies":[{"embeddable":true,"href":"https:\/\/www.europesays.com\/fr\/wp-json\/wp\/v2\/comments?post=970009"}],"version-history":[{"count":0,"href":"https:\/\/www.europesays.com\/fr\/wp-json\/wp\/v2\/posts\/970009\/revisions"}],"wp:featuredmedia":[{"embeddable":true,"href":"https:\/\/www.europesays.com\/fr\/wp-json\/wp\/v2\/media\/863833"}],"wp:attachment":[{"href":"https:\/\/www.europesays.com\/fr\/wp-json\/wp\/v2\/media?parent=970009"}],"wp:term":[{"taxonomy":"category","embeddable":true,"href":"https:\/\/www.europesays.com\/fr\/wp-json\/wp\/v2\/categories?post=970009"},{"taxonomy":"post_tag","embeddable":true,"href":"https:\/\/www.europesays.com\/fr\/wp-json\/wp\/v2\/tags?post=970009"}],"curies":[{"name":"wp","href":"https:\/\/api.w.org\/{rel}","templated":true}]}}