{"id":970088,"date":"2026-06-01T05:56:27","date_gmt":"2026-06-01T05:56:27","guid":{"rendered":"https:\/\/www.europesays.com\/fr\/970088\/"},"modified":"2026-06-01T05:56:27","modified_gmt":"2026-06-01T05:56:27","slug":"thorigne-fouillard-les-jardiniers-ensemble-sous-lombrage-des-jardins-familiaux","status":"publish","type":"post","link":"https:\/\/www.europesays.com\/fr\/970088\/","title":{"rendered":"Thorign\u00e9-Fouillard. Les jardiniers ensemble sous l\u2019ombrage des jardins familiaux"},"content":{"rendered":"<p>Samedi midi, plus de trente jardiniers des jardins familiaux se sont retrouv\u00e9s aux jardins du Tertre Rouge pour une apr\u00e8s-midi au milieu des jardins, profitant de l\u2019ombrage d\u2019une haie bocag\u00e8re.<\/p>\n<p>L\u2019association perp\u00e9tue cette journ\u00e9e o\u00f9 les jardiniers peuvent se rencontrer et \u00e9changer dans cette zone verte, dans la ville, au milieu des\u00a0jardins.<\/p>\n<p>\u00a0Les jardins familiaux assurent la gestion des 34\u00a0jardins\u00a0(26\u00a0parcelles du Tertre Rouge et les huit\u00a0des Romarins) auxquelles s\u2019ajoutent onze\u00a0jardins \u00e0 la No\u00eb et cinq d\u2019utilisation pr\u00e9caire sur la route nationale, liste Jo\u00ebl Hamon, le pr\u00e9sident. Une parcelle est disponible au Romarins\u00a0. De nouvelles parcelles seront cr\u00e9\u00e9es d\u2019ici quelques mois sur un nouveau site Au Juteauderie et elles seront disponibles vers la fin de l\u2019ann\u00e9e.<\/p>\n<p>Contact\u00a0: lesjardinsfamiliaux.thorigne@gmail.com ou au t\u00e9l. 06\u00a007\u00a039\u00a058\u00a055.<\/p>\n<p>\u00a0<\/p>\n","protected":false},"excerpt":{"rendered":"Samedi midi, plus de trente jardiniers des jardins familiaux se sont retrouv\u00e9s aux jardins du Tertre Rouge pour&hellip;\n","protected":false},"author":2,"featured_media":970089,"comment_status":"","ping_status":"","sticky":false,"template":"","format":"standard","meta":{"footnotes":"","_share_on_mastodon":"0"},"categories":[2821],"tags":[1111,11,829,9487,1777,674,14339,1011,27,102287,18621,12,102288,584,25,4182],"class_list":["post-970088","post","type-post","status-publish","format-standard","has-post-thumbnail","category-rennes","tag-actu","tag-actualites","tag-bretagne","tag-ensemble","tag-eu","tag-europe","tag-familiaux","tag-fr","tag-france","tag-jardiniers","tag-jardins","tag-news","tag-ombrage","tag-rennes","tag-republique-francaise","tag-thorigne-fouillard"],"share_on_mastodon":{"url":"https:\/\/pubeurope.com\/@fr\/116673313929964696","error":""},"_links":{"self":[{"href":"https:\/\/www.europesays.com\/fr\/wp-json\/wp\/v2\/posts\/970088","targetHints":{"allow":["GET"]}}],"collection":[{"href":"https:\/\/www.europesays.com\/fr\/wp-json\/wp\/v2\/posts"}],"about":[{"href":"https:\/\/www.europesays.com\/fr\/wp-json\/wp\/v2\/types\/post"}],"author":[{"embeddable":true,"href":"https:\/\/www.europesays.com\/fr\/wp-json\/wp\/v2\/users\/2"}],"replies":[{"embeddable":true,"href":"https:\/\/www.europesays.com\/fr\/wp-json\/wp\/v2\/comments?post=970088"}],"version-history":[{"count":0,"href":"https:\/\/www.europesays.com\/fr\/wp-json\/wp\/v2\/posts\/970088\/revisions"}],"wp:featuredmedia":[{"embeddable":true,"href":"https:\/\/www.europesays.com\/fr\/wp-json\/wp\/v2\/media\/970089"}],"wp:attachment":[{"href":"https:\/\/www.europesays.com\/fr\/wp-json\/wp\/v2\/media?parent=970088"}],"wp:term":[{"taxonomy":"category","embeddable":true,"href":"https:\/\/www.europesays.com\/fr\/wp-json\/wp\/v2\/categories?post=970088"},{"taxonomy":"post_tag","embeddable":true,"href":"https:\/\/www.europesays.com\/fr\/wp-json\/wp\/v2\/tags?post=970088"}],"curies":[{"name":"wp","href":"https:\/\/api.w.org\/{rel}","templated":true}]}}