{"id":97011,"date":"2025-05-13T14:29:12","date_gmt":"2025-05-13T14:29:12","guid":{"rendered":"https:\/\/www.europesays.com\/fr\/97011\/"},"modified":"2025-05-13T14:29:12","modified_gmt":"2025-05-13T14:29:12","slug":"le-train-en-illimite-cet-ete-pour-les-moins-de-26-ans-pendant-un-mois","status":"publish","type":"post","link":"https:\/\/www.europesays.com\/fr\/97011\/","title":{"rendered":"Le train en illimit\u00e9 cet \u00e9t\u00e9 pour les moins de 26\u00a0ans pendant un mois"},"content":{"rendered":"<p>L\u2019offre exclusive se veut \u00a0moins ch\u00e8re qu\u2019un aller-retour Nantes\/Pornic\u00a0. La SNCF et les Pays de la Loire relancent le pass Jeune Al\u00e9op en TER de juin \u00e0 ao\u00fbt. Pour 25\u00a0\u20ac, les moins de 26\u00a0ans peuvent voyager en train sans limite pendant un mois. Soit un peu plus d\u20191\u00a0\u20ac de moins que le tarif normal pour un Nantes-Pornic et environ 15\u00a0\u20ac de moins entre Le Mans et Angers.<\/p>\n<p><strong>\u00c0 LIRE AUSSI\u00a0:<\/strong> <br \/><a href=\"https:\/\/nantes.maville.com\/actu\/actudet_-le-trafic-ferroviaire-explose-en-pays-de-la-loire-la-sncf-adapte-son-reseau-_8-6686302_actu.Htm\" target=\"_self\" rel=\"noopener\">Le trafic ferroviaire explose en Pays de la Loire, la SNCF adapte son r\u00e9seau<\/a><\/p>\n<p><a href=\"https:\/\/saint-nazaire.maville.com\/actu\/actudet_-une-gare-sncf-a-louer-pres-de-nantes-toutes-activites-envisageables-sous-reserve-de-validation-_54028-6693481_actu.Htm\" target=\"_self\" rel=\"noopener\">Une gare SNCF \u00e0 louer pr\u00e8s de Nantes\u00a0: \u00ab\u00a0Toutes activit\u00e9s envisageables sous r\u00e9serve de validation\u00a0\u00bb<\/a><\/p>\n<p>Disponible le 15\u00a0mai<\/p>\n<p>Le pass sera disponible \u00e0 partir du 15\u00a0mai 2025. Il faudra se rendre sur le site des TER des Pays de la Loire (<a href=\"https:\/\/www.ter.sncf.com\/pays-de-la-loire\" target=\"_self\" rel=\"noopener\">ter.sncf.com\/pays-de-la-loire<\/a>) pour le t\u00e9l\u00e9charger \u00a0en deux clics\u00a0. Il sera possible de profiter de l\u2019offre dans les distributeurs de billets r\u00e9gionaux et les guichets de gares des Pays de la Loire. Des commer\u00e7ants et des agences de voyages partenaires proposent aussi l\u2019offre.<\/p>\n<p>\u00a0<\/p>\n","protected":false},"excerpt":{"rendered":"L\u2019offre exclusive se veut \u00a0moins ch\u00e8re qu\u2019un aller-retour Nantes\/Pornic\u00a0. La SNCF et les Pays de la Loire relancent&hellip;\n","protected":false},"author":2,"featured_media":97012,"comment_status":"","ping_status":"","sticky":false,"template":"","format":"standard","meta":{"footnotes":""},"categories":[2818],"tags":[3269,1111,11,1764,2883,1777,674,1011,27,21054,2561,766,12,2636,25,926],"class_list":{"0":"post-97011","1":"post","2":"type-post","3":"status-publish","4":"format-standard","5":"has-post-thumbnail","7":"category-nantes","8":"tag-3269","9":"tag-actu","10":"tag-actualites","11":"tag-ans","12":"tag-ete","13":"tag-eu","14":"tag-europe","15":"tag-fr","16":"tag-france","17":"tag-illimite","18":"tag-mois","19":"tag-nantes","20":"tag-news","21":"tag-pays-de-la-loire","22":"tag-republique-francaise","23":"tag-train"},"share_on_mastodon":{"url":"https:\/\/pubeurope.com\/@fr\/114501003885225931","error":""},"_links":{"self":[{"href":"https:\/\/www.europesays.com\/fr\/wp-json\/wp\/v2\/posts\/97011","targetHints":{"allow":["GET"]}}],"collection":[{"href":"https:\/\/www.europesays.com\/fr\/wp-json\/wp\/v2\/posts"}],"about":[{"href":"https:\/\/www.europesays.com\/fr\/wp-json\/wp\/v2\/types\/post"}],"author":[{"embeddable":true,"href":"https:\/\/www.europesays.com\/fr\/wp-json\/wp\/v2\/users\/2"}],"replies":[{"embeddable":true,"href":"https:\/\/www.europesays.com\/fr\/wp-json\/wp\/v2\/comments?post=97011"}],"version-history":[{"count":0,"href":"https:\/\/www.europesays.com\/fr\/wp-json\/wp\/v2\/posts\/97011\/revisions"}],"wp:featuredmedia":[{"embeddable":true,"href":"https:\/\/www.europesays.com\/fr\/wp-json\/wp\/v2\/media\/97012"}],"wp:attachment":[{"href":"https:\/\/www.europesays.com\/fr\/wp-json\/wp\/v2\/media?parent=97011"}],"wp:term":[{"taxonomy":"category","embeddable":true,"href":"https:\/\/www.europesays.com\/fr\/wp-json\/wp\/v2\/categories?post=97011"},{"taxonomy":"post_tag","embeddable":true,"href":"https:\/\/www.europesays.com\/fr\/wp-json\/wp\/v2\/tags?post=97011"}],"curies":[{"name":"wp","href":"https:\/\/api.w.org\/{rel}","templated":true}]}}