{"id":970218,"date":"2026-06-01T07:16:19","date_gmt":"2026-06-01T07:16:19","guid":{"rendered":"https:\/\/www.europesays.com\/fr\/970218\/"},"modified":"2026-06-01T07:16:19","modified_gmt":"2026-06-01T07:16:19","slug":"ca-recompense-deja-notre-travail-pierre-leleu-en-finale-pour-devenir-meilleur","status":"publish","type":"post","link":"https:\/\/www.europesays.com\/fr\/970218\/","title":{"rendered":"\u00ab\u00a0\u00c7a r\u00e9compense d\u00e9j\u00e0 notre travail\u00a0\u00bb\u00a0: Pierre Leleu, en finale pour devenir meilleur"},"content":{"rendered":"<p>Pour faire partie des quarante\u00a0cavistes s\u00e9lectionn\u00e9s pour la finale du <a href=\"https:\/\/www.meilleurcavistedefrance.fr\/\" rel=\"nofollow noopener\" target=\"_blank\">Meilleur caviste de France<\/a>, Pierre Leleu a d\u00fb r\u00e9pondre \u00e0 des questions de connaissances \u00e0 l\u2019oral et \u00e0 l\u2019\u00e9crit mais \u00e9galement participer \u00e0 des d\u00e9gustations \u00e0 l\u2019aveugle et \u00e0 des mises en situation. Cette comp\u00e9tition biennale organis\u00e9e depuis plus de dix ans par le Syndicat des cavistes professionnels est devenue, selon le Gault et Millau, une \u00ab<strong>\u00a0r\u00e9f\u00e9rence incontournable de la profession<\/strong>\u00a0\u00bb. Pour les cavistes locaux, cette premi\u00e8re s\u00e9lection<strong> \u00ab\u00a0r\u00e9compense <\/strong>[d\u00e9j\u00e0<strong>] notre travail autour du conseil, de la s\u00e9lection des vins et de la mise en avant des producteurs aupr\u00e8s de notre client\u00e8le locale\u00a0<\/strong>\u00bb, consid\u00e8re Delphine Boursier, son associ\u00e9e.<\/p>\n<p>Pierre Leleu, originaire du nord de la France, a obtenu son brevet de technicien sup\u00e9rieur h\u00f4telier au Touquet. Un dipl\u00f4me qu\u2019il compl\u00e8te en 2018 et 2019 par deux mentions en sommellerie, dont une \u00e0 dimension internationale. Il sillonne ensuite la France \u2013 \u00ab\u00a0<strong>en<\/strong>\u00a0 <strong>Alsace, en vall\u00e9e du Rh\u00f4ne, en Savoie\u2026<\/strong> \u00a0\u00bb \u2013 et aff\u00fbte son palais et ses conseils, en restauration \u00e9toil\u00e9e principalement. En 2024, avec Delphine Boursier, originaire de La Chevroli\u00e8re, il s\u2019installe \u00e0 Saint-Philbert-de-Grand-Lieu et lance un concept \u00ab\u00a0<strong>de cave \u00e0 manger<\/strong>\u00a0\u00bb, \u00e0 mi-chemin entre la cave, l\u2019\u00e9picerie fine, le bar et le restaurant.<\/p>\n<p>Finale en octobre<\/p>\n<p>Dans cet espace d\u00e9cor\u00e9 avec go\u00fbt, situ\u00e9 avenue de Nantes, Pierre Leleu prend \u00ab<strong>\u00a0plaisir \u00e0 conseiller <\/strong> <strong>et retranscrire les moments partag\u00e9s chez les vignerons et l\u2019\u00e9motion ressentie avec chaque vin, afin de partager et transmettre le savoir-faire des vignerons et des brasseurs<\/strong>\u00a0\u00bb. Il attache aussi beaucoup d\u2019importance \u00ab\u00a0<strong>\u00e0 la personnalisation, afin d\u2019\u00eatre au plus proche des envies des clients et de contribuer \u00e0 des moments importants de leur vie\u00a0(mariage, annonce de naissance, anniversaire, moments de f\u00eate, comme les plaisirs simples du quotidien)<\/strong>\u00a0\u00bb.<\/p>\n<p>\u00c0 l\u2019heure du d\u00e9jeuner, l\u2019heure du th\u00e9, de l\u2019ap\u00e9ro ou du d\u00eener, l\u2019accueil se fait en continu, du mercredi au samedi ainsi que le dimanche matin. Chaque mois, avec leur salari\u00e9, ils proposent des soir\u00e9es d\u00e9gustations ainsi que des brunchs.<\/p>\n<p>En octobre, le sommelier de 28\u00a0ans tentera donc de d\u00e9crocher le prix du meilleur caviste de France, \u00e9chelon or, argent ou bronze, voire celui du \u00ab<strong>\u00a0meilleur jeune caviste de France, troph\u00e9e champagne \u00e9ducation<\/strong>\u00a0\u00bb.<\/p>\n<p>La Maison liquide, 28\u00a0bis, avenue de Nantes, \u00e0 Saint-Philbert-de-Grand-Lieu. Ouvert mercredi et jeudi, de 10\u00a0h \u00e0 22\u00a0h, vendredi et samedi, de 10\u00a0h \u00e0 23\u00a0h et dimanche, de 10\u00a0h \u00e0 13\u00a0h. Contact\u00a0: 06\u00a082\u00a076\u00a006\u00a029, <a href=\"https:\/\/www.maison-liquide.fr\/\" rel=\"nofollow noopener\" target=\"_blank\">maison-liquide.fr<\/a><\/p>\n<p>\u00a0<\/p>\n","protected":false},"excerpt":{"rendered":"Pour faire partie des quarante\u00a0cavistes s\u00e9lectionn\u00e9s pour la finale du Meilleur caviste de France, Pierre Leleu a d\u00fb&hellip;\n","protected":false},"author":2,"featured_media":970219,"comment_status":"","ping_status":"","sticky":false,"template":"","format":"standard","meta":{"footnotes":"","_share_on_mastodon":"0"},"categories":[2818],"tags":[1111,11,21584,1442,8300,1777,674,2396,1011,27,102302,14954,766,12,2636,11850,5593,25,3847],"class_list":["post-970218","post","type-post","status-publish","format-standard","has-post-thumbnail","category-nantes","tag-actu","tag-actualites","tag-caviste","tag-deja","tag-devenir","tag-eu","tag-europe","tag-finale","tag-fr","tag-france","tag-leleu","tag-meilleur","tag-nantes","tag-news","tag-pays-de-la-loire","tag-pierre","tag-recompense","tag-republique-francaise","tag-travail"],"share_on_mastodon":{"url":"","error":""},"_links":{"self":[{"href":"https:\/\/www.europesays.com\/fr\/wp-json\/wp\/v2\/posts\/970218","targetHints":{"allow":["GET"]}}],"collection":[{"href":"https:\/\/www.europesays.com\/fr\/wp-json\/wp\/v2\/posts"}],"about":[{"href":"https:\/\/www.europesays.com\/fr\/wp-json\/wp\/v2\/types\/post"}],"author":[{"embeddable":true,"href":"https:\/\/www.europesays.com\/fr\/wp-json\/wp\/v2\/users\/2"}],"replies":[{"embeddable":true,"href":"https:\/\/www.europesays.com\/fr\/wp-json\/wp\/v2\/comments?post=970218"}],"version-history":[{"count":0,"href":"https:\/\/www.europesays.com\/fr\/wp-json\/wp\/v2\/posts\/970218\/revisions"}],"wp:featuredmedia":[{"embeddable":true,"href":"https:\/\/www.europesays.com\/fr\/wp-json\/wp\/v2\/media\/970219"}],"wp:attachment":[{"href":"https:\/\/www.europesays.com\/fr\/wp-json\/wp\/v2\/media?parent=970218"}],"wp:term":[{"taxonomy":"category","embeddable":true,"href":"https:\/\/www.europesays.com\/fr\/wp-json\/wp\/v2\/categories?post=970218"},{"taxonomy":"post_tag","embeddable":true,"href":"https:\/\/www.europesays.com\/fr\/wp-json\/wp\/v2\/tags?post=970218"}],"curies":[{"name":"wp","href":"https:\/\/api.w.org\/{rel}","templated":true}]}}