{"id":970596,"date":"2026-06-01T11:10:19","date_gmt":"2026-06-01T11:10:19","guid":{"rendered":"https:\/\/www.europesays.com\/fr\/970596\/"},"modified":"2026-06-01T11:10:19","modified_gmt":"2026-06-01T11:10:19","slug":"risque-de-crue-majeure-a-paris-plus-dun-million-de-personnes-exposees-et-550-000-logements-vulnerables-selon-une-etude","status":"publish","type":"post","link":"https:\/\/www.europesays.com\/fr\/970596\/","title":{"rendered":"Risque de crue majeure \u00e0 Paris : plus d&rsquo;un million de personnes expos\u00e9es et 550.000 logements vuln\u00e9rables, selon une \u00e9tude"},"content":{"rendered":"<p class=\"dm_article-chapeau\">Plus d\u2019un million de Franciliens vivent aujourd\u2019hui dans des zones directement expos\u00e9es \u00e0 une crue majeure, selon une \u00e9tude publi\u00e9e ce lundi. En cas d\u2019\u00e9pisode comparable \u00e0 celui de la grande crue de la Seine de 1910, plus de 550.000 logements pourraient \u00eatre touch\u00e9s.<\/p>\n<p>Attention aux inondations. Selon une <a href=\"https:\/\/www.institutparisregion.fr\/nos-travaux\/publications\/populations-et-logements-face-aux-crues-en-ile-de-france\/\" target=\"_blank\" rel=\"nofollow noopener\">\u00e9tude de l\u2019institution de Paris Region (IPR)<\/a> publi\u00e9e ce lundi 1er juin, plus d\u2019un million d\u2019habitants de la r\u00e9gion francilienne, soit plus de 8% de la population, r\u00e9sident dans des secteurs menac\u00e9s par une <a href=\"https:\/\/www.cnews.fr\/crues-0\" target=\"_blank\" rel=\"nofollow noopener\">crue<\/a> majeure de la Seine ou de la Marne.\u00a0Au total, pr\u00e8s de 555.000 logements et 540 communes sont expos\u00e9s au risque d\u2019inondation par d\u00e9bordement, principalement le long des deux principaux cours d\u2019eau de la r\u00e9gion.<\/p>\n<p>Si les crues centennales, dont le risque d\u2019apparition est de 1 sur 100 chaque ann\u00e9e, restent rares et difficiles \u00e0 anticiper, ces derni\u00e8res, caract\u00e9ris\u00e9es par une mont\u00e9e progressive des eaux, laissent n\u00e9anmoins \u00able temps de suivre leur mont\u00e9e et de pr\u00e9venir d&rsquo;importants d\u00e9g\u00e2ts mat\u00e9riels\u00bb, indique \u00e0 l&rsquo;AFP le g\u00e9ographe urbaniste et auteur de cette \u00e9tude, Ludovic Faytre. \u00a0<\/p>\n<p>Pour les sp\u00e9cialistes, l\u2019identification des populations les plus vuln\u00e9rables demeure donc un enjeu majeur afin de les sensibiliser au risque d&rsquo;une crue majeure comme celle de la <a href=\"https:\/\/www.cnews.fr\/patrimoine\/2014-10-25\/le-jour-ou-paris-ete-envahie-par-les-eaux-de-la-seine-693691#:~:text=Depuis%20plus%20de%20dix%20jours,du%20pont%20du%20m%C3%AAme%20nom.\" target=\"_blank\" rel=\"nofollow noopener\">Seine en janvier 1910<\/a>.<\/p>\n<p>Paris et la petite couronne particuli\u00e8rement expos\u00e9s<\/p>\n<p>Dans de nombreuses communes franciliennes, le niveau de l\u2019eau avait d\u00e9pass\u00e9 un m\u00e8tre et certains quartiers \u00e9taient rest\u00e9s submerg\u00e9s pendant plusieurs semaines, plongeant ainsi de nombreux quartiers pendant plusieurs semaines.<\/p>\n<p>Plus r\u00e9cemment, la crue de 2016 avait d\u00e9montr\u00e9 la vuln\u00e9rabilit\u00e9 du territoire face aux <a href=\"https:\/\/www.cnews.fr\/inondation\" target=\"_blank\" rel=\"nofollow noopener\">inondations<\/a>, m\u00eame si ses cons\u00e9quences les plus marqu\u00e9es avaient concern\u00e9 la vall\u00e9e du Loing, l\u2019un des principaux affluents du fleuve. Cependant s\u2019il y a bien une zone du territoire francilien particuli\u00e8rement concern\u00e9e par ce risque, il s\u2019agit de Paris et sa proche banlieue, qui regroupent \u00e0 elles seules plus de 70% des habitants potentiellement expos\u00e9s, selon l\u2019\u00e9tude.<\/p>\n<p>Le XVe arrondissement de la capitale appara\u00eet notamment comme le secteur comptant le plus grand nombre de personnes concern\u00e9es, avec pr\u00e8s de 70.000 personnes vivant en zone inondable. Par ailleurs, quinze communes concentrent \u00e0 elles seules 46,4% de la population francilienne menac\u00e9e par une crue majeure. Parmi elles, Alfortville (Val-de-Marne) est proportionnellement la commune la plus vuln\u00e9rable de la r\u00e9gion, avec environ 45.000 habitants concern\u00e9s, devant Asni\u00e8res-sur-Seine, Gennevilliers, Colombes et Cr\u00e9teil.<\/p>\n<p>Une menace pour tous<\/p>\n<p>L\u2019\u00e9tude souligne \u00e9galement qu\u2019en d\u00e9pit des <a href=\"https:\/\/www.drieat.ile-de-france.developpement-durable.gouv.fr\/les-plans-de-prevention-des-risques-d-inondation-a4750.html#:~:text=L&#039;objectif%20premier%20des%20PPRI,la%20hauteur%20d&#039;eau%20importante.\" target=\"_blank\" rel=\"nofollow noopener\">premiers plans de pr\u00e9vention des risques d\u2019inondation (PPRi)<\/a> d\u00e9ploy\u00e9s depuis le d\u00e9but des ann\u00e9es 2000, plus de 100.000 logements ont \u00e9t\u00e9 construits dans des zones inondables. \u00abCes plans ont \u00e9t\u00e9 extr\u00eamement efficaces pour \u00e9viter l\u2019extension de l\u2019urbanisation dans les zones \u00e0 risques. Ils ont un peu moins bien ma\u00eetris\u00e9 la densification\u00bb, rel\u00e8ve Ludovic Faytre.<\/p>\n<p>En cas d\u2019une nouvelle crue centennale, les habitants des logements situ\u00e9s en rez-de-chauss\u00e9e figureraient parmi les premiers concern\u00e9s. Mais les r\u00e9sidents des \u00e9tages sup\u00e9rieurs ne seraient pas \u00e9pargn\u00e9s pour autant et devraient \u00abaussi se sentir concern\u00e9s, car si leurs biens ne sont pas directement impact\u00e9s, ils subiront d&rsquo;autres cons\u00e9quences\u00bb, comme une coupure d&rsquo;\u00e9lectricit\u00e9, souligne l&rsquo;expert.<\/p>\n<p>Selon des projections de l&rsquo;<a href=\"https:\/\/www.apur.org\/fr\" target=\"_blank\" rel=\"nofollow noopener\">Atelier parisien d&rsquo;urbanisme (Apur)<\/a> restitu\u00e9es dans l&rsquo;Atlas de la M\u00e9tropole du Grand Paris, le retour d&rsquo;une crue analogue \u00e0 celle de 1910 au sein du p\u00e9rim\u00e8tre m\u00e9tropolitain (130 communes), inonderait 600.000 personnes, laisserait cinq millions de personnes sans eau potable et un million sans \u00e9lectricit\u00e9.<\/p>\n","protected":false},"excerpt":{"rendered":"Plus d\u2019un million de Franciliens vivent aujourd\u2019hui dans des zones directement expos\u00e9es \u00e0 une crue majeure, selon une&hellip;\n","protected":false},"author":2,"featured_media":970597,"comment_status":"","ping_status":"","sticky":false,"template":"","format":"standard","meta":{"footnotes":"","_share_on_mastodon":"0"},"categories":[1888],"tags":[11,3625,41064,1777,674,1011,27,662,2839,12,626,25],"class_list":["post-970596","post","type-post","status-publish","format-standard","has-post-thumbnail","category-paris","tag-actualites","tag-banlieue","tag-crues","tag-eu","tag-europe","tag-fr","tag-france","tag-ile-de-france","tag-inondations","tag-news","tag-paris","tag-republique-francaise"],"share_on_mastodon":{"url":"https:\/\/pubeurope.com\/@fr\/116674548445092537","error":""},"_links":{"self":[{"href":"https:\/\/www.europesays.com\/fr\/wp-json\/wp\/v2\/posts\/970596","targetHints":{"allow":["GET"]}}],"collection":[{"href":"https:\/\/www.europesays.com\/fr\/wp-json\/wp\/v2\/posts"}],"about":[{"href":"https:\/\/www.europesays.com\/fr\/wp-json\/wp\/v2\/types\/post"}],"author":[{"embeddable":true,"href":"https:\/\/www.europesays.com\/fr\/wp-json\/wp\/v2\/users\/2"}],"replies":[{"embeddable":true,"href":"https:\/\/www.europesays.com\/fr\/wp-json\/wp\/v2\/comments?post=970596"}],"version-history":[{"count":0,"href":"https:\/\/www.europesays.com\/fr\/wp-json\/wp\/v2\/posts\/970596\/revisions"}],"wp:featuredmedia":[{"embeddable":true,"href":"https:\/\/www.europesays.com\/fr\/wp-json\/wp\/v2\/media\/970597"}],"wp:attachment":[{"href":"https:\/\/www.europesays.com\/fr\/wp-json\/wp\/v2\/media?parent=970596"}],"wp:term":[{"taxonomy":"category","embeddable":true,"href":"https:\/\/www.europesays.com\/fr\/wp-json\/wp\/v2\/categories?post=970596"},{"taxonomy":"post_tag","embeddable":true,"href":"https:\/\/www.europesays.com\/fr\/wp-json\/wp\/v2\/tags?post=970596"}],"curies":[{"name":"wp","href":"https:\/\/api.w.org\/{rel}","templated":true}]}}