{"id":971174,"date":"2026-06-01T17:05:27","date_gmt":"2026-06-01T17:05:27","guid":{"rendered":"https:\/\/www.europesays.com\/fr\/971174\/"},"modified":"2026-06-01T17:05:27","modified_gmt":"2026-06-01T17:05:27","slug":"metropole-de-lyon-dans-cette-ville-six-rues-portent-le-meme-nom-de-quoi-rendre-fous-les-gps-et-les-facteurs","status":"publish","type":"post","link":"https:\/\/www.europesays.com\/fr\/971174\/","title":{"rendered":"M\u00e9tropole de Lyon. Dans cette ville, six rues portent le m\u00eame nom\u00a0: de quoi rendre fous les GPS et les facteurs\u00a0?"},"content":{"rendered":"<p>\u00ab\u00a0Rendez-vous pour l\u2019entretien de la voiture, au garage situ\u00e9 boulevard de l\u2019Europe, \u00e0 Oullins-Pierre-B\u00e9nite.\u00a0\u00bb Un rendez-vous a priori simple, m\u00eame si on n\u2019habite pas la ville, surtout quand on est aid\u00e9 par son GPS. Mais depuis la fusion des deux villes en janvier\u00a02024, plusieurs axes de la ville nouvelle doublonnent.<\/p>\n<p>Une subtilit\u00e9 qui peut faire perdre du temps \u00e0 l\u2019automobiliste qui ignore qu\u2019il y a un boulevard de l\u2019Europe \u00e0 Pierre-B\u00e9nite, le mieux identifi\u00e9 car c\u2019est un axe de transit important, et un autre sur les hauteurs d\u2019Oullins, dans le quartier de Montmein. Et voil\u00e0 comment on se retrouve dans un calme quartier r\u00e9sidentiel au pied d\u2019un immeuble plut\u00f4t que dans une art\u00e8re tr\u00e8s fr\u00e9quent\u00e9e avec des commerces, des entreprises et donc, des garages auto.<\/p>\n<p>Si on utilise un syst\u00e8me de navigation\u00a0; mieux vaut \u00eatre appliqu\u00e9 quand on saisit la requ\u00eate\u00a0: pour le Boulevard de l\u2019Europe, Waze envoie \u00e0 Montmein sauf si on pr\u00e9cise&#8230;<\/p>\n","protected":false},"excerpt":{"rendered":"\u00ab\u00a0Rendez-vous pour l\u2019entretien de la voiture, au garage situ\u00e9 boulevard de l\u2019Europe, \u00e0 Oullins-Pierre-B\u00e9nite.\u00a0\u00bb Un rendez-vous a priori&hellip;\n","protected":false},"author":2,"featured_media":971175,"comment_status":"","ping_status":"","sticky":false,"template":"","format":"standard","meta":{"footnotes":"","_share_on_mastodon":"0"},"categories":[1889],"tags":[1111,11,2430,3542,3152,3153,3154,1777,674,107,1011,27,1757,2428,12,15665,15666,25,2429,4604,104],"class_list":["post-971174","post","type-post","status-publish","format-standard","has-post-thumbnail","category-lyon","tag-actu","tag-actualites","tag-auvergne-rhone-alpes","tag-circulation","tag-edition-est-lyonnais","tag-edition-ouest-lyonnais","tag-edition-sud-lyonnais","tag-eu","tag-europe","tag-fil-info","tag-fr","tag-france","tag-insolite","tag-lyon","tag-news","tag-oullins-pierre-benite","tag-oullins-ville","tag-republique-francaise","tag-rhone","tag-selection-abonne","tag-societe"],"share_on_mastodon":{"url":"https:\/\/pubeurope.com\/@fr\/116675944528402907","error":""},"_links":{"self":[{"href":"https:\/\/www.europesays.com\/fr\/wp-json\/wp\/v2\/posts\/971174","targetHints":{"allow":["GET"]}}],"collection":[{"href":"https:\/\/www.europesays.com\/fr\/wp-json\/wp\/v2\/posts"}],"about":[{"href":"https:\/\/www.europesays.com\/fr\/wp-json\/wp\/v2\/types\/post"}],"author":[{"embeddable":true,"href":"https:\/\/www.europesays.com\/fr\/wp-json\/wp\/v2\/users\/2"}],"replies":[{"embeddable":true,"href":"https:\/\/www.europesays.com\/fr\/wp-json\/wp\/v2\/comments?post=971174"}],"version-history":[{"count":0,"href":"https:\/\/www.europesays.com\/fr\/wp-json\/wp\/v2\/posts\/971174\/revisions"}],"wp:featuredmedia":[{"embeddable":true,"href":"https:\/\/www.europesays.com\/fr\/wp-json\/wp\/v2\/media\/971175"}],"wp:attachment":[{"href":"https:\/\/www.europesays.com\/fr\/wp-json\/wp\/v2\/media?parent=971174"}],"wp:term":[{"taxonomy":"category","embeddable":true,"href":"https:\/\/www.europesays.com\/fr\/wp-json\/wp\/v2\/categories?post=971174"},{"taxonomy":"post_tag","embeddable":true,"href":"https:\/\/www.europesays.com\/fr\/wp-json\/wp\/v2\/tags?post=971174"}],"curies":[{"name":"wp","href":"https:\/\/api.w.org\/{rel}","templated":true}]}}