{"id":971627,"date":"2026-06-01T22:09:26","date_gmt":"2026-06-01T22:09:26","guid":{"rendered":"https:\/\/www.europesays.com\/fr\/971627\/"},"modified":"2026-06-01T22:09:26","modified_gmt":"2026-06-01T22:09:26","slug":"jo-2030-pour-renaud-muselier-leviction-de-nice-de-la-carte-olympique-est-un-gachis-immense","status":"publish","type":"post","link":"https:\/\/www.europesays.com\/fr\/971627\/","title":{"rendered":"JO-2030 : pour Renaud Muselier, l&rsquo;\u00e9viction de Nice de la carte olympique est \u00ab\u00a0un g\u00e2chis immense\u00a0\u00bb"},"content":{"rendered":"<p>\u00ab\u00a0Les faits, rien que les faits.\u00a0\u00bb Telle \u00e9tait la promesse de Renaud Muselier ce lundi matin \u00e0 l\u2019H\u00f4tel de R\u00e9gion \u00e0 Marseille au moment de faire l\u2019autopsie d'\u00a0\u00bbun immense g\u00e2chis\u00a0\u00bb. <a href=\"https:\/\/www.laprovence.com\/article\/sports\/947153651625914\/jo-2030-vers-un-regroupement-des-epreuves-de-glace-a-lyon-au-detriment-de-nice\" target=\"_blank\" rel=\"nofollow noopener\">Celui de l\u2019\u00e9viction du p\u00f4le ni\u00e7ois<\/a> face au refus d\u2019\u00c9ric Ciotti (UDR), maire \u00e9lu fin mars, de mettre \u00e0 la disposition des Jeux l\u2019Allianz Riviera pour les tournois de hockey sur glace et \u00e0 l\u2019impossibilit\u00e9 de dissocier les \u00e9preuves de glace entre plusieurs villes. R\u00e9sultat des courses, les instances sportives ont siffl\u00e9 la fin de la r\u00e9cr\u00e9ation, le Sud a perdu ces sports au profit de Lyon tout comme tr\u00e8s probablement la c\u00e9r\u00e9monie de cl\u00f4ture.<\/p>\n<p>\u00ab\u00a0Nice perd le c\u0153ur battant des JO 2030\u00a0\u00bb, a r\u00e9sum\u00e9 le pr\u00e9sident de R\u00e9gion, estimant des pertes entre \u00ab\u00a0800\u00a0millions et 1,5\u00a0milliard d\u2019euros d\u2019investissement\u00a0\u00bb et entre \u00ab\u00a0180 et 280\u00a0millions d\u2019euros de retomb\u00e9es touristiques\u00a0\u00bb.\u00a0<a href=\"https:\/\/www.laprovence.com\/article\/politique\/8896930088954614\/jo-2030-apres-l-eviction-du-pole-nicois-l-heure-du-reglement-de-comptes-entre-muselier-et-ciotti\" target=\"_blank\" rel=\"nofollow noopener\">Alors, \u00e0 qui la faute\u00a0?<\/a> Pour Renaud Muselier (Ren.), celle-ci revient \u00e0 son adversaire, devant son ent\u00eatement \u00e0 ne pas vouloir c\u00e9der sur la question du stade. \u00ab\u00a0Il ne veut pas le faire, c\u2019est son choix, je le respecte, mais il perd les Jeux. Qu\u2019il ait le courage de l\u2019assumer au lieu de vouloir rejeter la faute sur les autres.\u00a0\u00bb <a href=\"https:\/\/www.laprovence.com\/article\/sports\/183063978249315\/jo-2030-la-ministre-des-sports-refute-toute-politisation-apres-le-transfert-des-epreuves-de-glace-de-nice-a-lyon\" target=\"_blank\" rel=\"nofollow noopener\">\u00c9ric Ciotti, lui, a d\u00e9plac\u00e9 la question sur le terrain politique,<\/a> accusant \u00ab\u00a0des puissances d\u2019argent qui ont voulu autre chose\u00a0\u00bb.<\/p>\n<p>\u00ab\u00a0Cette d\u00e9cision est honteuse, scandaleuse, politicienne. On a pr\u00e9f\u00e9r\u00e9 une ville d\u2019extr\u00eame gauche \u00e0 Nice pour sanctionner les Ni\u00e7ois\u00a0\u00bb, a-t-il avanc\u00e9, soutenu par ailleurs par <a href=\"https:\/\/www.laprovence.com\/article\/politique\/1829361879715915\/violences-apres-la-victoire-du-psg-jordan-bardella-alerte-sur-des-scenes-de-guerre-civile\" target=\"_blank\" rel=\"nofollow noopener\">le pr\u00e9sident du Rassemblement national Jordan Bardella<\/a> dans cette th\u00e9orie. Le potentiel candidat \u00e0 la prochaine pr\u00e9sidentielle avait ainsi pos\u00e9 cette question sur X\u00a0: \u00ab\u00a0Cette d\u00e9cision est-elle r\u00e9ellement guid\u00e9e par l\u2019int\u00e9r\u00eat g\u00e9n\u00e9ral, ou constitue-t-elle une sanction politique apr\u00e8s l\u2019\u00e9lection d\u2019\u00c9ric Ciotti \u00e0 la mairie de Nice\u00a0?\u00a0\u00bb Il n&rsquo;en fallait pas plus pour allumer la m\u00e8che.<\/p>\n<p>\u00ab\u00a0On a mis cinq ans \u00e0 construire ce dossier, monsieur Ciotti l\u2019a d\u00e9truit en deux mois\u00a0\u00bb<\/p>\n<p>\u00ab\u00a0Je veux maintenant d\u00e9construire une petite musique que j\u2019entends monter. Personne n\u2019a abandonn\u00e9 Nice par confort ou punition. Personne n\u2019a d\u00e9cid\u00e9 depuis Paris, depuis Lausanne, depuis Marseille ou Lyon, de retirer les \u00e9preuves \u00e0 Nice sans chercher de solution\u00a0\u00bb, <a href=\"https:\/\/www.laprovence.com\/article\/politique\/57476649111414\/se-battre-sur-le-bon-champ-de-bataille-pourquoi-renaud-muselier-va-quitter-la-presidence-de-la-region-pour-le-senat\" target=\"_blank\" rel=\"nofollow noopener\">a soutenu Renaud Muselier,<\/a> tout en tan\u00e7ant l\u2019\u00e9dile au fil de sa prise de parole.<\/p>\n<p>\u00ab\u00a0On a mis cinq ans \u00e0 construire ce dossier, monsieur Ciotti l\u2019a d\u00e9truit en deux mois\u00a0\u00bb, a-t-il r\u00e9sum\u00e9, avant de l\u00e2cher\u00a0: \u00ab\u00a0Il ne sait pas de quoi il parle depuis le d\u00e9but.\u00a0\u00bb Il a \u00e9galement profit\u00e9 de l\u2019occasion pour r\u00e9pondre \u00e0 Jordan Bardella et le RN. \u00ab\u00a0Ils n\u2019aiment pas les Jeux, c\u2019est leur probl\u00e8me, mais je pense que, quand on est candidat \u00e0 la pr\u00e9sidence, on doit avoir un esprit de rassemblement.\u00a0\u00bb <a href=\"https:\/\/www.laprovence.com\/article\/sports\/33582609212372\/jo-2030-lelection-d-eric-ciotti-a-nice-pose-un-reel-probleme-selon-renaud-muselier-qui-envisage-un-plan-b\" target=\"_blank\" rel=\"nofollow noopener\">Ce ne sera pas \u00e0 travers les Jeux \u00e0 Nice,<\/a> qui voit l\u00e0 une occasion unique s\u2019\u00e9chapper. \u00ab\u00a0La d\u00e9ception est immense car l\u2019histoire olympique ne repasse jamais deux fois\u00a0\u00bb, a conclu Renaud Muselier dans le regret.<\/p>\n","protected":false},"excerpt":{"rendered":"\u00ab\u00a0Les faits, rien que les faits.\u00a0\u00bb Telle \u00e9tait la promesse de Renaud Muselier ce lundi matin \u00e0 l\u2019H\u00f4tel&hellip;\n","protected":false},"author":2,"featured_media":971628,"comment_status":"","ping_status":"","sticky":false,"template":"","format":"standard","meta":{"footnotes":"","_share_on_mastodon":"0"},"categories":[2819],"tags":[5734,1111,11,11617,1777,674,1011,27,70509,102402,22548,12,2401,471,882,1628,25,60],"class_list":["post-971627","post","type-post","status-publish","format-standard","has-post-thumbnail","category-nice","tag-5734","tag-actu","tag-actualites","tag-carte","tag-eu","tag-europe","tag-fr","tag-france","tag-jo-2030","tag-leviction","tag-muselier","tag-news","tag-nice","tag-pour","tag-provence-alpes-cote-dazur","tag-renaud","tag-republique-francaise","tag-sports"],"share_on_mastodon":{"url":"https:\/\/pubeurope.com\/@fr\/116677140307804555","error":""},"_links":{"self":[{"href":"https:\/\/www.europesays.com\/fr\/wp-json\/wp\/v2\/posts\/971627","targetHints":{"allow":["GET"]}}],"collection":[{"href":"https:\/\/www.europesays.com\/fr\/wp-json\/wp\/v2\/posts"}],"about":[{"href":"https:\/\/www.europesays.com\/fr\/wp-json\/wp\/v2\/types\/post"}],"author":[{"embeddable":true,"href":"https:\/\/www.europesays.com\/fr\/wp-json\/wp\/v2\/users\/2"}],"replies":[{"embeddable":true,"href":"https:\/\/www.europesays.com\/fr\/wp-json\/wp\/v2\/comments?post=971627"}],"version-history":[{"count":0,"href":"https:\/\/www.europesays.com\/fr\/wp-json\/wp\/v2\/posts\/971627\/revisions"}],"wp:featuredmedia":[{"embeddable":true,"href":"https:\/\/www.europesays.com\/fr\/wp-json\/wp\/v2\/media\/971628"}],"wp:attachment":[{"href":"https:\/\/www.europesays.com\/fr\/wp-json\/wp\/v2\/media?parent=971627"}],"wp:term":[{"taxonomy":"category","embeddable":true,"href":"https:\/\/www.europesays.com\/fr\/wp-json\/wp\/v2\/categories?post=971627"},{"taxonomy":"post_tag","embeddable":true,"href":"https:\/\/www.europesays.com\/fr\/wp-json\/wp\/v2\/tags?post=971627"}],"curies":[{"name":"wp","href":"https:\/\/api.w.org\/{rel}","templated":true}]}}