{"id":97164,"date":"2025-05-13T15:53:14","date_gmt":"2025-05-13T15:53:14","guid":{"rendered":"https:\/\/www.europesays.com\/fr\/97164\/"},"modified":"2025-05-13T15:53:14","modified_gmt":"2025-05-13T15:53:14","slug":"une-nouvelle-tentative-denlevement-en-lien-avec-la-cryptomonnaie-a-paris-liberation","status":"publish","type":"post","link":"https:\/\/www.europesays.com\/fr\/97164\/","title":{"rendered":"une nouvelle tentative d\u2019enl\u00e8vement en lien avec la cryptomonnaie \u00e0 Paris \u2013 Lib\u00e9ration"},"content":{"rendered":"<p class=\"sc-ksZaOG ehjQrN text-element\">C\u2019est la cinqui\u00e8me fois depuis le d\u00e9but de l\u2019ann\u00e9e <a href=\"https:\/\/www.liberation.fr\/societe\/police-justice\/le-pere-dun-riche-entrepreneur-de-la-cryptomonnaie-kidnappe-en-plein-paris-puis-sequestre-deux-jours-pour-une-rancon-20250504_4CURAG5KUZGHBFDP6RF6CSYTZA\/\" target=\"_blank\" rel=\"noreferrer nofollow noopener\" title=\"https:\/\/www.liberation.fr\/societe\/police-justice\/le-pere-dun-riche-entrepreneur-de-la-cryptomonnaie-kidnappe-en-plein-paris-puis-sequestre-deux-jours-pour-une-rancon-20250504_4CURAG5KUZGHBFDP6RF6CSYTZA\/\">qu\u2019un d\u00e9tenteur de cryptomonnaie ou ses proches<\/a> sont pris pour cible. Ce mardi 13 mai dans la matin\u00e9e, une femme et son enfant ont \u00e9chapp\u00e9 \u00e0 une tentative d\u2019enl\u00e8vement dans le XIe arrondissement de Paris, a appris Lib\u00e9ration, confirmant une information du <a href=\"https:\/\/www.leparisien.fr\/faits-divers\/paris-des-proches-dun-patron-dune-societe-de-cryptomonnaie-echappent-a-un-enlevement-en-pleine-rue-13-05-2025-XAVCRDAHFBAY5KZDI6SC3KFBGY.php\" target=\"_blank\" rel=\"noreferrer nofollow noopener\" title=\"https:\/\/www.leparisien.fr\/faits-divers\/paris-des-proches-dun-patron-dune-societe-de-cryptomonnaie-echappent-a-un-enlevement-en-pleine-rue-13-05-2025-XAVCRDAHFBAY5KZDI6SC3KFBGY.php\">Parisien<\/a>. Selon une source polici\u00e8re, elle \u00e9tait alors accompagn\u00e9e par son compagnon et serait la fille d\u2019un PDG d\u2019une soci\u00e9t\u00e9 de cryptomonnaie. Contact\u00e9, le parquet de Paris n\u2019a pas encore r\u00e9pondu.<\/p>\n","protected":false},"excerpt":{"rendered":"C\u2019est la cinqui\u00e8me fois depuis le d\u00e9but de l\u2019ann\u00e9e qu\u2019un d\u00e9tenteur de cryptomonnaie ou ses proches sont pris&hellip;\n","protected":false},"author":2,"featured_media":97165,"comment_status":"","ping_status":"","sticky":false,"template":"","format":"standard","meta":{"footnotes":""},"categories":[1888],"tags":[1111,1928,11,1927,5392,1777,674,118,1011,27,12,1926,626,1925,25],"class_list":{"0":"post-97164","1":"post","2":"type-post","3":"status-publish","4":"format-standard","5":"has-post-thumbnail","7":"category-paris","8":"tag-actu","9":"tag-actu-paris","10":"tag-actualites","11":"tag-actualites-paris","12":"tag-cryptomonnaies","13":"tag-eu","14":"tag-europe","15":"tag-faits-divers","16":"tag-fr","17":"tag-france","18":"tag-news","19":"tag-news-paris","20":"tag-paris","21":"tag-paris-news","22":"tag-republique-francaise"},"share_on_mastodon":{"url":"https:\/\/pubeurope.com\/@fr\/114501334054425029","error":""},"_links":{"self":[{"href":"https:\/\/www.europesays.com\/fr\/wp-json\/wp\/v2\/posts\/97164","targetHints":{"allow":["GET"]}}],"collection":[{"href":"https:\/\/www.europesays.com\/fr\/wp-json\/wp\/v2\/posts"}],"about":[{"href":"https:\/\/www.europesays.com\/fr\/wp-json\/wp\/v2\/types\/post"}],"author":[{"embeddable":true,"href":"https:\/\/www.europesays.com\/fr\/wp-json\/wp\/v2\/users\/2"}],"replies":[{"embeddable":true,"href":"https:\/\/www.europesays.com\/fr\/wp-json\/wp\/v2\/comments?post=97164"}],"version-history":[{"count":0,"href":"https:\/\/www.europesays.com\/fr\/wp-json\/wp\/v2\/posts\/97164\/revisions"}],"wp:featuredmedia":[{"embeddable":true,"href":"https:\/\/www.europesays.com\/fr\/wp-json\/wp\/v2\/media\/97165"}],"wp:attachment":[{"href":"https:\/\/www.europesays.com\/fr\/wp-json\/wp\/v2\/media?parent=97164"}],"wp:term":[{"taxonomy":"category","embeddable":true,"href":"https:\/\/www.europesays.com\/fr\/wp-json\/wp\/v2\/categories?post=97164"},{"taxonomy":"post_tag","embeddable":true,"href":"https:\/\/www.europesays.com\/fr\/wp-json\/wp\/v2\/tags?post=97164"}],"curies":[{"name":"wp","href":"https:\/\/api.w.org\/{rel}","templated":true}]}}