{"id":972003,"date":"2026-06-02T02:28:25","date_gmt":"2026-06-02T02:28:25","guid":{"rendered":"https:\/\/www.europesays.com\/fr\/972003\/"},"modified":"2026-06-02T02:28:25","modified_gmt":"2026-06-02T02:28:25","slug":"chypre-exige-du-royaume-uni-des-garanties-contre-lutilisation-offensive-de-ses-bases-par-crainte-de-nigel-farage-business-am","status":"publish","type":"post","link":"https:\/\/www.europesays.com\/fr\/972003\/","title":{"rendered":"Chypre exige du Royaume-Uni des garanties contre l&rsquo;utilisation offensive de ses bases, par crainte de Nigel Farage &#8211; Business AM"},"content":{"rendered":"<p>                    <img decoding=\"async\" style=\"aspect-ratio:16\/9\" src=\"https:\/\/www.europesays.com\/fr\/wp-content\/uploads\/2026\/06\/Nigel-Farage-1.jpg\" width=\"100%\" loading=\"eager\"\/><\/p>\n<p>                            <a href=\"https:\/\/fr.businessam.be\/author\/redactie\/\" class=\"author-thumbnail\" style=\"border: 2px inset #00000099;\" rel=\"nofollow noopener\" target=\"_blank\"><img loading=\"lazy\" decoding=\"async\" src=\"https:\/\/www.europesays.com\/fr\/wp-content\/uploads\/2026\/06\/cropped-favicon-192x192.png\" width=\"80\" height=\"80\" alt=\"Business AM\"\/><\/a>\ue05bpar <a href=\"https:\/\/fr.businessam.be\/author\/redactie\/\" rel=\"nofollow noopener\" target=\"_blank\">Business AM<\/a><br \/>\ue010publi\u00e9 le lundi 01 juin 2026 \u00e0 21:17 \u2022 <br \/>\ue00c4 min de lecture<\/p>\n<p>Principaux renseignements<\/p>\n<ul class=\"wp-block-list\">\n<li><strong>Chypre exige des garanties formelles pour emp\u00eacher les bases britanniques de lancer des frappes offensives au Moyen-Orient.<\/strong><\/li>\n<li><strong>Les changements politiques en Grande-Bretagne font craindre que les futurs dirigeants ne tiennent pas compte des restrictions d\u00e9fensives actuelles.<\/strong><\/li>\n<li><strong>Les conflits de souverainet\u00e9 s\u2019intensifient alors que Nicosie conteste le statut colonial des territoires militaires.<\/strong><\/li>\n<\/ul>\n<p>Le gouvernement chypriote cherche \u00e0 obtenir des assurances formelles de la part du Royaume-Uni. C\u2019est pour emp\u00eacher l\u2019utilisation unilat\u00e9rale des installations militaires britanniques situ\u00e9es sur son sol pour mener des op\u00e9rations offensives au Moyen-Orient. <a href=\"https:\/\/www.politico.eu\/article\/cyprus-seeks-nigel-farage-proof-uk-military-bases\/\" rel=\"nofollow noopener\" target=\"_blank\">Politico<\/a> rapporte \u00e7a. Nicosie craint particuli\u00e8rement qu\u2019un \u00e9ventuel changement \u00e0 la t\u00eate du Royaume-Uni ne conduise \u00e0 l\u2019utilisation de ces bases pour des frappes en temps de guerre. Il s\u2019agit de la mont\u00e9e en puissance de <a href=\"https:\/\/fr.businessam.be\/nigel-farage-prevoit-quil-sera-premier-ministre-du-royaume-uni-en-2027\/\" rel=\"nofollow noopener\" target=\"_blank\">Nigel Farage<\/a> et de son parti Reform UK<\/p>\n<p>Inqui\u00e9tudes concernant la future direction<\/p>\n<p>Le Premier ministre Keir Starmer avait auparavant restreint l\u2019utilisation de ces sites pour des attaques offensives contre l\u2019Iran. En plus, il ne les autorisait qu\u2019\u00e0 des fins d\u00e9fensives limit\u00e9es. Les responsables chypriotes craignent qu\u2019un futur gouvernement ne revienne sur cette position. Un diplomate chypriote de haut rang a indiqu\u00e9 que Chypre a l\u2019intention de faire pression pour obtenir des garanties concr\u00e8tes. C\u2019est pour s\u2019assurer que les bases ne puissent pas \u00eatre utilis\u00e9es \u00e0 des fins d\u2019agression sans contr\u00f4le. \u00c7a passera seulement d\u00e8s que les hostilit\u00e9s actuelles impliquant l\u2019Iran se seront apais\u00e9es,<\/p>\n<p>Cette tension trouve son origine dans un accord historique datant de 1960. Chypre a obtenu son ind\u00e9pendance, mais le Royaume-Uni a conserv\u00e9 sa souverainet\u00e9 sur les bases d\u2019Akrotiri et de Dhekelia. Ce statut \u00ab colonial \u00bb est devenu un point de friction \u00e0 la suite d\u2019une frappe de drone en mars contre la base de la RAF \u00e0 Akrotiri. Chypre a critiqu\u00e9 le gouvernement britannique pour son manque de transparence concernant le r\u00f4le de la base dans le conflit et pour ne pas avoir averti les citoyens locaux. Cet incident a incit\u00e9 le pr\u00e9sident Nikos Christodoulides \u00e0 exiger un dialogue sur l\u2019avenir de ces territoires.<\/p>\n<p>Litiges juridiques<\/p>\n<p>D\u2019un point de vue juridique, des experts tels que Marc Weller de Chatham House, l\u2019instabilit\u00e9 r\u00e9cente donne \u00e0 Chypre un moyen de pression pour contester l\u2019\u00e9tendue de cette autorit\u00e9. \u00c0 l\u2019inverse, Reform UK est rest\u00e9 ferme. Le parti affirme que l\u2019importance strat\u00e9gique des bases est primordiale et que le Royaume-Uni poss\u00e8de le droit souverain d\u2019en d\u00e9terminer l\u2019utilisation. Farage a exprim\u00e9 le souhait d\u2019\u00e9viter des implications \u00e9trang\u00e8res inutiles. La position officielle de son parti s\u2019aligne sur celle du gouvernement travailliste actuel : le statut juridique des bases n\u2019est pas n\u00e9gociable.<\/p>\n<p>Coop\u00e9ration sans changement de trait\u00e9s<\/p>\n<p>Le gouvernement britannique a manifest\u00e9 sa volont\u00e9 de renforcer la coop\u00e9ration en mati\u00e8re de s\u00e9curit\u00e9. Cependant, il refuse de ren\u00e9gocier les trait\u00e9s r\u00e9gissant les bases. Les responsables soulignent que le Royaume-Uni doit conserver un acc\u00e8s sans entrave \u00e0 ses territoires. En r\u00e9ponse aux menaces r\u00e9centes, le minist\u00e8re de la D\u00e9fense a renforc\u00e9 sa pr\u00e9sence \u00e0 Chypre, d\u00e9ployant des radars suppl\u00e9mentaires, des technologies anti-drones et des moyens navals pour prot\u00e9ger les int\u00e9r\u00eats et le personnel britanniques.<\/p>\n<p><a href=\"https:\/\/news.google.com\/publications\/CAowtseUCw?hl=fr&amp;gl=BE&amp;ceid=BE%3Afr\" target=\"_blank\" rel=\"nofollow noopener\">Suivez \u00e9galement Business AM sur Google Actualit\u00e9s<\/a><\/p>\n<p><a href=\"https:\/\/portalfr.businessam.be\/plans\/business-am-fr-offre-dete\/\" target=\"_blank\" rel=\"nofollow noopener\">Si vous souhaitez acc\u00e9der \u00e0 tous les articles, abonnez-vous ici !<\/a><\/p>\n<p><a href=\"https:\/\/www.google.com\/preferences\/source?q=fr.businessam.be\" target=\"_blank\" rel=\"noopener noreferrer nofollow\" class=\"google-preferred-badge\"><br \/>\n    <img decoding=\"async\" src=\"https:\/\/www.europesays.com\/fr\/wp-content\/uploads\/2026\/05\/google_preferred_source_badge_dark_BAM_fr.png\" alt=\"Ajoutez fr.businessam.be en tant que source pr\u00e9f\u00e9r\u00e9e sur Google\" style=\"max-width: 50%; height: auto; border: 0; display: block; margin: 30px 0;\"\/><br \/>\n<\/a><\/p>\n","protected":false},"excerpt":{"rendered":"\ue05bpar Business AM\ue010publi\u00e9 le lundi 01 juin 2026 \u00e0 21:17 \u2022 \ue00c4 min de lecture Principaux renseignements Chypre&hellip;\n","protected":false},"author":2,"featured_media":972004,"comment_status":"","ping_status":"","sticky":false,"template":"","format":"standard","meta":{"footnotes":"","_share_on_mastodon":"0"},"categories":[1588],"tags":[11,16996,1777,674,12,10669,473,1853,1851,1850,1852],"class_list":["post-972003","post","type-post","status-publish","format-standard","has-post-thumbnail","category-royaume-uni","tag-actualites","tag-chypre","tag-eu","tag-europe","tag-news","tag-nigel-farage","tag-royaume-uni","tag-royaume-uni-de-grande-bretagne-et-dirlande-du-nord","tag-uk","tag-united-kingdom","tag-united-kingdom-of-great-britain-and-northern-ireland"],"share_on_mastodon":{"url":"https:\/\/pubeurope.com\/@fr\/116678158494896189","error":""},"_links":{"self":[{"href":"https:\/\/www.europesays.com\/fr\/wp-json\/wp\/v2\/posts\/972003","targetHints":{"allow":["GET"]}}],"collection":[{"href":"https:\/\/www.europesays.com\/fr\/wp-json\/wp\/v2\/posts"}],"about":[{"href":"https:\/\/www.europesays.com\/fr\/wp-json\/wp\/v2\/types\/post"}],"author":[{"embeddable":true,"href":"https:\/\/www.europesays.com\/fr\/wp-json\/wp\/v2\/users\/2"}],"replies":[{"embeddable":true,"href":"https:\/\/www.europesays.com\/fr\/wp-json\/wp\/v2\/comments?post=972003"}],"version-history":[{"count":0,"href":"https:\/\/www.europesays.com\/fr\/wp-json\/wp\/v2\/posts\/972003\/revisions"}],"wp:featuredmedia":[{"embeddable":true,"href":"https:\/\/www.europesays.com\/fr\/wp-json\/wp\/v2\/media\/972004"}],"wp:attachment":[{"href":"https:\/\/www.europesays.com\/fr\/wp-json\/wp\/v2\/media?parent=972003"}],"wp:term":[{"taxonomy":"category","embeddable":true,"href":"https:\/\/www.europesays.com\/fr\/wp-json\/wp\/v2\/categories?post=972003"},{"taxonomy":"post_tag","embeddable":true,"href":"https:\/\/www.europesays.com\/fr\/wp-json\/wp\/v2\/tags?post=972003"}],"curies":[{"name":"wp","href":"https:\/\/api.w.org\/{rel}","templated":true}]}}